{"id":65226,"date":"2023-11-05T14:22:30","date_gmt":"2023-11-05T12:22:30","guid":{"rendered":"https:\/\/tautastribunals.eu\/?p=65226"},"modified":"2023-11-05T14:35:38","modified_gmt":"2023-11-05T12:35:38","slug":"zid-komunistu-parvaldita-riga-atgust-savu-padomju-laiku-krievu-smirdonu","status":"publish","type":"post","link":"https:\/\/tautastribunals.eu\/?p=65226","title":{"rendered":"Okupantu- komunistu p\u0101rvald\u012bt\u0101 R\u012bga atg\u016bst savu padomju laiku krievu smirdo\u0146u"},"content":{"rendered":"\n<figure class=\"wp-block-image size-large is-resized\"><img decoding=\"async\" loading=\"lazy\" src=\"https:\/\/tautastribunals.eu\/wp-content\/uploads\/2023\/01\/H-86.Grantins.LRTT_-800x115.png\" alt=\"\" class=\"wp-image-63496\" width=\"1450\" height=\"208\" srcset=\"https:\/\/tautastribunals.eu\/wp-content\/uploads\/2023\/01\/H-86.Grantins.LRTT_-800x115.png 800w, https:\/\/tautastribunals.eu\/wp-content\/uploads\/2023\/01\/H-86.Grantins.LRTT_-300x43.png 300w, https:\/\/tautastribunals.eu\/wp-content\/uploads\/2023\/01\/H-86.Grantins.LRTT_-768x110.png 768w, https:\/\/tautastribunals.eu\/wp-content\/uploads\/2023\/01\/H-86.Grantins.LRTT_.png 1086w\" sizes=\"(max-width: 1450px) 100vw, 1450px\" \/><\/figure>\n\n\n\n<p><\/p>\n\n\n\n<p class=\"has-white-color has-text-color has-background\" style=\"background-color:#974646;font-size:25px\">R\u012bga, Eiropas m\u0113slaine (noskaties video)!<\/p>\n\n\n\n<p class=\"has-black-color has-text-color has-background\" style=\"background-color:#7bdbb540\">Sav\u0101d\u0101k jau ar\u012b nevar\u0113ja notikt. Tur, kur pie teik\u0161anas ir krievi<em>(kriev\u017e\u012bdi- haz\u0101ri)<\/em>, sav\u0101d\u0101k jau nemaz nevar b\u016bt.<strong> Cionismu<\/strong> rad\u012bja ne jau <strong>sem\u012btiskie ebreji<\/strong>, bet gan <strong>kriev\u017e\u012bdiskie- haz\u0101ri<\/strong>. Tie, kuri kaut cik ir sm\u0113lu\u0161i inform\u0101ciju par seno<strong> Haz\u0101riju<\/strong>, saprot, ka viss tas, kas notiek tur, kur vi\u0146i<em>(vi\u0146u p\u0113cte\u010di)<\/em> ir pie varas, <strong>izn\u012bc\u012bba<\/strong> un<strong> piedirst\u012bba<\/strong> ir <strong>LIKUMSAKAR\u012aBA<\/strong> ! Vi\u0146i ir slepkavu \u0123en\u0113tiskie p\u0113cn\u0101c\u0113ji- cilv\u0113ces \u0123en\u0113tiskais atkritums ! <strong>Komunisti<\/strong> un <strong>\u010dekisti<\/strong> ir vi\u0146u<strong> avangards<\/strong> ! <strong>Komunisti<\/strong>, <strong>\u010dekisti<\/strong> un <strong>krievi<\/strong><em>(haz\u0101riskie kriev\u017e\u012bdi)<\/em>, sav\u0101 <strong>GAR\u012aGAJ\u0100 B\u016aT\u012aB\u0100<\/strong> nav pieskait\u0101mi cilv\u0113ku rasei ! Vi\u0146i ir paraz\u012btiski izdzimumi, kuri, <strong>K\u0100 M\u0112S \u0160ODIEN K\u0100RT\u0112JO RAIZI P\u0100RLIECIN\u0100MIES <\/strong>ar notikumiem<strong> Ukrain\u0101,<\/strong> ir fiziski izn\u012bcin\u0101mi. <\/p>\n\n\n\n<figure class=\"wp-block-image size-full is-resized\"><img decoding=\"async\" loading=\"lazy\" src=\"https:\/\/tautastribunals.eu\/wp-content\/uploads\/2021\/10\/Levs-Tolstojs.jpg\" alt=\"\" class=\"wp-image-60955\" width=\"1450\" height=\"352\" srcset=\"https:\/\/tautastribunals.eu\/wp-content\/uploads\/2021\/10\/Levs-Tolstojs.jpg 762w, https:\/\/tautastribunals.eu\/wp-content\/uploads\/2021\/10\/Levs-Tolstojs-300x73.jpg 300w\" sizes=\"(max-width: 1450px) 100vw, 1450px\" \/><\/figure>\n\n\n\n<p class=\"has-black-color has-text-color has-background\" style=\"background-color:#7bdbb540\">\u0160eit sac\u012btais par \u0161iem m\u0113sliem nav nek\u0101da dusmu izpausme pret vi\u0146iem, bet dabiska nepiecie\u0161am\u012bba, t\u0101da pat nepiecie\u0161am\u012bb\u0101, ka nez\u0101\u013cu izn\u012bcin\u0101\u0161ana kult\u016braugu lauk\u0101 ! <\/p>\n\n\n\n<p class=\"has-black-color has-text-color has-background\" style=\"background-color:#7bdbb540\"><strong>Latvij\u0101<\/strong> p\u0113c<strong>Atmodas<\/strong> laik\u0101 pie varas palika <strong>visreakcion\u0101r\u0101k\u0101 okupantu un kolaboracionistu varza <\/strong>! M\u016bsu kaimi\u0146i- <strong>igau\u0146i<\/strong> un <strong>lietuvie\u0161i,<\/strong> no \u0161iem m\u0113sliem atbr\u012bvoj\u0101s un t\u0101p\u0113c vi\u0146u valstis, sal\u012bdzinot ar <strong>Latviju,<\/strong> ir k\u0101<strong> \u0112denes d\u0101rzi pret  smirdo\u0161u c\u016bku aploku.<\/strong> <\/p>\n\n\n\n<p class=\"has-black-color has-text-color has-background\" style=\"background-color:#7bdbb540\">Jau sen \u0161aj\u0101 vietn\u0113 rakst\u012bju, k\u0101da izskat\u0101s<strong><a href=\"https:\/\/tautastribunals.eu\/?p=64239\"> Liep\u0101ja<\/a><\/strong><em>(k\u0101 m\u0113slu bedre),<\/em> kuru p\u0101rvalda haz\u0101r\u017e\u012bdiskie izdzimumi ar <strong>&#8220;m\u016b\u017e\u012bgo&#8221; Sesku<\/strong><em>(slepkavu un laup\u012bt\u0101ju)<\/em> priek\u0161gal\u0101. Visa <strong>Liep\u0101jas Dome <\/strong>ir viens vien\u012bgs izdzimte\u0146u- paraz\u012btu bars ! \u0160eit j\u016bs redzat s\u0101taniski debilo haz\u0101rizdzimte\u0146u visat\u013caut\u012bbu- <a href=\"https:\/\/tautastribunals.eu\/?p=27837\">atver<\/a>. K\u0101m\u0113r komunisti un \u010dekisti neb\u016bs izn\u012bcin\u0101ti, nekas nemain\u012bsies !<\/p>\n\n\n\n<p class=\"has-black-color has-text-color has-background\" style=\"background-color:#7bdbb53b\">Kas tad <strong>R\u012bgu <\/strong>visus p\u0113d\u0113jos gadu desmitus p\u0101rvald\u012bja ? Vai tie nebija kriev\u017e\u012bdi <strong>U\u0161akovs<\/strong> un<strong> Urbanovi\u010ds <\/strong>? Gan <strong>U\u0161akovs<\/strong>, gan <strong>Urbanovi\u010d\u0161<\/strong> ar slepkavas <strong>A. Borovkova<\/strong> pal\u012bdz\u012bbu necent\u0101s <strong>L. Granti\u0146u<\/strong> izdab\u016bt no <strong>V\u0101cijas <\/strong>ties\u0101\u0161anai ? Visi tr\u012bs ir slepkavas un k\u0101 t\u0101di reiz tiks ties\u0101ti un pak\u0101rti ! Un, k\u0101da kosmiska sagad\u012b\u0161an\u0101s, ka tik pat k\u0101 visi prezidenti un ministru prezidenti ir miljon\u0101ri !!! Un, vai visliel\u0101kie paraz\u012bti un krimin\u0101lelementi nep\u0101rst\u0101v <strong>Latviju ES <\/strong>! Tie\u0161i t\u0101di m\u0113sli cionistu bandai ir vajadz\u012bgi, jo ar vi\u0146iem var manipul\u0113t<em>(ja nedar\u012bsi k\u0101 liks, tad ce\u013c\u0161 pa tie\u0161o aiz rest\u0113m)<\/em> ! Noteikti pien\u0101ks diena, kad<strong> ES cionistu bandai <\/strong>vajadz\u0113s atbild\u0113t par veikto <strong>genoc\u012bdu pret latvie\u0161u tautu <\/strong>! N\u0101vi cionistiem un okupantiem !<\/p>\n\n\n\n<p class=\"has-text-align-center has-white-color has-black-background-color has-text-color has-background\" style=\"font-size:25px\">Un ,kas tad \u0161odien atkal pie teik\u0161anas, ja ne tie pa\u0161i slepkavas un laup\u012bt\u0101ji ?! Visi Latvijas bendes, kuriem vieta kar\u0101tav\u0101s- vienk\u0101r\u0161i krop\u013ci- cilv\u0113ces \u0123en\u0113tiskie atkritumi !<\/p>\n\n\n\n<p class=\"has-text-align-center has-white-color has-text-color has-background\" style=\"background-color:#782525;font-size:22px\">\u0160ie s\u016bdi, da\u013c\u0113ja cilv\u0113ka izskat\u0101, bez &#8220;sinagogas&#8221; apstiprin\u0101juma var\u0113tu str\u0101d\u0101t tikai par c\u016bkganiem !<\/p>\n\n\n\n<figure class=\"wp-block-image size-large is-resized\"><img decoding=\"async\" loading=\"lazy\" src=\"https:\/\/tautastribunals.eu\/wp-content\/uploads\/2023\/11\/Ministru-kabinets-389x800.png\" alt=\"\" class=\"wp-image-65229\" width=\"694\" height=\"1427\" srcset=\"https:\/\/tautastribunals.eu\/wp-content\/uploads\/2023\/11\/Ministru-kabinets-389x800.png 389w, https:\/\/tautastribunals.eu\/wp-content\/uploads\/2023\/11\/Ministru-kabinets-146x300.png 146w, https:\/\/tautastribunals.eu\/wp-content\/uploads\/2023\/11\/Ministru-kabinets-768x1578.png 768w, https:\/\/tautastribunals.eu\/wp-content\/uploads\/2023\/11\/Ministru-kabinets-747x1536.png 747w, https:\/\/tautastribunals.eu\/wp-content\/uploads\/2023\/11\/Ministru-kabinets.png 783w\" sizes=\"(max-width: 694px) 100vw, 694px\" \/><\/figure>\n\n\n\n<p><\/p>\n\n\n\n<figure class=\"wp-block-embed is-type-video is-provider-youtube wp-block-embed-youtube wp-embed-aspect-16-9 wp-has-aspect-ratio\"><div class=\"wp-block-embed__wrapper\">\n<div class=\"video-container\"><iframe loading=\"lazy\" title=\"\u0420\u0438\u0433\u0430 - \u043d\u0430\u043f\u043e\u043c\u0438\u043d\u0430\u0435\u0442 \u0430\u043c\u0435\u0440\u0438\u043a\u0430\u043d\u0441\u043a\u043e\u0435 \u0433\u0435\u0442\u0442\u043e.\" width=\"500\" height=\"281\" src=\"https:\/\/www.youtube.com\/embed\/8ln8x62dULE?feature=oembed&#038;wmode=opaque\" frameborder=\"0\" allow=\"accelerometer; autoplay; clipboard-write; encrypted-media; gyroscope; picture-in-picture; web-share\" allowfullscreen><\/iframe><\/div>\n<\/div><\/figure>\n\n\n\n<p><\/p>\n\n\n\n<figure class=\"wp-block-image size-large is-resized\"><img decoding=\"async\" loading=\"lazy\" src=\"https:\/\/tautastribunals.eu\/wp-content\/uploads\/2021\/01\/Kalme.-Savickis.Godmanis.Plaudis.Grantins.LRTT_-543x800.png\" alt=\"\" class=\"wp-image-59423\" width=\"1450\" height=\"2136\" srcset=\"https:\/\/tautastribunals.eu\/wp-content\/uploads\/2021\/01\/Kalme.-Savickis.Godmanis.Plaudis.Grantins.LRTT_-543x800.png 543w, https:\/\/tautastribunals.eu\/wp-content\/uploads\/2021\/01\/Kalme.-Savickis.Godmanis.Plaudis.Grantins.LRTT_-204x300.png 204w, https:\/\/tautastribunals.eu\/wp-content\/uploads\/2021\/01\/Kalme.-Savickis.Godmanis.Plaudis.Grantins.LRTT_.png 663w\" sizes=\"(max-width: 1450px) 100vw, 1450px\" \/><\/figure>\n\n\n\n<p>05.11.23<\/p>\n\n\n\n<p><\/p>\n","protected":false},"excerpt":{"rendered":"<p>R\u012bga, Eiropas m\u0113slaine (noskaties video)! Sav\u0101d\u0101k jau ar\u012b nevar\u0113ja notikt. Tur, kur pie teik\u0161anas ir krievi(kriev\u017e\u012bdi- haz\u0101ri), sav\u0101d\u0101k jau nemaz nevar b\u016bt. Cionismu rad\u012bja ne jau sem\u012btiskie ebreji, bet gan kriev\u017e\u012bdiskie- haz\u0101ri. Tie, kuri&#46;&#46;&#46;<\/p>\n","protected":false},"author":1,"featured_media":60955,"comment_status":"open","ping_status":"open","sticky":false,"template":"","format":"standard","meta":[],"categories":[1],"tags":[],"_links":{"self":[{"href":"https:\/\/tautastribunals.eu\/index.php?rest_route=\/wp\/v2\/posts\/65226"}],"collection":[{"href":"https:\/\/tautastribunals.eu\/index.php?rest_route=\/wp\/v2\/posts"}],"about":[{"href":"https:\/\/tautastribunals.eu\/index.php?rest_route=\/wp\/v2\/types\/post"}],"author":[{"embeddable":true,"href":"https:\/\/tautastribunals.eu\/index.php?rest_route=\/wp\/v2\/users\/1"}],"replies":[{"embeddable":true,"href":"https:\/\/tautastribunals.eu\/index.php?rest_route=%2Fwp%2Fv2%2Fcomments&post=65226"}],"version-history":[{"count":9,"href":"https:\/\/tautastribunals.eu\/index.php?rest_route=\/wp\/v2\/posts\/65226\/revisions"}],"predecessor-version":[{"id":65237,"href":"https:\/\/tautastribunals.eu\/index.php?rest_route=\/wp\/v2\/posts\/65226\/revisions\/65237"}],"wp:featuredmedia":[{"embeddable":true,"href":"https:\/\/tautastribunals.eu\/index.php?rest_route=\/wp\/v2\/media\/60955"}],"wp:attachment":[{"href":"https:\/\/tautastribunals.eu\/index.php?rest_route=%2Fwp%2Fv2%2Fmedia&parent=65226"}],"wp:term":[{"taxonomy":"category","embeddable":true,"href":"https:\/\/tautastribunals.eu\/index.php?rest_route=%2Fwp%2Fv2%2Fcategories&post=65226"},{"taxonomy":"post_tag","embeddable":true,"href":"https:\/\/tautastribunals.eu\/index.php?rest_route=%2Fwp%2Fv2%2Ftags&post=65226"}],"curies":[{"name":"wp","href":"https:\/\/api.w.org\/{rel}","templated":true}]}}