{"id":65102,"date":"2023-10-02T22:02:44","date_gmt":"2023-10-02T19:02:44","guid":{"rendered":"https:\/\/tautastribunals.eu\/?p=65102"},"modified":"2023-10-02T22:02:44","modified_gmt":"2023-10-02T19:02:44","slug":"tu-redz-tikai-ko-tiesnese-molnika-sadusojas-un-attaisnoja-naida-kurinataju-l-grantinu","status":"publish","type":"post","link":"https:\/\/tautastribunals.eu\/?p=65102","title":{"rendered":"Tu redz tikai ko, Tiesnese Mo\u013c\u0146ika sad\u016b\u0161oj\u0101s un attaisnoja naida kurin\u0101t\u0101ju L. Granti\u0146u !"},"content":{"rendered":"\n<figure class=\"wp-block-image size-large is-resized\"><img decoding=\"async\" loading=\"lazy\" src=\"https:\/\/tautastribunals.eu\/wp-content\/uploads\/2023\/01\/H-86.Grantins.LRTT_-800x115.png\" alt=\"\" class=\"wp-image-63496\" width=\"1450\" height=\"208\" srcset=\"https:\/\/tautastribunals.eu\/wp-content\/uploads\/2023\/01\/H-86.Grantins.LRTT_-800x115.png 800w, https:\/\/tautastribunals.eu\/wp-content\/uploads\/2023\/01\/H-86.Grantins.LRTT_-300x43.png 300w, https:\/\/tautastribunals.eu\/wp-content\/uploads\/2023\/01\/H-86.Grantins.LRTT_-768x110.png 768w, https:\/\/tautastribunals.eu\/wp-content\/uploads\/2023\/01\/H-86.Grantins.LRTT_.png 1086w\" sizes=\"(max-width: 1450px) 100vw, 1450px\" \/><\/figure>\n\n\n\n<p><\/p>\n\n\n\n<h1 class=\"has-black-color has-text-color\">Pirm\u0101s instances tiesa attaisno nacion\u0101l\u0101 naida kurin\u0101\u0161an\u0101 aps\u016bdz\u0113to grupas \u201cHelsinki-86\u201d dibin\u0101t\u0101ju Granti\u0146u<\/h1>\n\n\n\n<p class=\"has-black-color has-text-color\">R\u012bgas pils\u0113tas tiesa Vidzemes priek\u0161pils\u0113t\u0101 pirmdien attaisnoja nacion\u0101l\u0101 naida kurin\u0101\u0161an\u0101 un v\u0113l vien\u0101 nodar\u012bjum\u0101 aps\u016bdz\u0113to cilv\u0113kties\u012bbu aizst\u0101v\u012bbas grupas \u201cHelsinki-86\u201d dibin\u0101t\u0101ju Linardu Granti\u0146u, noskaidroja a\u0123ent\u016bra <a href=\"https:\/\/www.liepajniekiem.lv\/zinas\/kriminalzinas-negadijumi\/pirmas-instances-tiesa-attaisno-nacionala-naida-kurinasana-apsudzeto-grupas-helsinki-86-dibinataju-g\/\">LETA<em>(lasi visu)<\/em>.<\/a><\/p>\n\n\n\n<figure class=\"wp-block-image\"><img decoding=\"async\" src=\"https:\/\/cdn.liepajniekiem.lv\/lv\/thumbnails\/2000x2000x1\/2021\/12\/2d27-61b22b81446cd.jpg\" alt=\"Pirm\u0101s instances tiesa attaisno nacion\u0101l\u0101 naida kurin\u0101\u0161an\u0101 aps\u016bdz\u0113to grupas \u201cHelsinki-86\u201d dibin\u0101t\u0101ju Granti\u0146u\"\/><figcaption class=\"wp-element-caption\">Foto: LETA<\/figcaption><\/figure>\n\n\n\n<p class=\"has-black-color has-text-color\">&#8220;Prokurat\u016bra 2015.gada 24.august\u0101 uzr\u0101d\u012bja aps\u016bdz\u012bbu Granti\u0146am par nacion\u0101l\u0101, etnisk\u0101 un rasu naida izrais\u012b\u0161anu, izmantojot automatiz\u0113tu datu apstr\u0101des sist\u0113mu.&#8221; &#8220;VDD krimin\u0101lprocesu s\u0101ka 2012.gad\u0101.&#8221; &#8220;Vi\u0146\u0161 aps\u016bdz\u0113ts p\u0113c diviem Krimin\u0101llikuma pantiem \u2013 saist\u012bb\u0101 ar <strong>nacion\u0101l\u0101 naida izrais\u012b\u0161anu <\/strong>un <strong>pret Latviju v\u0113rstu aicin\u0101jumu pau\u0161anu.<\/strong>&#8220;<\/p>\n\n\n\n<p class=\"has-black-color has-text-color has-background\" style=\"background-color:#adfbdc\"><strong>L. Granti\u0146\u0161:<\/strong> Kaut kas, sakar\u0101 ar krievu zv\u0113r\u012bb\u0101m <strong>Ukrain\u0101<\/strong>, ar\u012b <strong>Latvij\u0101<\/strong> ir main\u012bjies. S\u0101tanisko izdzimumu:<a href=\"https:\/\/tautastribunals.eu\/?p=49663\"> R. Bunka &amp; A. Borovkovs <\/a>ietekme, k\u0101 redzam, s\u0101k iet mazum\u0101. Par karikat\u016br\u017e\u012bdu<strong> Borovkovu<\/strong> raksta &#8220;<a href=\"https:\/\/vatastan.com\/2023\/10\/02\/dienas-vatniks-aivars-borovkovs\/?fbclid=IwAR2uKd-SvSjwoUU8OklbF2u5wi7XK6SIrzZxQZD-OvzWkHPp6-bvbVwLe4E\">Dienas vat\u0146iks<\/a>&#8220;. <\/p>\n\n\n\n<p class=\"has-black-color has-text-color has-background\" style=\"background-color:#adfbdc\">N\u0113, \u0161ie \u0123en\u0113tiskie cilv\u0113ces atkritumi- slepkavas un laup\u012bt\u0101ji nav nedz j\u0101pakar, nedz j\u0101no\u0161auj, vi\u0146i dz\u012bvi iemetami zood\u0101rza krokodilu d\u012b\u0137\u012b. To, ko \u0161ie krop\u013ci pastr\u0101d\u0101ju\u0161i pret latvie\u0161u tautu, piedot nedr\u012bkst. \u0160aj\u0101 aps\u016bdz\u012bba \u0161ie izdzimumi bija pievienoju\u0161i dokumentus no 1986. gada. L\u012bdz k\u0101dam idiotismam bija j\u0101non\u0101k, lai mani apvainotu nacion\u0101l\u0101, etnisk\u0101 un rasu naida kurin\u0101\u0161an\u0101 ! \u0160\u012b kriev\u017e\u012bdu haz\u0101ru mafijas banda <em>(\u010dekisti, komunisti, slepkavas) <\/em>sevi, k\u0101 redzam aps\u016bdz\u012bba, pieskaita k\u0101dam etnosam, n\u0101cijai vai rasei ! <\/p>\n\n\n\n<p class=\"has-black-color has-text-color has-background\" style=\"background-color:#adfbdc\">Viena da\u013ca no \u0161iem dra\u0146\u0137iem sevi zagl\u012bgi pied\u0113v\u0113 sem\u012btiskajiem ebrejiem ! Par to vien vi\u0146iem norm\u0101l\u0101 sabiedr\u012bb\u0101 pien\u0101ktos cilpa kakl\u0101 !<\/p>\n\n\n\n<p class=\"has-text-align-center has-white-color has-black-background-color has-text-color has-background\" style=\"font-size:22px\">Nekur, j\u016bs nol\u0101d\u0113tie izdzimumi, nepaliksiet. Visi tiksiet fiziski izn\u012bcin\u0101ti, kop\u0101 ar tautai nozagto labumu rij\u0113jiem- siev\u0101m un spermas produktiem !<\/p>\n\n\n\n<figure class=\"wp-block-image size-large is-resized\"><img decoding=\"async\" loading=\"lazy\" src=\"https:\/\/tautastribunals.eu\/wp-content\/uploads\/2023\/10\/BunkaBorovkovs.Godmanis-800x341.png\" alt=\"\" class=\"wp-image-65109\" width=\"1450\" height=\"618\" srcset=\"https:\/\/tautastribunals.eu\/wp-content\/uploads\/2023\/10\/BunkaBorovkovs.Godmanis-800x341.png 800w, https:\/\/tautastribunals.eu\/wp-content\/uploads\/2023\/10\/BunkaBorovkovs.Godmanis-300x128.png 300w, https:\/\/tautastribunals.eu\/wp-content\/uploads\/2023\/10\/BunkaBorovkovs.Godmanis-768x327.png 768w, https:\/\/tautastribunals.eu\/wp-content\/uploads\/2023\/10\/BunkaBorovkovs.Godmanis.png 814w\" sizes=\"(max-width: 1450px) 100vw, 1450px\" \/><\/figure>\n\n\n\n<p><\/p>\n\n\n\n<h1 class=\"has-white-color has-text-color has-background\" style=\"background-color:#1e296e\">Dienas vat\u0146iks \u2013 Aivars Borovkovs<\/h1>\n\n\n\n<figure class=\"wp-block-image\"><img decoding=\"async\" src=\"https:\/\/vatastan.files.wordpress.com\/2023\/10\/untitled2-1.png\" alt=\"\" class=\"wp-image-9835\"\/><figcaption class=\"wp-element-caption\"><strong><mark style=\"background-color:rgba(0, 0, 0, 0)\" class=\"has-inline-color has-black-color\">Pav\u0113rojiet \u0161\u012b pretek\u013ca muti uz kuru skatoties v\u0113miens n\u0101k ! Miljon\u0101rs b\u016bdams, \u0161is vieplis nav sp\u0113j\u012bgs savas \u017eaunas sak\u0101rtot. K\u0101da mute, t\u0101da ar\u012b dv\u0113sele !<\/mark><\/strong><\/figcaption><\/figure>\n\n\n\n<p class=\"has-white-color has-text-color has-background\" style=\"background-color:#2407e3\">Latvijas nodev\u0113ju panteon\u0101 ir daudz un da\u017e\u0101das kategorijas kangaru, bet juristam <strong>Aivaram Borovkovam <\/strong>taj\u0101 ir \u012bpa\u0161a vieta. Padomju laik\u0101 Borovkovs str\u0101d\u0101ja Latvijas PSR prokurat\u016br\u0101 un vi\u0146am tika p\u0101rzi\u0146\u0101 tika nodotas \u012bpa\u0161i svar\u012bgas un noz\u012bm\u012bgas lietas, jo Borovkovs bija \u012bpa\u0161i loj\u0101ls padomju varai.<strong> Borovkovs<\/strong> str\u0101d\u0101ja ar krimin\u0101lliet\u0101m, kas bija cie\u0161i saist\u012btas ar VDK intere\u0161u jomu. B\u016bt\u012bb\u0101 Borovkovs str\u0101d\u0101ja VDK, bet form\u0101li skait\u012bj\u0101s, ka str\u0101d\u0101 prokurat\u016br\u0101. Jaun\u0101kiem las\u012bt\u0101jiem atg\u0101din\u0101sim, ka Borovkovs akt\u012bvi str\u0101d\u0101ja tie\u0161i pret latvie\u0161u patriotiem un g\u0101d\u0101ja, lai tiek apcietin\u0101ti un vaj\u0101ti atsevi\u0161\u0137i nacion\u0101\u013cu grupas<strong> \u201cHelsinki-86\u201d <\/strong>biedri (tie, kuri nebija VDK ies\u016bt\u012btie).\u00a0\u00a0<\/p>\n\n\n\n<p>02.10.23<\/p>\n\n\n\n<p><\/p>\n\n\n\n<p><\/p>\n\n\n\n<p><\/p>\n","protected":false},"excerpt":{"rendered":"<p>Pirm\u0101s instances tiesa attaisno nacion\u0101l\u0101 naida kurin\u0101\u0161an\u0101 aps\u016bdz\u0113to grupas \u201cHelsinki-86\u201d dibin\u0101t\u0101ju Granti\u0146u R\u012bgas pils\u0113tas tiesa Vidzemes priek\u0161pils\u0113t\u0101 pirmdien attaisnoja nacion\u0101l\u0101 naida kurin\u0101\u0161an\u0101 un v\u0113l vien\u0101 nodar\u012bjum\u0101 aps\u016bdz\u0113to cilv\u0113kties\u012bbu aizst\u0101v\u012bbas grupas \u201cHelsinki-86\u201d dibin\u0101t\u0101ju Linardu Granti\u0146u,&#46;&#46;&#46;<\/p>\n","protected":false},"author":1,"featured_media":65109,"comment_status":"open","ping_status":"open","sticky":false,"template":"","format":"standard","meta":[],"categories":[1],"tags":[],"_links":{"self":[{"href":"https:\/\/tautastribunals.eu\/index.php?rest_route=\/wp\/v2\/posts\/65102"}],"collection":[{"href":"https:\/\/tautastribunals.eu\/index.php?rest_route=\/wp\/v2\/posts"}],"about":[{"href":"https:\/\/tautastribunals.eu\/index.php?rest_route=\/wp\/v2\/types\/post"}],"author":[{"embeddable":true,"href":"https:\/\/tautastribunals.eu\/index.php?rest_route=\/wp\/v2\/users\/1"}],"replies":[{"embeddable":true,"href":"https:\/\/tautastribunals.eu\/index.php?rest_route=%2Fwp%2Fv2%2Fcomments&post=65102"}],"version-history":[{"count":9,"href":"https:\/\/tautastribunals.eu\/index.php?rest_route=\/wp\/v2\/posts\/65102\/revisions"}],"predecessor-version":[{"id":65113,"href":"https:\/\/tautastribunals.eu\/index.php?rest_route=\/wp\/v2\/posts\/65102\/revisions\/65113"}],"wp:featuredmedia":[{"embeddable":true,"href":"https:\/\/tautastribunals.eu\/index.php?rest_route=\/wp\/v2\/media\/65109"}],"wp:attachment":[{"href":"https:\/\/tautastribunals.eu\/index.php?rest_route=%2Fwp%2Fv2%2Fmedia&parent=65102"}],"wp:term":[{"taxonomy":"category","embeddable":true,"href":"https:\/\/tautastribunals.eu\/index.php?rest_route=%2Fwp%2Fv2%2Fcategories&post=65102"},{"taxonomy":"post_tag","embeddable":true,"href":"https:\/\/tautastribunals.eu\/index.php?rest_route=%2Fwp%2Fv2%2Ftags&post=65102"}],"curies":[{"name":"wp","href":"https:\/\/api.w.org\/{rel}","templated":true}]}}