{"id":65026,"date":"2023-09-19T21:52:30","date_gmt":"2023-09-19T18:52:30","guid":{"rendered":"https:\/\/tautastribunals.eu\/?p=65026"},"modified":"2023-09-19T21:58:18","modified_gmt":"2023-09-19T18:58:18","slug":"l-grantina-papildinajums-r-bruneramcionistu-noziegumi","status":"publish","type":"post","link":"https:\/\/tautastribunals.eu\/?p=65026","title":{"rendered":"L. Granti\u0146a papildin\u0101jums R. Bruneram(cionistu noziegumi)"},"content":{"rendered":"\n<figure class=\"wp-block-image size-large is-resized\"><img decoding=\"async\" loading=\"lazy\" src=\"https:\/\/tautastribunals.eu\/wp-content\/uploads\/2023\/01\/H-86.Grantins.LRTT_-800x115.png\" alt=\"\" class=\"wp-image-63496\" width=\"1450\" height=\"208\" srcset=\"https:\/\/tautastribunals.eu\/wp-content\/uploads\/2023\/01\/H-86.Grantins.LRTT_-800x115.png 800w, https:\/\/tautastribunals.eu\/wp-content\/uploads\/2023\/01\/H-86.Grantins.LRTT_-300x43.png 300w, https:\/\/tautastribunals.eu\/wp-content\/uploads\/2023\/01\/H-86.Grantins.LRTT_-768x110.png 768w, https:\/\/tautastribunals.eu\/wp-content\/uploads\/2023\/01\/H-86.Grantins.LRTT_.png 1086w\" sizes=\"(max-width: 1450px) 100vw, 1450px\" \/><\/figure>\n\n\n\n<p><\/p>\n\n\n\n<p class=\"has-white-color has-black-background-color has-text-color has-background\">R. Bruners: &#8220;PSRS pan\u0101kumus var\u0113ja g\u016bt tikai tie, kuri bija demonstr\u0113ju\u0161i savu pak\u013cau\u0161anos varai. Neiet runa par verv\u0113\u0161anu, zi\u0146o\u0161anu un v\u0113l kaut ko. Bija skaidri j\u0101par\u0101da, ka pak\u013caujies ebreju rad\u012bt\u0101s sist\u0113mas pras\u012bb\u0101m, kaut vai vienreiz. T\u0101 bija oblig\u0101ta pras\u012bba, bez kuras cilv\u0113ks nebija nekas. Ikvienu var\u0113ja piln\u012bb\u0101 ignor\u0113t un izn\u012bcin\u0101t, neskatoties uz to, k\u0101d\u0101 l\u012bmen\u012b bija vi\u0146a zin\u0101\u0161anas un sp\u0113jas.&#8221;<\/p>\n\n\n\n<p class=\"has-black-color has-text-color has-background\" style=\"background-color:#7bdbb51c\">L\u016bk, tas jau ir <strong>&#8220;\u0161ifrs&#8221;<\/strong> visai \u0161odienas<strong>&#8220;civiliz\u0101cijas&#8221; <\/strong>sist\u0113mai: <em>&#8220;skaidri j\u0101par\u0101da, ka pak\u013caujies ebreju rad\u012bt\u0101s sist\u0113mas pras\u012bb\u0101m&#8230;&#8221;<\/em>. <\/p>\n\n\n\n<p class=\"has-black-color has-text-color has-background\" style=\"background-color:#7bdbb51c\">Labi, ka ir v\u0113l k\u0101ds, kur\u0161 to atkl\u0101ti pasaka, jo sav\u0101d\u0101k es tieku uzskat\u012bts par kaut k\u0101du <strong>&#8220;sazv\u0113rest\u012bbas&#8221;<\/strong> sludin\u0101t\u0101ju pret nabaga <strong>&#8220;\u0113brejiem&#8221;<\/strong>, kuri tik to vien dar\u012bju\u0161i, k\u0101 gl\u0101bu\u0161i pasauli no posta. Bet \u0161\u012b ar\u012b ir vieta, kur es v\u0113los atg\u0101din\u0101t<strong> R. Brunera kungam<\/strong>, ka vi\u0146\u0161 apz\u012bm\u0113jumu <strong>EBREJS <\/strong>lieto neviet\u0101. \u0160eit piemin\u0113tie politik\u0101\u0146i nav nek\u0101di<strong> EBREJI<\/strong>, lab\u0101k\u0101 gad\u012bjum\u0101 tikai un vien\u012bgi <strong>jebreji,<\/strong> proti, sen\u0101s <strong>haz\u0101rijas<\/strong> p\u0113cte\u010di,<strong> kuriem ar sem\u012btiskajiem ebrejiem nav nekas kop\u012bgs<\/strong>. Mums ir dar\u012b\u0161ana ar <strong>haz\u0101ru mafijas bandu<\/strong>, kuri neliet\u012bgi uzdodas par <strong>ebrejiem,<\/strong> t\u0101 piesavinoties sev <strong>b\u012bbelisko Dieva izredz\u0113t\u012bbu.<\/strong> \u0160ie drazas ir ar\u012b<strong> Cionisma ideolo\u0123ijas <\/strong>rad\u012bt\u0101ji, t\u0101tad, <strong>rasisti un nacisti<\/strong> ! Nekas vair\u0101k k\u0101<strong> \u0100RPR\u0100TA \u013bAUNUMS<\/strong> virs zemes. Ja tu \u0161iem dra\u0146\u0137iem<strong> &#8220;nelaizi izvadorg\u0101nus<\/strong>&#8220;, tad tieci izol\u0113ts vai likvid\u0113ts ! <\/p>\n\n\n\n<p class=\"has-black-color has-text-color has-background\" style=\"background-color:#7bdbb51c\">Atceros, k\u0101 tas notika ar mani: Mani, p\u0113c padz\u012b\u0161anas no <strong>Latvijas<\/strong>, uzaicin\u0101ja uz interviju raid\u012bt\u0101j\u0101 <strong>&#8220;Br\u012bv\u0101 Eiropa&#8221;.<\/strong> Pirmais br\u012bnums bija tas, ka otra liel\u0101k\u0101 valoda, ko lietoja person\u0101ls \u0161aj\u0101 raid\u012bt\u0101j\u0101, bija latvie\u0161u, t\u0101 man pazi\u0146oja <strong>P\u0101vils Br\u016bveris<\/strong><em>(Aldis Gaujietis)<\/em>&#8230; . Mani interv\u0113ja<strong> Liep\u0101jas Latvijas<\/strong> laika \u017e\u012bds <strong>G\u013cebs R\u0101rs<\/strong>. Run\u0101ja perfekti latviski. Un, te tad nu ar\u012b s\u0101k\u0101s visas <strong>&#8220;neb\u016b\u0161anas&#8221;<\/strong>, jo vi\u0146\u0161 man s\u0101ka dot nor\u0101d\u012bjumus, kas un k\u0101 man j\u0101saka, lai <strong>&#8220;it k\u0101&#8221;<\/strong> klaus\u012bt\u0101ji mani lab\u0101k saprastu ! Es atteicos to dar\u012bt un t\u0101p\u0113c intervija bija \u013coti \u012bsa ar t\u0101lu ejo\u0161\u0101m, pat l\u012bdz \u0161odienai, sek\u0101m. Es tiku visur ignor\u0113ts, l\u012bdz ar\u012b apvainots par sadarb\u012bbu ar \u010deku. Manu veikumu<a href=\"https:\/\/www.youtube.com\/watch?v=DkBfJEyqw84&amp;t=456s\"> pierakst\u012bja citiem<\/a> ! To visu veica \u0161is pats, mums visiem paz\u012bstamais <strong>P\u0101vils Br\u016bveris<\/strong>. <\/p>\n\n\n\n<p class=\"has-black-color has-text-color has-background\" style=\"background-color:#7bdbb51c\">Tika populariz\u0113ta <strong>R\u012bgas H- 86 <\/strong>ar <strong>Juri Ziemeli <\/strong>priek\u0161gal\u0101. Par kuratoru bija uzmeties <strong>J\u0101nis Ro\u017ekalns.<\/strong> Kas izr\u0101d\u012bj\u0101s <strong>Ziemelis <\/strong>ar savu grupu, m\u0113s \u0161odien zin\u0101m ! Kas izr\u0101d\u012bj\u0101s visi <strong>&#8220;vecie&#8221;<\/strong> c\u012bn\u012bt\u0101ji, ar\u012b zin\u0101m ! <\/p>\n\n\n\n<figure class=\"wp-block-embed is-type-wp-embed is-provider-iegult wp-block-embed-iegult\"><div class=\"wp-block-embed__wrapper\">\n<blockquote class=\"wp-embedded-content\" data-secret=\"zFdAVtaRdn\"><a href=\"https:\/\/tautastribunals.eu\/?p=48475\">Ints C\u0101l\u012btis ir no\u017e\u0113lojams stuka\u010ds jau tre\u0161aj\u0101 paaudz\u0113 (zieme\u013ci, \u017eukovski, titavi, pupuri&#8230;)<\/a><\/blockquote><iframe class=\"wp-embedded-content\" sandbox=\"allow-scripts\" security=\"restricted\" style=\"position: absolute; clip: rect(1px, 1px, 1px, 1px);\" title=\"&#8220;Ints C\u0101l\u012btis ir no\u017e\u0113lojams stuka\u010ds jau tre\u0161aj\u0101 paaudz\u0113 (zieme\u013ci, \u017eukovski, titavi, pupuri&#8230;)&#8221; &#8212; \" src=\"https:\/\/tautastribunals.eu\/?p=48475&#038;embed=true#?secret=OlECPPEOVH#?secret=zFdAVtaRdn\" data-secret=\"zFdAVtaRdn\" width=\"500\" height=\"282\" frameborder=\"0\" marginwidth=\"0\" marginheight=\"0\" scrolling=\"no\"><\/iframe>\n<\/div><\/figure>\n\n\n\n<p class=\"has-black-color has-text-color has-background\" style=\"background-color:#7bdbb51c\">Bet neviens no \u0161iem de\u0123ener\u0101tiem, ar <strong>Latvijas inteli\u0123enci priek\u0161gal\u0101<\/strong>, man velt\u012btos apvainojumus nav no\u0146\u0113mis, bet viss turpin\u0101s p\u0113c <strong>Ci\u0101nas pl\u0101na<\/strong>: <\/p>\n\n\n\n<h2>Tiesas pav\u0113ste Nr. 04881598<br>Krimin\u0101llieta Nr. 11840002212 (K77-0964-23\/1)<\/h2>\n\n\n\n<figure class=\"wp-block-table is-style-regular\"><table><tbody><tr><td><strong>Linard (Linards) Grantins ( Granti\u0146\u0161)<\/strong><br>l.grantins@hotmail.de<\/td><td>2023. gada 14. august\u0101<\/td><\/tr><\/tbody><\/table><\/figure>\n\n\n\n<p>Latvijas Republikas <strong>R\u012bgas pils\u0113tas tiesa<\/strong> aicina J\u016bs ierasties <strong>2023. gada 28. septembr\u012b plkst. 10:00<\/strong> uz sl\u0113gtu tiesas s\u0113di <strong>Abrenes iel\u0101 8, R\u012bg\u0101, LV-1050<\/strong> (tiesas z\u0101le Nr. 40V) k\u0101 <strong>aps\u016bdz\u0113to<\/strong>.<\/p>\n\n\n\n<p>Tiesa izties\u0101s krimin\u0101llietu Nr. 11840002212 p\u0113c KL 78.p.2.d., KL 81.p.<\/p>\n\n\n\n<figure class=\"wp-block-table is-style-regular\"><table><tbody><tr><td>L\u016bdzu pazi\u0146ojiet tiesai par pav\u0113stes sa\u0146em\u0161anu!<br><br><strong><a href=\"https:\/\/emea01.safelinks.protection.outlook.com\/?url=https%3A%2F%2Ftis.ta.gov.lv%2Fpublic%3Fform%3DPUBLIC_SUMMON%26doknum%3D04881598&amp;data=05%7C01%7C%7Cb21c4a97dc9e427c87db08db9e0d5243%7C84df9e7fe9f640afb435aaaaaaaaaaaa%7C1%7C0%7C638277552272002446%7CUnknown%7CTWFpbGZsb3d8eyJWIjoiMC4wLjAwMDAiLCJQIjoiV2luMzIiLCJBTiI6Ik1haWwiLCJXVCI6Mn0%3D%7C3000%7C%7C%7C&amp;sdata=eER1s6ECmIqmY8WNHbEobvi6ghrlevdrU8k6xZxkPJc%3D&amp;reserved=0\" target=\"_blank\" rel=\"noreferrer noopener\">Pazi\u0146ot par sa\u0146em\u0161anu<\/a><\/strong><small>Tiesas pav\u0113ste Nr:04881598Autoriz\u0101cijas kods:vFPQLAOD<\/small><\/td><\/tr><\/tbody><\/table><\/figure>\n\n\n\n<p>Lietu izskata tiesnese Anita Mo\u013c\u0146ika.<\/p>\n\n\n\n<p>Ties\u0101 j\u0101ierodas, \u0146emot l\u012bdzi personu apliecino\u0161u dokumentu.<br>Personai, kas sa\u0146\u0113musi pav\u0113sti sakar\u0101 ar aicin\u0101m\u0101s personas promb\u016btni, ir pien\u0101kums nodot to aicin\u0101majai personai. Pav\u0113ste sagatavota elektroniski un ir saisto\u0161a bez paraksta.<br>Tiesas s\u0113\u017eu sekret\u0101rs Krist\u012bne Barisa, t\u0101lrunis T\u0101lrunis 67077427, kristine.barisa@tiesas.lv.<\/p>\n\n\n\n<p class=\"has-black-color has-text-color has-background\" style=\"background-color:#7bdbb524\">Par k\u0101du <strong>Tiesiskumu <\/strong>m\u0113s \u0161aj\u0101 cionistu p\u0101rvald\u012btaj\u0101 slepkavu klo\u0101k\u0101 varam run\u0101t ? Un, ne jau<strong> etniskie sem\u012btebreji <\/strong>veic \u0161os noziegumus, bet gan kriev\u017e\u012bdu haz\u0101ru banda ! Etniskie ebreji pa\u0161i ir kritu\u0161i par upuriem \u0161iem noziedzniekiem. Tas ir kriev\u017e\u012bdu genoc\u012bds pret latvie\u0161u tautu !<\/p>\n\n\n\n<p>19.09.23<\/p>\n","protected":false},"excerpt":{"rendered":"<p>R. Bruners: &#8220;PSRS pan\u0101kumus var\u0113ja g\u016bt tikai tie, kuri bija demonstr\u0113ju\u0161i savu pak\u013cau\u0161anos varai. Neiet runa par verv\u0113\u0161anu, zi\u0146o\u0161anu un v\u0113l kaut ko. Bija skaidri j\u0101par\u0101da, ka pak\u013caujies ebreju rad\u012bt\u0101s sist\u0113mas pras\u012bb\u0101m, kaut vai&#46;&#46;&#46;<\/p>\n","protected":false},"author":1,"featured_media":62948,"comment_status":"open","ping_status":"open","sticky":false,"template":"","format":"standard","meta":[],"categories":[1],"tags":[],"_links":{"self":[{"href":"https:\/\/tautastribunals.eu\/index.php?rest_route=\/wp\/v2\/posts\/65026"}],"collection":[{"href":"https:\/\/tautastribunals.eu\/index.php?rest_route=\/wp\/v2\/posts"}],"about":[{"href":"https:\/\/tautastribunals.eu\/index.php?rest_route=\/wp\/v2\/types\/post"}],"author":[{"embeddable":true,"href":"https:\/\/tautastribunals.eu\/index.php?rest_route=\/wp\/v2\/users\/1"}],"replies":[{"embeddable":true,"href":"https:\/\/tautastribunals.eu\/index.php?rest_route=%2Fwp%2Fv2%2Fcomments&post=65026"}],"version-history":[{"count":8,"href":"https:\/\/tautastribunals.eu\/index.php?rest_route=\/wp\/v2\/posts\/65026\/revisions"}],"predecessor-version":[{"id":65043,"href":"https:\/\/tautastribunals.eu\/index.php?rest_route=\/wp\/v2\/posts\/65026\/revisions\/65043"}],"wp:featuredmedia":[{"embeddable":true,"href":"https:\/\/tautastribunals.eu\/index.php?rest_route=\/wp\/v2\/media\/62948"}],"wp:attachment":[{"href":"https:\/\/tautastribunals.eu\/index.php?rest_route=%2Fwp%2Fv2%2Fmedia&parent=65026"}],"wp:term":[{"taxonomy":"category","embeddable":true,"href":"https:\/\/tautastribunals.eu\/index.php?rest_route=%2Fwp%2Fv2%2Fcategories&post=65026"},{"taxonomy":"post_tag","embeddable":true,"href":"https:\/\/tautastribunals.eu\/index.php?rest_route=%2Fwp%2Fv2%2Ftags&post=65026"}],"curies":[{"name":"wp","href":"https:\/\/api.w.org\/{rel}","templated":true}]}}