{"id":65016,"date":"2023-09-17T12:18:06","date_gmt":"2023-09-17T09:18:06","guid":{"rendered":"https:\/\/tautastribunals.eu\/?p=65016"},"modified":"2023-09-17T12:18:06","modified_gmt":"2023-09-17T09:18:06","slug":"r-bruners-isi-par-latvijas-centralo-padomi-lcp-2-dala","status":"publish","type":"post","link":"https:\/\/tautastribunals.eu\/?p=65016","title":{"rendered":"R. Bruners. \u012asi par Latvijas Centr\u0101lo padomi (LCP), 2. da\u013ca"},"content":{"rendered":"\n<figure class=\"wp-block-image size-full is-resized\"><img decoding=\"async\" loading=\"lazy\" src=\"https:\/\/tautastribunals.eu\/wp-content\/uploads\/2020\/09\/1.-Rids-Bruners.L.Grantins.J.Ziverts.Latvija.LRTT_-768x144-2.png\" alt=\"\" class=\"wp-image-57801\" width=\"1450\" height=\"272\" srcset=\"https:\/\/tautastribunals.eu\/wp-content\/uploads\/2020\/09\/1.-Rids-Bruners.L.Grantins.J.Ziverts.Latvija.LRTT_-768x144-2.png 768w, https:\/\/tautastribunals.eu\/wp-content\/uploads\/2020\/09\/1.-Rids-Bruners.L.Grantins.J.Ziverts.Latvija.LRTT_-768x144-2-300x56.png 300w\" sizes=\"(max-width: 1450px) 100vw, 1450px\" \/><\/figure>\n\n\n\n<p class=\"has-black-color has-text-color has-background\" style=\"background-color:#7bdbb521\"><\/p>\n\n\n\n<p class=\"has-text-align-center has-white-color has-text-color has-background\" style=\"background-color:#114d37;font-size:22px\">R. Bruners. \u012asi par Latvijas Centr\u0101lo padomi (LCP), 2. da\u013ca<\/p>\n\n\n\n<p class=\"has-black-color has-text-color has-background\" style=\"background-color:#7bdbb521\">1944. gad\u0101 Latvijai p\u0101ri dzina komunistisko padomju armiju, kas nodibin\u0101ja savu varu. Kas t\u0101 bija par varu ? Skaidrs, ka t\u0101 nebija &#8220;padomju&#8221; vara, ar ko saprotam cilv\u0113ku izv\u0113l\u0113tu p\u0101rst\u0101vju (deput\u0101tu) padomes. T\u0101 nebija ar\u012b &#8220;komunistu&#8221; vara. Komunisms ir sadom\u0101ta masu ideolo\u0123ija ar sabiedriskajiem atrib\u016btiem, ko piekabin\u0101ja k\u0101 attaisnojumu 1917. gada ebreju veiktajam apv\u0113rsumam Krievij\u0101.<\/p>\n\n\n\n<p class=\"has-black-color has-text-color has-background\" style=\"background-color:#7bdbb521\">Lai nu k\u0101, \u0161\u012b vara past\u0101v Latvij\u0101 ar\u012b patlaban. Varu var padz\u012bt tikai ar varu, bet l\u012bdz \u0161im tas nav izdar\u012bts. Form\u0101li neatkar\u012bg\u0101s Latvijas Republikas (LR) nodibin\u0101\u0161ana bija tikai sabiedr\u012bbas restarts. To veica eso\u0161\u0101 vara, izmantojot iek\u0161\u0113jos resursus un LCP metodiku. Dro\u0161i vien varne\u0161iem iepatik\u0101s memorandi un citi pap\u012bri ar sabiedr\u012bbas elites parakstiem, kv\u0113las runas, demonstr\u0101cijas, pal\u012bg\u0101 saucieni un l\u012bdz\u012bgi nevar\u012bbas apliecin\u0101jumi.<\/p>\n\n\n\n<p class=\"has-black-color has-text-color has-background\" style=\"background-color:#7bdbb521\">LCP metodiku var\u0113tu d\u0113v\u0113t par programm\u0113tu neveiksmi. Sabiedr\u012bbu palai\u017e pa LCP slied\u0113m, \u013cauj sasniegt m\u0113r\u0137us un ieviest jaunus atrib\u016btus. Tie ir &#8211; daudzpartiju sist\u0113ma, demokr\u0101tiskas v\u0113l\u0113\u0161anas, br\u012bva uz\u0146\u0113m\u0113jdarb\u012bba, dal\u012bba ES un NATO u.c. B\u016bt\u012bba ir t\u0101, ka eso\u0161\u0101 (vec\u0101) vara saglab\u0101jas k\u0101 paties\u0101 labuma guv\u0113js no jaunajiem atrib\u016btiem.<\/p>\n\n\n\n<p class=\"has-black-color has-text-color has-background\" style=\"background-color:#7bdbb521\">* * *<\/p>\n\n\n\n<p class=\"has-black-color has-text-color has-background\" style=\"background-color:#7bdbb521\">1944. un 1945. gad\u0101 krievu armijai sekoja \u010dekisti, kuri tad ar\u012b ielika pamatus eso\u0161ajai sabiedr\u012bbai. T\u0101 tapa Latvijas PSR (LPSR), ko v\u0113l\u0101k p\u0101rveidoja par LR. Ikviens, kam bija saist\u012bba ar pirmskara un v\u0101cu varu, g\u0101ja cauri filtram. T\u0101 bija tra\u0123\u0113dija pati par sevi. \u010cekisti var\u0113ja cilv\u0113ku izn\u012bcin\u0101t, ieslodz\u012bt, izs\u016bt\u012bt un nogalin\u0101t, vadoties p\u0113c kaut k\u0101diem, tikai vi\u0146iem pa\u0161iem zin\u0101miem apsv\u0113rumiem.<\/p>\n\n\n\n<p class=\"has-black-color has-text-color has-background\" style=\"background-color:#7bdbb521\">Dro\u0161i vien, vi\u0146i r\u012bkoj\u0101s ar \u012bpa\u0161u pac\u0113lumu, pildot gandr\u012bz vai b\u012bbelisku misiju. T\u0101 sakot, atdalot avis no \u0101\u017eiem. Protams, tas tika dar\u012bts slepen\u012bb\u0101, bet rezult\u0101ts ir zin\u0101ms katram no personisk\u0101s pieredzes. M\u0113\u0123in\u0101\u0161u v\u0113rst uzman\u012bbu uz zin\u0101miem faktiem un person\u0101m. Sabiedr\u012bbas liel\u0101kie nosl\u0113pumi ir pasl\u0113pti pa\u0161\u0101 redzam\u0101kaj\u0101 viet\u0101.<\/p>\n\n\n\n<p class=\"has-black-color has-text-color has-background\" style=\"background-color:#7bdbb521\">Viena no atsl\u0113gas person\u0101m, kas b\u016btu p\u0113t\u0101ma, ir Latvijas ebreju dievin\u0101tais<\/p>\n\n\n\n<p class=\"has-black-color has-text-color has-background\" style=\"background-color:#7bdbb521;font-size:21px\"><strong>\u0122ener\u0101lis Filips Bobkovs<\/strong><\/p>\n\n\n\n<p class=\"has-black-color has-text-color has-background\" style=\"background-color:#7bdbb521\">Viens no visu laiku redzam\u0101kajiem \u010dekistiem kara gaitas s\u0101ka agr\u0101 jaun\u012bb\u0101, bet beidza 1945. gad\u0101 Kurzemes katla blok\u0101d\u0113. Vi\u0146\u0161 nekav\u0113joties tika nos\u016bt\u012bts m\u0101c\u012bties uz \u013be\u0146ingradas Smer\u0161 pretizl\u016bko\u0161anas skolu. Ac\u012bmredzot, 20 gadus vecais jauneklis bija guvis labu pieredzi darb\u0101 ar cilv\u0113kiem, piedaloties Kurzemes katl\u0101 eso\u0161o armijas da\u013cu likvid\u0113\u0161an\u0101.<\/p>\n\n\n\n<p class=\"has-black-color has-text-color has-background\" style=\"background-color:#7bdbb521\">Bobkova specialit\u0101te bija pretizl\u016bko\u0161ana, vi\u0146\u0161 ie\u0146\u0113ma vado\u0161us amatus Lubjankas 2. p\u0101rvald\u0113. Ta\u010du varas zen\u012bt\u0101 vi\u0146\u0161 nok\u013cuva k\u0101 5. p\u0101rvaldes priek\u0161nieks laik\u0101 no 1969. l\u012bdz1983. gadam. \u0160o p\u0101rvaldi pietic\u012bgi d\u0113v\u0113ja par &#8220;ideolo\u0123isko&#8221;, un t\u0101 k\u013cuva paz\u012bstama ar disidentu tramd\u012b\u0161anu, &#8220;samizdata&#8221; aizlieg\u0161anu un l\u012bdz\u012bg\u0101m riebekl\u012bb\u0101m. Tom\u0113r, \u0146emot v\u0113r\u0101 visaptvero\u0161os inteli\u0123entu verv\u0113\u0161anas m\u0113rogus, 5. p\u0101rvaldi var\u0113tu saukt par sabiedr\u012bbas vad\u012bbas, ietekm\u0113\u0161anas, spaid\u012b\u0161anas un virz\u012b\u0161anas org\u0101nu.<\/p>\n\n\n\n<p class=\"has-black-color has-text-color has-background\" style=\"background-color:#7bdbb521\">Starp citu, kur\u0161 vad\u012bja LPSR \u010dekas 5. p\u0101rvaldi ?<\/p>\n\n\n\n<p class=\"has-black-color has-text-color has-background\" style=\"background-color:#7bdbb521\">Filips Bobkovs bija Jurija Andropova satel\u012bts. 60-to gadu beig\u0101s Gromiko, Andropovs un Bobkovs pan\u0101ca, ka ebrejiem atka\u013c \u013c\u0101va izbraukt uz &#8220;Izra\u0113lu&#8221;. Ebreji p\u0101rsvar\u0101 v\u0113l\u0113j\u0101s nok\u013c\u016bt Eirop\u0101 vai<\/p>\n\n\n\n<p class=\"has-black-color has-text-color has-background\" style=\"background-color:#7bdbb521\">Amerik\u0101, tom\u0113r liel\u0101k\u0101 da\u013ca emigrantu tie\u0161\u0101m esot non\u0101ku\u0161i &#8220;apsol\u012btaj\u0101 zem\u0113&#8221;, nabadzi\u0146i.<\/p>\n\n\n\n<p class=\"has-black-color has-text-color has-background\" style=\"background-color:#7bdbb521\">80-to gadu s\u0101kum\u0101 Andropovs gatavoja perestroiku. Ac\u012bmredzot, b\u016bdams PSRS vad\u012bb\u0101 vi\u0146\u0161 var\u0113ja pan\u0101kt vajadz\u012bg\u0101s norunas ar Rietumiem. Tika nov\u0101kti patriotiski noska\u0146otie un sp\u0113j\u012bgie PSKP CK l\u012bderi, lai Andropova virz\u012btajam Gorba\u010dovam neb\u016btu konkurentu. Komjaunie\u0161i brauca &#8220;praks\u0113&#8221; uz ASV, lai saost\u012btos ar saviem n\u0101kamajiem kol\u0113\u0123iem. V\u0101rdu sakot, PSRS sabrukumu gatavoja piln\u0101 spar\u0101, un \u0161aj\u0101 darb\u0101 Andropovam nevar\u0113ja b\u016bt lab\u0101ka pal\u012bga par Bobkovu. Restartam bija j\u0101notiek gludi, bez liekiem konfliktiem un \u0161au\u0161anas.<\/p>\n\n\n\n<p class=\"has-black-color has-text-color has-background\" style=\"background-color:#7bdbb521\">B\u016bdams 5. p\u0101rvaldes prek\u0161nieka amat\u0101, Bobkovs cent\u0101s publiski kontakt\u0113t ar savu milz\u012bgo gan\u0101mpulku, s\u0101kot ar akad\u0113mi\u0137iem un estr\u0101des zvaigzn\u0113m, beidzot ar studentiem. Zin\u0101tne, m\u0101ksla, m\u016bzika &#8230; to visu kontrol\u0113 ebreji, no kuru labv\u0113l\u012bbas vi\u0146\u0161 bija atkar\u012bgs. T\u0101 bija abpus\u0113ja atkar\u012bba &#8211; visvarenais \u010dekists var\u0113ja dot savu protekciju konkr\u0113tiem m\u0101ksliniekiem. Ietekmi vi\u0146\u0161 saglab\u0101ja, un l\u012bdz m\u016b\u017ea beig\u0101m 2019. gad\u0101 bija redzams blakus prezidentam Putinam mauzoleja trib\u012bn\u0113.<\/p>\n\n\n\n<p class=\"has-black-color has-text-color has-background\" style=\"background-color:#7bdbb521\">Lai neb\u016btu abstrakti, m\u0113\u0123in\u0101\u0161u ilustr\u0113t ar piem\u0113ru. Ko noz\u012bm\u0113 b\u016bt popul\u0101ram m\u0101ksliniekam? Kompromiss ar sirdsapzi\u0146u? Ko redzam m\u0113s, bet kas paliek apsl\u0113pts?<\/p>\n\n\n\n<p class=\"has-black-color has-text-color has-background\" style=\"background-color:#7bdbb521;font-size:21px\"><strong>\u041c\u0438\u043b\u043b\u0438\u043e\u043d\u044b, \u043c\u0438\u043b\u043b\u0438\u043e\u043d\u044b, \u043c\u0438\u043b\u043b\u0438\u043e\u043d\u044b \u0441\u0438\u0437\u044b\u0445 \u0440\u043e\u0436 &#8230;<\/strong><\/p>\n\n\n\n<p class=\"has-black-color has-text-color has-background\" style=\"background-color:#7bdbb521\">Alla Puga\u010dova dzied dziesmu par s\u0101rtaj\u0101m roz\u0113m. Augst\u0101k min\u0113t\u0101 rindi\u0146a ar &#8220;pel\u0113c\u012bgajiem purniem&#8221; ir p\u0101rfr\u0101z\u0113jums, kas vair\u0101k atbilst padomju realit\u0101tei.<\/p>\n\n\n\n<p class=\"has-black-color has-text-color has-background\" style=\"background-color:#7bdbb521\">Pie klavier\u0113m Raimonds Pauls. Vai varb\u016bt dziesmas autors ? Pauls s\u0113\u017e pie klavier\u0113m, k\u0101 jau tas pien\u0101kas komponistam. Tad jau vi\u0146\u0161 ir dziesmas autors, kur\u0161 gan cits ? Simts miljonu &#8220;pel\u0113c\u012bgo purnu&#8221;, kuri dziesmu klaus\u0101s vai v\u0113ro televizor\u0101, t\u0101das nianses ignor\u0113. M\u016bsu Alla dzied, bet smalkais maestro no Pribaltikas sp\u0113l\u0113 klavieres. K\u0101 divi balod\u012b\u0161i, dzied\u0101t\u0101ja un komponists.<\/p>\n\n\n\n<p class=\"has-black-color has-text-color has-background\" style=\"background-color:#7bdbb521\">Tas var\u0113ja b\u016bt 80-to gadu s\u0101kum\u0101, kad Puga\u010dovas izpild\u012bt\u0101 dziesma bija absol\u016bt\u0101 top\u0101. L\u012bdz ar to top\u0101 bija Raimonds Pauls. L\u012bdz \u0161im vi\u0146u pazina Latvijas 2 miljoni, bet tagad par vi\u0146u j\u016bsmoja k\u0101di 200 miljoni.<\/p>\n\n\n\n<p class=\"has-black-color has-text-color has-background\" style=\"background-color:#7bdbb521\">Taj\u0101 laik\u0101 stud\u0113ju Maskav\u0101, un sa\u0146\u0113mu nepat\u012bkamas piez\u012bmes \u0161aj\u0101 sakar\u0101. &#8220;Tas j\u016bsu Pauls ir pla\u0123iators. To dziesmu dzied\u0101ja Ir\u0101n\u0101 pirms nez-cik-tur gadiem.&#8221; Nepateikts palika, ka m\u016bs latvie\u0161us tagad uzskata par kr\u0101pniekiem. Neko dar\u012bt, toreiz izdar\u012bja t\u0101lejo\u0161us secin\u0101jumus no mazo tautu popul\u0101ro p\u0101rst\u0101vju uzved\u012bbas.<\/p>\n\n\n\n<p class=\"has-black-color has-text-color has-background\" style=\"background-color:#7bdbb521\">Alla Puga\u010dova ir neparasta par\u0101d\u012bba uz Krievijas estr\u0101des. Vi\u0146as zvaigzne uzleca ziben\u012bgi, kad talant\u012bg\u0101 dzied\u0101t\u0101ja un nedaudz vulg\u0101r\u0101 sieviete ielauz\u0101s augst\u0101kajos estr\u0101des l\u012bme\u0146os, izsp\u0101rdot m\u0113beles sav\u0101 ce\u013c\u0101. Rad\u0101s iespaids, ka vi\u0146a var dar\u012bt visu ko grib, un tas tikai vairoja vi\u0146as popularit\u0101ti. Man pat\u012bk Pauls, es vi\u0146u nos\u0113din\u0101\u0161u pa\u0161\u0101 vid\u016b, un do\u0161u vi\u0146am bu\u010das. Ko j\u016bs man padar\u012bsiet ?<\/p>\n\n\n\n<p class=\"has-black-color has-text-color has-background\" style=\"background-color:#7bdbb521\">V\u0113l d\u012bvain\u0101ka \u0161\u0137iet Puga\u010dovas saglab\u0101\u0161an\u0101s publikas elka status\u0101 p\u0113c dzied\u0101t\u0101jas karjeras beig\u0101m, un laul\u012bbas ar jauno ebreju, geju un komi\u0137i Galkinu. Vi\u0146\u0161 paz\u012bstams ar parodij\u0101m, kur\u0101s izsmej Krievijas un citu biju\u0161o PSRS republiku augst\u0101ko vad\u012bbu. Ne katrs komi\u0137is to var at\u013cauties.<\/p>\n\n\n\n<p class=\"has-black-color has-text-color has-background\" style=\"background-color:#7bdbb521\">Alla Puga\u010dova bija Filipa Bobkova prote\u017e\u0113. Vi\u0146a var\u0113ja ierasties sava visvaren\u0101 aizst\u0101vja kabinet\u0101 Lubjank\u0101 jebkur\u0101 laik\u0101. Kad pa\u0161am Bobkovam jaut\u0101ja par vi\u0146a attiec\u012bb\u0101m ar Puga\u010dovu, vi\u0146\u0161 atbild\u0113ja apm\u0113ram t\u0101. &#8220;K\u0101dam ta\u010du vajadz\u0113ja aizst\u0101v\u0113t jauno talant\u012bgo dzied\u0101t\u0101ju. Cit\u0101di to saplos\u012btu gabalos.&#8221;<\/p>\n\n\n\n<p class=\"has-black-color has-text-color has-background\" style=\"background-color:#7bdbb521;font-size:21px\"><strong>Baltais Siv\u0113ns un citi<\/strong><\/p>\n\n\n\n<p class=\"has-black-color has-text-color has-background\" style=\"background-color:#7bdbb521\">PSRS pan\u0101kumus var\u0113ja g\u016bt tikai tie, kuri bija demonstr\u0113ju\u0161i savu pak\u013cau\u0161anos varai. Neiet runa par verv\u0113\u0161anu, zi\u0146o\u0161anu un v\u0113l kaut ko. Bija skaidri j\u0101par\u0101da, ka pak\u013caujies ebreju rad\u012bt\u0101s sist\u0113mas pras\u012bb\u0101m, kaut vai vienreiz. T\u0101 bija oblig\u0101ta pras\u012bba, bez kuras cilv\u0113ks nebija nekas. Ikvienu var\u0113ja piln\u012bb\u0101 ignor\u0113t un izn\u012bcin\u0101t, neskatoties uz to, k\u0101d\u0101 l\u012bmen\u012b bija vi\u0146a zin\u0101\u0161anas un sp\u0113jas.<\/p>\n\n\n\n<p class=\"has-black-color has-text-color has-background\" style=\"background-color:#7bdbb521\">K\u0101 piem\u0113ru m\u0113\u0123in\u0101sim izt\u0113loties LPSR dziesmu sv\u0113tku orgkomitejas s\u0113di, kaut kad 80-to gadu vid\u016b. Piedal\u0101s koru diri\u0123enti, kult\u016bras funkcion\u0101ri un v\u0113l kaut k\u0101di atbild\u012bgie. Noris karstas diskusijas.<\/p>\n\n\n\n<p class=\"has-black-color has-text-color has-background\" style=\"background-color:#7bdbb521\">Koru diri\u0123enti cen\u0161as uzman\u012bgi formul\u0113t savu viedokli. &#8220;Ziniet, Baltais Siv\u0113ns ir ska\u0146darbs, kas \u012bsti neiek\u013caujas dziesmu sv\u0113tku repertu\u0101r\u0101 &#8230;&#8221;<\/p>\n\n\n\n<p class=\"has-black-color has-text-color has-background\" style=\"background-color:#7bdbb521\">Tom\u0113r kult\u016bras darbinieki ir nepiel\u016bdzami. &#8220;Tas nav diskut\u0113jams jaut\u0101jums. Nodziediet Balto Siv\u0113nu, un variet dzied\u0101t latvie\u0161u dziesmas visu vakaru.&#8221;<\/p>\n\n\n\n<p class=\"has-black-color has-text-color has-background\" style=\"background-color:#7bdbb521\">Pie t\u0101 ar\u012b palika. Dziesmu sv\u0113tku atkl\u0101\u0161an\u0101 no Me\u017eaparka liel\u0101s estr\u0101des t\u016bksto\u0161 bals\u012bs grand\u0113ja:<\/p>\n\n\n\n<p class=\"has-black-color has-text-color has-background\" style=\"background-color:#7bdbb521\">&#8220;Un piedzimst sivens balts!<\/p>\n\n\n\n<p class=\"has-black-color has-text-color has-background\" style=\"background-color:#7bdbb521\">Un piedzimst sivens balts!!<\/p>\n\n\n\n<p class=\"has-black-color has-text-color has-background\" style=\"background-color:#7bdbb521\">P\u0113rkona gais\u0101!!!&#8221;<\/p>\n\n\n\n<p class=\"has-black-color has-text-color has-background\" style=\"background-color:#7bdbb521\">Jaun\u0101k\u0101s paaudzes las\u012bt\u0101jiem vajadz\u0113tu paskaidrot, ka iet runa par Imanta Kalni\u0146a dziesmu ar Imanta Ziedo\u0146a v\u0101rdiem. Dziesma saucas &#8220;\u013be\u0146inam&#8221;. Paties\u012bb\u0101 tur &#8220;piedzimst zibens balts&#8221;, tobi\u0161 \u013be\u0146ins. Daudzi koristi to p\u0101rfr\u0101z\u0113ja, par\u0101dot savu attieksmi.<\/p>\n\n\n\n<p>17.09.23<\/p>\n\n\n\n<p><\/p>\n","protected":false},"excerpt":{"rendered":"<p>R. Bruners. \u012asi par Latvijas Centr\u0101lo padomi (LCP), 2. da\u013ca 1944. gad\u0101 Latvijai p\u0101ri dzina komunistisko padomju armiju, kas nodibin\u0101ja savu varu. Kas t\u0101 bija par varu ? Skaidrs, ka t\u0101 nebija &#8220;padomju&#8221; vara,&#46;&#46;&#46;<\/p>\n","protected":false},"author":1,"featured_media":65018,"comment_status":"open","ping_status":"open","sticky":false,"template":"","format":"standard","meta":[],"categories":[1,11],"tags":[],"_links":{"self":[{"href":"https:\/\/tautastribunals.eu\/index.php?rest_route=\/wp\/v2\/posts\/65016"}],"collection":[{"href":"https:\/\/tautastribunals.eu\/index.php?rest_route=\/wp\/v2\/posts"}],"about":[{"href":"https:\/\/tautastribunals.eu\/index.php?rest_route=\/wp\/v2\/types\/post"}],"author":[{"embeddable":true,"href":"https:\/\/tautastribunals.eu\/index.php?rest_route=\/wp\/v2\/users\/1"}],"replies":[{"embeddable":true,"href":"https:\/\/tautastribunals.eu\/index.php?rest_route=%2Fwp%2Fv2%2Fcomments&post=65016"}],"version-history":[{"count":2,"href":"https:\/\/tautastribunals.eu\/index.php?rest_route=\/wp\/v2\/posts\/65016\/revisions"}],"predecessor-version":[{"id":65019,"href":"https:\/\/tautastribunals.eu\/index.php?rest_route=\/wp\/v2\/posts\/65016\/revisions\/65019"}],"wp:featuredmedia":[{"embeddable":true,"href":"https:\/\/tautastribunals.eu\/index.php?rest_route=\/wp\/v2\/media\/65018"}],"wp:attachment":[{"href":"https:\/\/tautastribunals.eu\/index.php?rest_route=%2Fwp%2Fv2%2Fmedia&parent=65016"}],"wp:term":[{"taxonomy":"category","embeddable":true,"href":"https:\/\/tautastribunals.eu\/index.php?rest_route=%2Fwp%2Fv2%2Fcategories&post=65016"},{"taxonomy":"post_tag","embeddable":true,"href":"https:\/\/tautastribunals.eu\/index.php?rest_route=%2Fwp%2Fv2%2Ftags&post=65016"}],"curies":[{"name":"wp","href":"https:\/\/api.w.org\/{rel}","templated":true}]}}