{"id":64859,"date":"2023-08-19T12:03:51","date_gmt":"2023-08-19T09:03:51","guid":{"rendered":"https:\/\/tautastribunals.eu\/?p=64859"},"modified":"2023-08-19T12:03:52","modified_gmt":"2023-08-19T09:03:52","slug":"parmainas-pedeja-laika-biezi-uzdots-jautajums","status":"publish","type":"post","link":"https:\/\/tautastribunals.eu\/?p=64859","title":{"rendered":"P\u0101rmai\u0146as. P\u0113d\u0113j\u0101 laik\u0101 bie\u017ei uzdots jaut\u0101jums&#8230; ?"},"content":{"rendered":"\n<figure class=\"wp-block-image size-large is-resized\"><img decoding=\"async\" loading=\"lazy\" src=\"https:\/\/tautastribunals.eu\/wp-content\/uploads\/2023\/01\/H-86.Grantins.LRTT_-800x115.png\" alt=\"\" class=\"wp-image-63496\" width=\"1450\" height=\"208\" srcset=\"https:\/\/tautastribunals.eu\/wp-content\/uploads\/2023\/01\/H-86.Grantins.LRTT_-800x115.png 800w, https:\/\/tautastribunals.eu\/wp-content\/uploads\/2023\/01\/H-86.Grantins.LRTT_-300x43.png 300w, https:\/\/tautastribunals.eu\/wp-content\/uploads\/2023\/01\/H-86.Grantins.LRTT_-768x110.png 768w, https:\/\/tautastribunals.eu\/wp-content\/uploads\/2023\/01\/H-86.Grantins.LRTT_.png 1086w\" sizes=\"(max-width: 1450px) 100vw, 1450px\" \/><\/figure>\n\n\n\n<p><\/p>\n\n\n\n<p class=\"has-black-color has-text-color has-background\" style=\"background-color:#7bdbb524\">P\u0113d\u0113j\u0101 laik\u0101 bie\u017ei uzdots jaut\u0101jums, nu kad tad m\u0113s b\u016bsim br\u012bvi ? <\/p>\n\n\n\n<p class=\"has-black-color has-text-color has-background\" style=\"background-color:#7bdbb524\">Atbilde ir vienk\u0101r\u0161a, tad kad b\u016bsim iem\u0101c\u012bju\u0161ies ne tikai \u0146emt, bet ar\u012b dot. Dot klasiskaj\u0101 noz\u012bm\u0113, noz\u012bm\u0113 dot viens otram un dot cits citam, t\u0101 vairojot m\u016bsu kop\u0113jo labkl\u0101j\u012bbu un m\u016bsu sp\u0113ku. Dot, k\u0101 reiz deva <strong>K.Ulmanis,<\/strong> kuru tik <strong>\u013coti neieredz sarkanie kamp\u0113ji<\/strong> un m\u016bsu <strong>ienaidnieki,<\/strong> ka neaizmirst vai katr\u0101 rakst\u0101 uzkak\u0101t. <strong>K.Ulmanis <\/strong>prata ne tikai dot, bet ar\u012b ziedoja sevi <strong>Latvijai.<\/strong> Un dot j\u0101prot ne tikai tradicion\u0101laj\u0101 noz\u012bm\u0113, bet j\u0101prot ar\u012b dot pa kaklu ienaidniekiem, dot cietumsodus sh\u0113mot\u0101jiem un mantrau\u0161iem. Un pats galvenais, dot vilka pases sve\u0161ajiem, kas atn\u0101ku\u0161i m\u016bs aplaup\u012bt un izn\u012bd\u0113t, uzspiest savas ordas tradicion\u0101lo dz\u012bves veidu, kas tiem ir nemain\u012bgs vis\u0101s zem\u0113s, kur vien krievu orda ir ieradusies.<\/p>\n\n\n\n<figure class=\"wp-block-embed is-type-video is-provider-youtube wp-block-embed-youtube wp-embed-aspect-16-9 wp-has-aspect-ratio\"><div class=\"wp-block-embed__wrapper\">\n<div class=\"video-container\"><iframe loading=\"lazy\" title=\"\u0428\u043e\u0432\u0438\u043d\u0438\u0441\u0442\u043a\u0430, \u043f\u0440\u043e\u0436\u0438\u0432\u0430\u044e\u0449\u0430\u044f \u0432 \u0410\u0441\u0442\u0430\u043d\u0435 \u043f\u0440\u0438\u0437\u0432\u0430\u043b\u0430 \u0443\u0431\u0438\u0432\u0430\u0442\u044c \u043a\u0430\u0437\u0430\u0445\u043e\u0432\" width=\"500\" height=\"281\" src=\"https:\/\/www.youtube.com\/embed\/3oatWzZ_VuI?feature=oembed&#038;wmode=opaque\" frameborder=\"0\" allow=\"accelerometer; autoplay; clipboard-write; encrypted-media; gyroscope; picture-in-picture; web-share\" allowfullscreen><\/iframe><\/div>\n<\/div><\/figure>\n\n\n\n<p class=\"has-black-color has-text-color has-background\" style=\"background-color:#7bdbb521\">Lai kas ar\u012b tie b\u016btu, vikingi, mosko\u013ci, kriev\u017e\u012bdi vai ruskij mir atombumbas piel\u016bdz\u0113ju sekta, tie k\u0101rt\u0113jo reizi un cerams beidzamo, ir p\u0101rk\u0101pu\u0161i robe\u017eu, lai atgrieztos cilv\u0113ku pasaul\u0113. Vai nu vi\u0146i tiks ties\u0101ti, vai likvid\u0113ti bez tiesas, citu variantu vairs nepast\u0101v.<\/p>\n\n\n\n<figure class=\"wp-block-embed is-type-video is-provider-youtube wp-block-embed-youtube wp-embed-aspect-16-9 wp-has-aspect-ratio\"><div class=\"wp-block-embed__wrapper\">\n<div class=\"video-container\"><iframe loading=\"lazy\" title=\"\u0412\u0435\u0440\u043d\u0443\u0442\u044c\u0441\u044f \u043b\u0438 \u0443\u043a\u0440\u0430\u0438\u043d\u0441\u043a\u0438\u0435 \u0431\u0435\u0436\u0435\u043d\u0446\u044b \u0434\u043e\u043c\u043e\u0439?\" width=\"500\" height=\"281\" src=\"https:\/\/www.youtube.com\/embed\/n-1mpkNPfxI?feature=oembed&#038;wmode=opaque\" frameborder=\"0\" allow=\"accelerometer; autoplay; clipboard-write; encrypted-media; gyroscope; picture-in-picture; web-share\" allowfullscreen><\/iframe><\/div>\n<\/div><\/figure>\n\n\n\n<p><\/p>\n\n\n\n<p><\/p>\n\n\n\n<p class=\"has-black-color has-text-color has-background\" style=\"background-color:#7bdbb521\">Ar\u012b \u0161eit:<\/p>\n\n\n\n<figure class=\"wp-block-embed is-type-video is-provider-youtube wp-block-embed-youtube wp-embed-aspect-16-9 wp-has-aspect-ratio\"><div class=\"wp-block-embed__wrapper\">\n<div class=\"video-container\"><iframe loading=\"lazy\" title=\"\u041f\u043e\u0447\u0435\u043c\u0443 \u043d\u0435\u043c\u0446\u044b \u043d\u0435 \u043a\u0440\u0430\u043b\u0438 \u0443\u043d\u0438\u0442\u0430\u0437\u044b \u0432 1941, \u043d\u0435 \u043d\u0430\u0437\u044b\u0432\u0430\u043b\u0438 \u043d\u0430\u0441 \u0431\u0440\u0430\u0442\u044c\u044f\u043c\u0438 \u0438 \u043d\u0435 \u0437\u0432\u0435\u0440\u0441\u0442\u0432\u043e\u0432\u0430\u043b\u0438 \u043a\u0430\u043a \u0440\u0443\u0441\u0441\u043a\u0438\u0435 \u0432 2022\" width=\"500\" height=\"281\" src=\"https:\/\/www.youtube.com\/embed\/YPX88t1-AY0?feature=oembed&#038;wmode=opaque\" frameborder=\"0\" allow=\"accelerometer; autoplay; clipboard-write; encrypted-media; gyroscope; picture-in-picture; web-share\" allowfullscreen><\/iframe><\/div>\n<\/div><\/figure>\n\n\n\n<p><\/p>\n\n\n\n<p class=\"has-white-color has-black-background-color has-text-color has-background\" style=\"font-size:25px\">LRTT piebilde:<\/p>\n\n\n\n<p class=\"has-white-color has-black-background-color has-text-color has-background\">Kas attiecas uz <strong>Latvijas Br\u012bvvalsti <\/strong>un <strong>K\u0101rli Ulmani<\/strong>: Atbilde ir lakoniska, Vi\u0146\u0161 bija <strong>Latvietis <\/strong>! \u0160\u012b lakonisk\u0101 atbilde dod atbildi uz piln\u012bgi visiem jaut\u0101jumiem. T\u0101p\u0113c ar\u012b neviens \u0123en\u0113tiskais atkritums vi\u0146u neieredz. Latvija un latviskums \u0161iem m\u0113sliem ir murgs kas robe\u017eojas paranoju. M\u0113s redzam k\u0101 \u0161ie haz\u0101ru <strong>&#8220;gen\u0113zes produkti&#8221; <\/strong>rea\u0123\u0113 uz ukrai\u0146u varon\u012bbu aizst\u0101vot savu zemi. Vald\u012bb\u0101 ukrai\u0146iem ir vieni vien\u012bgi <strong>kroplie haz\u0101ri,<\/strong> kuri pat \u0161odien, kad tauta \u0101rpr\u0101ta nelaim\u0113, zog uz <strong>&#8220;velna parau\u0161anu&#8221; <\/strong>! Bet beigsies kar\u0161 un tad visi \u0161ie <strong>ZEMES T\u0100RPI<\/strong> tiks aizvilkti uz kar\u0101tav\u0101m ! Tad ar\u012b Latvij\u0101 s\u0101ks liel\u0101s p\u0101rmai\u0146as. Visi \u0161ie \u010dekas- komunistu su\u0146i tiks aizvilkti uz kar\u0101tav\u0101m ar<strong> VL!<\/strong> paraz\u012btu bandu priek\u0161gal\u0101, kuri demont\u0113ja <strong>Latvijas <\/strong>att\u012bst\u012bbas<strong> LATVISKUMA KONCEPCIJU <\/strong>!<\/p>\n\n\n\n<p class=\"has-white-color has-black-background-color has-text-color has-background\"> Viss notiksies, katrs sa\u0146ems to, ko peln\u012bjis !<\/p>\n\n\n\n<figure class=\"wp-block-image size-large\"><img decoding=\"async\" loading=\"lazy\" width=\"800\" height=\"658\" src=\"https:\/\/tautastribunals.eu\/wp-content\/uploads\/2019\/08\/D.Melb\u0101rde.-R.-Dzintars.L.Granti\u0146\u0161.LRTT_-800x658.png\" alt=\"\" class=\"wp-image-52172\" srcset=\"https:\/\/tautastribunals.eu\/wp-content\/uploads\/2019\/08\/D.Melb\u0101rde.-R.-Dzintars.L.Granti\u0146\u0161.LRTT_-800x658.png 800w, https:\/\/tautastribunals.eu\/wp-content\/uploads\/2019\/08\/D.Melb\u0101rde.-R.-Dzintars.L.Granti\u0146\u0161.LRTT_-300x247.png 300w, https:\/\/tautastribunals.eu\/wp-content\/uploads\/2019\/08\/D.Melb\u0101rde.-R.-Dzintars.L.Granti\u0146\u0161.LRTT_-768x632.png 768w, https:\/\/tautastribunals.eu\/wp-content\/uploads\/2019\/08\/D.Melb\u0101rde.-R.-Dzintars.L.Granti\u0146\u0161.LRTT_.png 828w\" sizes=\"(max-width: 800px) 100vw, 800px\" \/><\/figure>\n\n\n\n<p>19.08.23<\/p>\n","protected":false},"excerpt":{"rendered":"<p>P\u0113d\u0113j\u0101 laik\u0101 bie\u017ei uzdots jaut\u0101jums, nu kad tad m\u0113s b\u016bsim br\u012bvi ? Atbilde ir vienk\u0101r\u0161a, tad kad b\u016bsim iem\u0101c\u012bju\u0161ies ne tikai \u0146emt, bet ar\u012b dot. Dot klasiskaj\u0101 noz\u012bm\u0113, noz\u012bm\u0113 dot viens otram un dot&#46;&#46;&#46;<\/p>\n","protected":false},"author":1,"featured_media":62948,"comment_status":"open","ping_status":"open","sticky":false,"template":"","format":"standard","meta":[],"categories":[1],"tags":[],"_links":{"self":[{"href":"https:\/\/tautastribunals.eu\/index.php?rest_route=\/wp\/v2\/posts\/64859"}],"collection":[{"href":"https:\/\/tautastribunals.eu\/index.php?rest_route=\/wp\/v2\/posts"}],"about":[{"href":"https:\/\/tautastribunals.eu\/index.php?rest_route=\/wp\/v2\/types\/post"}],"author":[{"embeddable":true,"href":"https:\/\/tautastribunals.eu\/index.php?rest_route=\/wp\/v2\/users\/1"}],"replies":[{"embeddable":true,"href":"https:\/\/tautastribunals.eu\/index.php?rest_route=%2Fwp%2Fv2%2Fcomments&post=64859"}],"version-history":[{"count":2,"href":"https:\/\/tautastribunals.eu\/index.php?rest_route=\/wp\/v2\/posts\/64859\/revisions"}],"predecessor-version":[{"id":64861,"href":"https:\/\/tautastribunals.eu\/index.php?rest_route=\/wp\/v2\/posts\/64859\/revisions\/64861"}],"wp:featuredmedia":[{"embeddable":true,"href":"https:\/\/tautastribunals.eu\/index.php?rest_route=\/wp\/v2\/media\/62948"}],"wp:attachment":[{"href":"https:\/\/tautastribunals.eu\/index.php?rest_route=%2Fwp%2Fv2%2Fmedia&parent=64859"}],"wp:term":[{"taxonomy":"category","embeddable":true,"href":"https:\/\/tautastribunals.eu\/index.php?rest_route=%2Fwp%2Fv2%2Fcategories&post=64859"},{"taxonomy":"post_tag","embeddable":true,"href":"https:\/\/tautastribunals.eu\/index.php?rest_route=%2Fwp%2Fv2%2Ftags&post=64859"}],"curies":[{"name":"wp","href":"https:\/\/api.w.org\/{rel}","templated":true}]}}