{"id":64800,"date":"2023-08-13T14:38:34","date_gmt":"2023-08-13T11:38:34","guid":{"rendered":"https:\/\/tautastribunals.eu\/?p=64800"},"modified":"2023-08-13T15:37:04","modified_gmt":"2023-08-13T12:37:04","slug":"integret-krievus-tad-jau-sudu-var-integret-konditorejas-izstradajumu-sortimenta","status":"publish","type":"post","link":"https:\/\/tautastribunals.eu\/?p=64800","title":{"rendered":"Integr\u0113t krievus ? Tad jau s\u016bdu var &#8220;integr\u0113t&#8221; konditorejas izstr\u0101d\u0101jumu sortiment\u0101"},"content":{"rendered":"\n<figure class=\"wp-block-image size-large is-resized\"><img decoding=\"async\" loading=\"lazy\" src=\"https:\/\/tautastribunals.eu\/wp-content\/uploads\/2023\/01\/H-86.Grantins.LRTT_-1-800x115.png\" alt=\"\" class=\"wp-image-63520\" width=\"1450\" height=\"208\" srcset=\"https:\/\/tautastribunals.eu\/wp-content\/uploads\/2023\/01\/H-86.Grantins.LRTT_-1-800x115.png 800w, https:\/\/tautastribunals.eu\/wp-content\/uploads\/2023\/01\/H-86.Grantins.LRTT_-1-300x43.png 300w, https:\/\/tautastribunals.eu\/wp-content\/uploads\/2023\/01\/H-86.Grantins.LRTT_-1-768x110.png 768w, https:\/\/tautastribunals.eu\/wp-content\/uploads\/2023\/01\/H-86.Grantins.LRTT_-1.png 1086w\" sizes=\"(max-width: 1450px) 100vw, 1450px\" \/><\/figure>\n\n\n\n<p><\/p>\n\n\n\n<p class=\"has-black-color has-text-color has-background\" style=\"background-color:#7bdbb524\"><strong>Liene Cipulee &#8220;X&#8221; raksta:<\/strong> &#8220;Tie pazi\u0146ojumi par maz\u0101kumtaut\u012bbu skolu skolot\u0101ju nesp\u0113ju m\u0101c\u012bt latvie\u0161u valod\u0101 man liek pajaut\u0101t &#8211; vai ir pr\u0101ts sl\u0113gt ciet latvie\u0161u skolas ar mazu skol\u0113nu skaitu, jo uz t\u0101m var\u0113tu novirz\u012bt maz\u0101kumtaut\u012bbu skol\u0113nus un sl\u0113gt t\u0101s?&#8221;<\/p>\n\n\n\n<p><\/p>\n\n\n\n<p class=\"has-white-color has-text-color has-background\" style=\"background-color:#0e3c2b\"><strong>LRTT: <\/strong>Okupnttautas integr\u0101cija ir nekas cits, k\u0101 sl\u0113pts genoc\u012bds pret pamattautu. M\u0113s ta\u010du bez sevi\u0161\u0137as piep\u016bles redzam, kuri ir \u0161\u012bs integr\u0101cijas autori. Visi k\u0101 viens <strong>komunisti- \u010dekisti<\/strong>, vi\u0146u radinieki un ielikte\u0146i. Piln\u012bgi visa \u0161\u012b <strong>\u0161obla<\/strong> ir saist\u012bta ar<strong> &#8220;izredz\u0113tajiem&#8221;, Jahves<\/strong><em>(k\u0101 teica Kristus- vecais velns) <\/em>piel\u016bdz\u0113jiem ! <\/p>\n\n\n\n<p class=\"has-white-color has-text-color has-background\" style=\"background-color:#0e3c2b\">\u0160odien, 21. gadsimt\u0101 notikumos<strong> Ukrain\u0101<\/strong> m\u0113s redzam, ka krievi nav cilv\u0113ki, vi\u0146i ir s\u0101taniski izdzimumi, kuriem nav vietas cilv\u0113ciskaj\u0101 vid\u0113 ! Integr\u0113t \u0161os s\u0101taniskos krop\u013cus latvie\u0161u etnos\u0101, ir<strong> visliel\u0101kais noziegums k\u0101du vien ir iesp\u0113jams veikt<\/strong> ! Tas ir vistie\u0161\u0101kais<strong> latvie\u0161u etnosa genoc\u012bds<\/strong>. T\u0101p\u0113c, visi \u0161ie integratori ir ties\u0101jami un t\u0101pat k\u0101 \u0161ie okupantu sala\u0161\u0146as, patriecami no sabiedr\u012bbas, no <strong>Latvijas,<\/strong> bet akt\u012bv\u0101kie ties\u0101jami ar bargiem cietumsodiem ! <\/p>\n\n\n\n<p class=\"has-white-color has-text-color has-background\" style=\"background-color:#0e3c2b\">K\u0101 jau rakst\u012bju, visa sasaukuma deput\u0101ti ties\u0101jami un vi\u0146u manta atsavin\u0101ma tautas vajadz\u012bb\u0101m. Nav vi\u0146i nevain\u012bgi, vi\u0146i ir apzin\u0101ti pild\u012bju\u0161i m\u016bsu tautas slepkavu pav\u0113les !<\/p>\n\n\n\n<p class=\"has-text-align-center has-white-color has-text-color has-background\" style=\"background-color:#9d2323;font-size:22px\">Uz foto redzam di\u017eo Putina piel\u016bdz\u0113ju, okupantu integratori un latvie\u0161u valodas &#8220;m\u012bkstin\u0101t\u0101ju&#8221;, t\u0101 atdodot priek\u0161roc\u012bbu okupantu sala\u0161\u0146u valodai !<\/p>\n\n\n\n<figure class=\"wp-block-image size-full is-resized\"><img decoding=\"async\" loading=\"lazy\" src=\"https:\/\/tautastribunals.eu\/wp-content\/uploads\/2023\/01\/Vaira-Vike-Freiberga-LRTT-Latvija-L.-GrantinsPrezidents.png\" alt=\"\" class=\"wp-image-63512\" width=\"718\" height=\"472\" srcset=\"https:\/\/tautastribunals.eu\/wp-content\/uploads\/2023\/01\/Vaira-Vike-Freiberga-LRTT-Latvija-L.-GrantinsPrezidents.png 538w, https:\/\/tautastribunals.eu\/wp-content\/uploads\/2023\/01\/Vaira-Vike-Freiberga-LRTT-Latvija-L.-GrantinsPrezidents-300x197.png 300w\" sizes=\"(max-width: 718px) 100vw, 718px\" \/><\/figure>\n\n\n\n<p><\/p>\n\n\n\n<figure class=\"wp-block-image size-large is-resized\"><img decoding=\"async\" loading=\"lazy\" src=\"https:\/\/tautastribunals.eu\/wp-content\/uploads\/2023\/08\/Vaira-800x201.jpg\" alt=\"\" class=\"wp-image-64808\" width=\"1450\" height=\"364\" srcset=\"https:\/\/tautastribunals.eu\/wp-content\/uploads\/2023\/08\/Vaira-800x201.jpg 800w, https:\/\/tautastribunals.eu\/wp-content\/uploads\/2023\/08\/Vaira-300x75.jpg 300w, https:\/\/tautastribunals.eu\/wp-content\/uploads\/2023\/08\/Vaira-768x193.jpg 768w, https:\/\/tautastribunals.eu\/wp-content\/uploads\/2023\/08\/Vaira.jpg 1217w\" sizes=\"(max-width: 1450px) 100vw, 1450px\" \/><\/figure>\n\n\n\n<p class=\"has-black-color has-text-color has-background\" style=\"background-color:#7bdbb51f\"><strong>Autore turrpina: <\/strong>&#8220;B\u0113rnus var vest uz tuv\u0101ko-no vec\u0101s skolas atiet autobuss uz tuv\u0101ko latvie\u0161u skolu.Varb\u016bt ne visur san\u0101ks,bet 50km r\u0101diusus es saz\u012bm\u0113tu gan.Iesp\u0113jams,k\u0101d\u0101 viet\u0101 tas tom\u0113r der. Jo skolot\u0101ji,kas nezina valsts valodu 1.septembr\u012b ir j\u0101atst\u0101j bez darba. Un probl\u0113ma j\u0101risina ar b\u0113rniem.&#8221;<\/p>\n\n\n\n<p class=\"has-black-color has-text-color has-background\" style=\"background-color:#7bdbb51f\">&#8220;Ja vide paliek, gr\u016bdiens integr\u0101cijai b\u016bs gr\u016bt\u0101ks&#8230; Es vilktu vi\u0146us \u0101r\u0101 un tie\u0161i uz latvie\u0161i skol\u0101m nevis otr\u0101di. Bet nu es nelemju. Tikai uzturu diskusiju. Varb\u016bt \u0123ener\u0113jas k\u0101das koprades idejas risin\u0101jumiem:)&#8221;<\/p>\n\n\n\n<p class=\"has-black-color has-text-color has-background\" style=\"background-color:#7bdbb51f\">Koment\u0113t\u0101ji saka: &#8220;Liene, tev protams ir taisn\u012bba, skol\u0101s, kur nesp\u0113j m\u0101c\u012bt b\u0113rnus latvie\u0161u valod\u0101, nevajag \u013caut uz\u0146emt 1.klasi, vi\u0146i j\u0101virza uz latvie\u0161u skol\u0101m. Tikai zinot Andu \u010cak\u0161u, vi\u0146i to nekad nedar\u012bs.&#8221;<\/p>\n\n\n\n<figure class=\"wp-block-image size-full is-resized\"><img decoding=\"async\" loading=\"lazy\" src=\"https:\/\/tautastribunals.eu\/wp-content\/uploads\/2022\/06\/Vaira-Vike-FreibergaPutinsMerkelL.Grantins.LRTT_.png\" alt=\"\" class=\"wp-image-62233\" width=\"732\" height=\"573\" srcset=\"https:\/\/tautastribunals.eu\/wp-content\/uploads\/2022\/06\/Vaira-Vike-FreibergaPutinsMerkelL.Grantins.LRTT_.png 503w, https:\/\/tautastribunals.eu\/wp-content\/uploads\/2022\/06\/Vaira-Vike-FreibergaPutinsMerkelL.Grantins.LRTT_-300x235.png 300w\" sizes=\"(max-width: 732px) 100vw, 732px\" \/><\/figure>\n\n\n\n<p>13.08.23<\/p>\n\n\n\n<p><\/p>\n\n\n\n<p><\/p>\n","protected":false},"excerpt":{"rendered":"<p>Liene Cipulee &#8220;X&#8221; raksta: &#8220;Tie pazi\u0146ojumi par maz\u0101kumtaut\u012bbu skolu skolot\u0101ju nesp\u0113ju m\u0101c\u012bt latvie\u0161u valod\u0101 man liek pajaut\u0101t &#8211; vai ir pr\u0101ts sl\u0113gt ciet latvie\u0161u skolas ar mazu skol\u0113nu skaitu, jo uz t\u0101m var\u0113tu novirz\u012bt&#46;&#46;&#46;<\/p>\n","protected":false},"author":1,"featured_media":63512,"comment_status":"open","ping_status":"open","sticky":false,"template":"","format":"standard","meta":[],"categories":[1],"tags":[],"_links":{"self":[{"href":"https:\/\/tautastribunals.eu\/index.php?rest_route=\/wp\/v2\/posts\/64800"}],"collection":[{"href":"https:\/\/tautastribunals.eu\/index.php?rest_route=\/wp\/v2\/posts"}],"about":[{"href":"https:\/\/tautastribunals.eu\/index.php?rest_route=\/wp\/v2\/types\/post"}],"author":[{"embeddable":true,"href":"https:\/\/tautastribunals.eu\/index.php?rest_route=\/wp\/v2\/users\/1"}],"replies":[{"embeddable":true,"href":"https:\/\/tautastribunals.eu\/index.php?rest_route=%2Fwp%2Fv2%2Fcomments&post=64800"}],"version-history":[{"count":7,"href":"https:\/\/tautastribunals.eu\/index.php?rest_route=\/wp\/v2\/posts\/64800\/revisions"}],"predecessor-version":[{"id":64809,"href":"https:\/\/tautastribunals.eu\/index.php?rest_route=\/wp\/v2\/posts\/64800\/revisions\/64809"}],"wp:featuredmedia":[{"embeddable":true,"href":"https:\/\/tautastribunals.eu\/index.php?rest_route=\/wp\/v2\/media\/63512"}],"wp:attachment":[{"href":"https:\/\/tautastribunals.eu\/index.php?rest_route=%2Fwp%2Fv2%2Fmedia&parent=64800"}],"wp:term":[{"taxonomy":"category","embeddable":true,"href":"https:\/\/tautastribunals.eu\/index.php?rest_route=%2Fwp%2Fv2%2Fcategories&post=64800"},{"taxonomy":"post_tag","embeddable":true,"href":"https:\/\/tautastribunals.eu\/index.php?rest_route=%2Fwp%2Fv2%2Ftags&post=64800"}],"curies":[{"name":"wp","href":"https:\/\/api.w.org\/{rel}","templated":true}]}}