{"id":6473,"date":"2011-07-30T11:33:05","date_gmt":"2011-07-30T08:33:05","guid":{"rendered":"http:\/\/tautastribunals.eu\/?p=6473"},"modified":"2011-07-30T11:55:27","modified_gmt":"2011-07-30T08:55:27","slug":"komunistiskais-izdzimtenis-latvijas-prezidents","status":"publish","type":"post","link":"https:\/\/tautastribunals.eu\/?p=6473","title":{"rendered":"Komunistiskais izdzimtenis- Latvijas prezidents"},"content":{"rendered":"<h1><span style=\"color: #ff0000\">MIGLA SARKAN\u0100 &#8211; NOL\u0100D\u0112T\u0100<\/span><\/h1>\n<p><span style=\"color: #008000\"><img decoding=\"async\" loading=\"lazy\" class=\"alignleft size-full wp-image-6474\" src=\"http:\/\/tautastribunals.eu\/wp-content\/uploads\/2011\/07\/LRTT-131.bmp\" alt=\"LRTT-13\" width=\"82\" height=\"82\" \/>Kur\u0161 b\u016bs tas, kur\u0161 teiks, ka \u0161is komunistu izdzimtenis nav peln\u012bjis pak\u0101r\u0161anu visas <strong>Latvijas<\/strong> &#8220;priek\u0161\u0101&#8221;?<\/span><\/p>\n<h2><span style=\"color: #008000\">Vi\u0146\u0161 ir zadzis, zadzis un tikai zadzis no tautas sar\u016bp\u0113taj\u0101m v\u0113rt\u012bb\u0101m. <\/span><\/h2>\n<p><span style=\"color: #008000\">Un nedr\u012bkstam aizmirst, ka vi\u0146\u0161 tika iev\u0113l\u0113ts no<strong> Saeimas<\/strong>, kuru iepriek\u0161\u0113jais prezidents atzina par <span style=\"text-decoration: underline\"><strong>noziedz\u012bgu <\/strong><\/span>un <span style=\"text-decoration: underline\"><strong>tauta to referendum\u0101 apstiprin\u0101ja<\/strong><\/span>.<\/span><\/p>\n<p><span style=\"text-decoration: underline\"><strong><span style=\"color: #008000\">Par \u0161o de\u0123ener\u0101tu vair\u0101k las\u012bt<\/span><\/strong><\/span><strong><span style=\"color: #008000\">:<\/span> <\/strong><\/p>\n<p><a title=\"Spiest \u0161eit\" href=\"http:\/\/www.kasjauns.lv\/lv\/zinas\/54481\/prezidenta-andra-berzina-verienigas-bagatibas\" target=\"_blank\"><span style=\"color: #ff00ff\">http:\/\/www.kasjauns.lv\/lv\/zinas\/54481\/prezidenta-andra-berzina-verienigas-bagatibas<\/span><\/a><span style=\"color: #ff00ff\"> <\/span><\/p>\n<h2><strong><span style=\"color: #008000\">===============================<\/span><\/strong><\/h2>\n<p><span style=\"color: #ff0000\"><strong>Kas pieder prezidentam Andrim B\u0113rzi\u0146am<\/strong><\/span><\/p>\n<p><span style=\"color: #ff0000\"> <\/span><\/p>\n<p><span style=\"color: #ff0000\"><strong><img decoding=\"async\" loading=\"lazy\" class=\"alignleft size-full wp-image-6475\" src=\"http:\/\/tautastribunals.eu\/wp-content\/uploads\/2011\/07\/bandits.jpg\" alt=\"bandits\" width=\"106\" height=\"178\" \/>Iekr\u0101jumi:<\/strong> 1 528 190 lati.<br \/>\n<strong>Aizdevis:<\/strong><\/span> <span style=\"color: #ff0000\"> 1 000 776 lati.<br \/>\n<strong>Par\u0101di: <\/strong><\/span> <span style=\"color: #ff0000\">nav.<br \/>\n<strong>\u012apa\u0161umi:<\/strong><\/span> <span style=\"color: #ff0000\"> dz\u012bvoklis Vecr\u012bg\u0101, Va\u013c\u0146u iel\u0101 11; septi\u0146i zemes gabali un \u0113kas Drabe\u0161os; \u010detri zemes gabali un \u0113kas N\u012btaures pagast\u0101; zeme un \u0113kas Kolk\u0101 kop\u012bpa\u0161um\u0101 ar Andri Ravi\u0146u; divi zemes gabali \u0100da\u017eu novad\u0101; divi zemes gabali, \u0113kas L\u012bgatnes pagast\u0101; devi\u0146i zemes gabali Kolk\u0101; pa zemes gabalam Garkalnes novad\u0101, Gl\u016bdas pagast\u0101, \u0136ekav\u0101, Zaub\u0113, Vecpiebalg\u0101, Varie\u0161os, \u013baudon\u0101, Limba\u017eu pagast\u0101, Krimuld\u0101; divi zemes gabali Amatas novad\u0101.<br \/>\n<strong> <\/strong><\/span><\/p>\n<p><span style=\"color: #ff0000\"><strong>V\u0113rtspap\u012bri: <\/strong><\/span> <span style=\"color: #ff0000\">SEB bankas oblig\u0101cijas 229 155 latu v\u0113rt\u012bb\u0101.<br \/>\n<strong>Sp\u0113krati: <\/strong><\/span> <span style=\"color: #ff0000\">\u201eMercedes Benz ML320\u201d (2007), traktors T25 (1992), traktors MTZ 952 (2000).<\/span><\/p>\n<p><strong><span style=\"color: #ff0000\">Avots:<\/span> <\/strong> <span style=\"color: #ff0000\">amatpersonas deklar\u0101cija par 2010. gadu.<\/span><\/p>\n<p><span style=\"color: #ff0000\">30.07.11<br \/>\n<\/span><\/p>\n","protected":false},"excerpt":{"rendered":"<p>MIGLA SARKAN\u0100 &#8211; NOL\u0100D\u0112T\u0100 Kur\u0161 b\u016bs tas, kur\u0161 teiks, ka \u0161is komunistu izdzimtenis nav peln\u012bjis pak\u0101r\u0161anu visas Latvijas &#8220;priek\u0161\u0101&#8221;? Vi\u0146\u0161 ir zadzis, zadzis un tikai zadzis no tautas sar\u016bp\u0113taj\u0101m v\u0113rt\u012bb\u0101m. Un nedr\u012bkstam aizmirst, ka&#46;&#46;&#46;<\/p>\n","protected":false},"author":6,"featured_media":0,"comment_status":"open","ping_status":"open","sticky":false,"template":"","format":"standard","meta":[],"categories":[1],"tags":[],"_links":{"self":[{"href":"https:\/\/tautastribunals.eu\/index.php?rest_route=\/wp\/v2\/posts\/6473"}],"collection":[{"href":"https:\/\/tautastribunals.eu\/index.php?rest_route=\/wp\/v2\/posts"}],"about":[{"href":"https:\/\/tautastribunals.eu\/index.php?rest_route=\/wp\/v2\/types\/post"}],"author":[{"embeddable":true,"href":"https:\/\/tautastribunals.eu\/index.php?rest_route=\/wp\/v2\/users\/6"}],"replies":[{"embeddable":true,"href":"https:\/\/tautastribunals.eu\/index.php?rest_route=%2Fwp%2Fv2%2Fcomments&post=6473"}],"version-history":[{"count":11,"href":"https:\/\/tautastribunals.eu\/index.php?rest_route=\/wp\/v2\/posts\/6473\/revisions"}],"predecessor-version":[{"id":6486,"href":"https:\/\/tautastribunals.eu\/index.php?rest_route=\/wp\/v2\/posts\/6473\/revisions\/6486"}],"wp:attachment":[{"href":"https:\/\/tautastribunals.eu\/index.php?rest_route=%2Fwp%2Fv2%2Fmedia&parent=6473"}],"wp:term":[{"taxonomy":"category","embeddable":true,"href":"https:\/\/tautastribunals.eu\/index.php?rest_route=%2Fwp%2Fv2%2Fcategories&post=6473"},{"taxonomy":"post_tag","embeddable":true,"href":"https:\/\/tautastribunals.eu\/index.php?rest_route=%2Fwp%2Fv2%2Ftags&post=6473"}],"curies":[{"name":"wp","href":"https:\/\/api.w.org\/{rel}","templated":true}]}}