{"id":64726,"date":"2023-07-21T14:16:33","date_gmt":"2023-07-21T11:16:33","guid":{"rendered":"https:\/\/tautastribunals.eu\/?p=64726"},"modified":"2023-07-21T14:19:30","modified_gmt":"2023-07-21T11:19:30","slug":"nekas-nemainisies-kamer-pastaves-cionisma-citadele-izraelar-bunkas-a-borovkova-banda","status":"publish","type":"post","link":"https:\/\/tautastribunals.eu\/?p=64726","title":{"rendered":"Nekas nemain\u012bsies, kam\u0113r past\u0101v\u0113s cionisma citadele Izra\u0113la(R. Bunkas &#038; A. Borovkova banda)"},"content":{"rendered":"\n<figure class=\"wp-block-image size-large is-resized\"><img decoding=\"async\" loading=\"lazy\" src=\"https:\/\/tautastribunals.eu\/wp-content\/uploads\/2023\/01\/H-86.Grantins.LRTT_-800x115.png\" alt=\"\" class=\"wp-image-63496\" width=\"1450\" height=\"208\" srcset=\"https:\/\/tautastribunals.eu\/wp-content\/uploads\/2023\/01\/H-86.Grantins.LRTT_-800x115.png 800w, https:\/\/tautastribunals.eu\/wp-content\/uploads\/2023\/01\/H-86.Grantins.LRTT_-300x43.png 300w, https:\/\/tautastribunals.eu\/wp-content\/uploads\/2023\/01\/H-86.Grantins.LRTT_-768x110.png 768w, https:\/\/tautastribunals.eu\/wp-content\/uploads\/2023\/01\/H-86.Grantins.LRTT_.png 1086w\" sizes=\"(max-width: 1450px) 100vw, 1450px\" \/><\/figure>\n\n\n\n<p><\/p>\n\n\n\n<figure class=\"wp-block-embed is-type-video is-provider-youtube wp-block-embed-youtube wp-embed-aspect-16-9 wp-has-aspect-ratio\"><div class=\"wp-block-embed__wrapper\">\n<div class=\"video-container\"><iframe loading=\"lazy\" title=\"Ko piesedz Stuk\u0101na prokurat\u016bra - baisu krievu spiegu vai VDD noziedz\u012bgos paraz\u012btus un vi\u0146u fufeli?\" width=\"500\" height=\"281\" src=\"https:\/\/www.youtube.com\/embed\/fbI7VI62E1c?start=9&#038;feature=oembed&#038;wmode=opaque\" frameborder=\"0\" allow=\"accelerometer; autoplay; clipboard-write; encrypted-media; gyroscope; picture-in-picture; web-share\" allowfullscreen><\/iframe><\/div>\n<\/div><\/figure>\n\n\n\n<p><\/p>\n\n\n\n<p class=\"has-text-align-center has-white-color has-text-color has-background\" style=\"background-color:#7b1717;font-size:24px\">Lato Lapsas piemin\u0113tais 1937. gads ir izskaidrojams ar \u0161o &#8220;lozungu&#8221;: <\/p>\n\n\n\n<figure class=\"wp-block-image size-large is-resized\"><img decoding=\"async\" loading=\"lazy\" src=\"https:\/\/tautastribunals.eu\/wp-content\/uploads\/2023\/05\/Totalitarisms-800x128.png\" alt=\"\" class=\"wp-image-64384\" width=\"1450\" height=\"232\" srcset=\"https:\/\/tautastribunals.eu\/wp-content\/uploads\/2023\/05\/Totalitarisms-800x128.png 800w, https:\/\/tautastribunals.eu\/wp-content\/uploads\/2023\/05\/Totalitarisms-300x48.png 300w, https:\/\/tautastribunals.eu\/wp-content\/uploads\/2023\/05\/Totalitarisms-768x122.png 768w, https:\/\/tautastribunals.eu\/wp-content\/uploads\/2023\/05\/Totalitarisms.png 916w\" sizes=\"(max-width: 1450px) 100vw, 1450px\" \/><\/figure>\n\n\n\n<p class=\"has-text-align-center has-white-color has-text-color has-background\" style=\"background-color:#781a1a;font-size:22px\">Lato Lapsas &#8220;c\u012b\u0146a&#8221; ir vis\u012bst\u0101kais politiskais on\u0101nisms <\/p>\n\n\n\n<p class=\"has-black-color has-text-color has-background\" style=\"background-color:#7bdbb526\"><strong>Lato<\/strong> \u0161eit piemin <strong>St\u016bk\u0101nu,<\/strong> bet pareiz\u0101k b\u016btu piemin\u0113t <strong>SIST\u0112MU<\/strong>, kas darbojas neatkar\u012bgi vai to vada <strong>Kalnmeiers, Stuk\u0101ns<\/strong><em>(vai) <\/em>&amp; <strong>Co<\/strong>&#8230; . To, protams,<strong> Lapsa<\/strong> nevar at\u013cauties, jo tad<strong> &#8220;gali var novest&#8221;<\/strong> pie vi\u0146a pa\u0161a un saimnieka kuram vi\u0146\u0161 kalpo. Ja m\u0113s to visu saprotam, tad ar\u012b skaidrs, ka <strong>Lato Lapsa <\/strong>ir \u0161\u012bs pa\u0161as sist\u0113mas, pret kuru vi\u0146\u0161 tik intens\u012bvi c\u012bn\u0101s, neat\u0146emama sast\u0101vda\u013ca. <\/p>\n\n\n\n<p class=\"has-text-align-center has-black-color has-text-color has-background\" style=\"background-color:#7bdbb526\"><strong>Lato Lapsa<\/strong> ir cionisma <strong>NENOGURSTO\u0160S C\u012aN\u012aT\u0100JS.<\/strong> <\/p>\n\n\n\n<p class=\"has-black-color has-text-color has-background\" style=\"background-color:#7bdbb526\">\u0160is di\u017eais c\u012bn\u012bt\u0101js, kura v\u0101rds ir<strong> Lato Lapsa<\/strong>, ir ap\u0137\u0113z\u012bjis ar saviem <strong>Ci\u0101nas izk\u0101rn\u012bjumiem<\/strong> visus<strong> Latvijas patriotus<\/strong>, tos, kuri patie\u0161\u0101m uzst\u0101j\u0101s pret<strong> komunistu atstum\u0161anu no varas gro\u017eiem<\/strong>. Ja vi\u0146\u0161 neb\u016btu <strong>&#8220;vi\u0146u&#8221;<\/strong> cilv\u0113ks, tad p\u0113c t\u0101, ko vi\u0146\u0161 run\u0101, vi\u0146am sen jau vajadz\u0113ja barot <strong>ZEMES T\u0100RPUS<\/strong>, bet no vi\u0146a galvas nav nokritis ne <strong>mats<\/strong>, kur nu v\u0113l k\u0101ds lauzts kauls vai<strong> zila acs <\/strong>! Vi\u0146a darbs ir pietieko\u0161i augl\u012bgs, jo ar\u012b man vi\u0146\u0161 at\u0146em t\u0101 jau ierobe\u017eoto kapacit\u0101ti. T\u0101 viet\u0101 lai run\u0101tu par \u012bstiem nelie\u0161iem, izn\u0101k ziedot laiks, lai atmaskotu vi\u0146a provokat\u012bvo darb\u012bbu. <\/p>\n\n\n\n<p class=\"has-black-color has-text-color has-background\" style=\"background-color:#7bdbb526\">Tas no\u017e\u0113lojam\u0101kais ir tas, ka vi\u0146a un t\u0101das <strong>Elitas Veidemanes<\/strong><em>(vis\u012bst\u0101ka politisk\u0101 un sadz\u012bves mauka) <\/em>darb\u012bbu atbalsta pietieko\u0161i daudz<strong> &#8220;publikas&#8221;<\/strong>&#8230;., abi ta\u010du <strong>Atmodas <\/strong>laika \u010dekas <strong>&#8220;izper\u0113ti patrijoti&#8221;<\/strong> ! Ar\u012b <strong>Lindermanis<\/strong> ir pietieko\u0161i bie\u017es viesis port\u0101l\u0101<strong> PIETIEK<\/strong>. <\/p>\n\n\n\n<p class=\"has-black-color has-text-color has-background\" style=\"background-color:#7bdbb526\">Kas attiecas uz 1937. gadu, tad tas<strong> Latvij\u0101 <\/strong>nekur nav zudis ar\u012b p\u0113c <strong>Atmodas<\/strong>. Tas turpina <strong>PATRIOTU P\u013bAUJU<\/strong> l\u012bdz \u0161ai dienai. Par \u0161o \u0161ak\u0101\u013c\u017e\u012bdu bandu<em>(visne\u017e\u0113l\u012bg\u0101ko antisem\u012btu) <\/em><strong>L. Granti\u0146\u0161 <\/strong>jau ir centies inform\u0113t vair\u0101kk\u0101rt\u012bgi. Sekas- <strong>TOT\u0100LS KLUSUMS<\/strong> ! Tot\u0101ls klusums t\u0101p\u0113c, ka aiz visa t\u0101 st\u0101v cionisms ! <\/p>\n\n\n\n<p class=\"has-black-color has-text-color has-background\" style=\"background-color:#7bdbb526\">Ar\u012b <strong>Astr\u012bdas Bab\u0101nes <a href=\"https:\/\/tautastribunals.eu\/?p=39910\">LIEC\u012aBAS<\/a> <\/strong>par <strong>Bunkas &amp; Borovkova <\/strong>slepkavu kantori, tiek piln\u012bb\u0101 noklus\u0113tas !!! <\/p>\n\n\n\n<p class=\"has-text-align-center has-black-color has-text-color has-background\" style=\"background-color:#7bdbb526;font-size:22px\"><strong>Latvija <\/strong>ir cionistisko slepkavu p\u0101rvald\u012bts <strong>KARTELIS,<\/strong> kuram ar tiesiskas valsts statusu nav nekas kop\u012bgs !!!<\/p>\n\n\n\n<p class=\"has-white-color has-black-background-color has-text-color has-background\"><strong>LR \u0122ener\u0101lprokurat\u016brai<\/strong><\/p>\n\n\n\n<p class=\"has-white-color has-black-background-color has-text-color has-background\"><strong>\u00a0\u00a0\u00a0\u00a0\u00a0\u00a0\u00a0\u00a0\u00a0\u00a0\u00a0\u00a0\u00a0\u00a0\u00a0\u00a0\u00a0\u00a0\u00a0\u00a0\u00a0\u00a0\u00a0\u00a0\u00a0\u00a0\u00a0\u00a0\u00a0\u00a0\u00a0\u00a0\u00a0\u00a0\u00a0\u00a0\u00a0\u00a0\u00a0\u00a0\u00a0\u00a0<\/strong><a href=\"https:\/\/tautastribunals.eu\/?p=49663\"><strong>\u00a0\u00a0\u00a0 LCTAG H- 86<\/strong> iesniegums<\/a><\/p>\n\n\n\n<p class=\"has-white-color has-black-background-color has-text-color has-background\"><strong>Latvijas cilv\u0113kties\u012bbu aizst\u0101v\u0113\u0161anas grupa HELSINKI- 86<\/strong><em>(latvie\u0161u tauta)<\/em> v\u0113las, lai <strong>J\u016aS<\/strong> paskaidrotu, uz k\u0101diem <strong>TIES\u012aBU PAMATIEM Latvij\u0101<\/strong> darbojas t\u0101di veidojumi k\u0101: <strong>LATVIJAS JURISTU BIEDR\u012aBA<\/strong>, kuras prezidents ir <strong>PSRS VDK<\/strong> virsnieks- nelatvietis <strong>AIVARS BOROVKOVS<\/strong> un <strong>LATVIJAS JURISTU APVIEN\u012aBA<\/strong>, kuras priek\u0161s\u0113d\u0113t\u0101js ir <strong>PSRS VDK<\/strong> virsnieka <strong>ANDRA BUNKAS <\/strong>aud\u017eud\u0113ls- nelatvietis <strong>RIHARDS BUNKA<\/strong> ? Ko \u0161\u012bs divas <strong>\u201corganiz\u0101cijas\u201d, <\/strong>kuras vada <strong>PSRS<\/strong> repres\u012bvo org\u0101nu virsnieki un vi\u0146u \u0123imenes locek\u013ci, veic <strong>LATVIJAS<\/strong> interes\u0113s un no k\u0101diem\/par k\u0101diem l\u012bdzek\u013ciem vi\u0146i tiek uztur\u0113ti ? Ir ta\u010du zin\u0101ms, ko sac\u012bja p\u0113d\u0113jais <strong>Latvijas PSR VDK<\/strong> priek\u0161nieks- latvietis <strong>EDMUNDS JOHANSONS:<\/strong> <strong><em>\u201cLatvijas dro\u0161\u012bbas jaut\u0101jumu bez manas zi\u0146as Maskav\u0101 nok\u0101rtoja VDK darbinieki A. BOROVKOVS un I. GODMANIS.\u201d<\/em><\/strong><\/p>\n\n\n\n<p class=\"has-white-color has-black-background-color has-text-color has-background\">M\u0113s zin\u0101m, ka p\u0113c<strong>ATMODAS Latvij\u0101 neizskaidrojam\u0101s <\/strong>n\u0101v\u0113s ir <strong>\u201cmiru\u0161i\u201d<\/strong> neiedom\u0101jams daudzums <strong><u>Latvijas patriotu<\/u><\/strong> un <strong><u>latvie\u0161u biznesme\u0146u, <\/u><\/strong>bet piln\u012bgi neviens vain\u012bgais nav atkl\u0101ts ! Nav nosl\u0113pums, ka \u0161\u012bs abas \u201c<strong>organiz\u0101cijas<\/strong>\u201d darbojas p\u0113c <strong>\u201cmilit\u0101rprincipa\u201d<\/strong> un ir saist\u012btas ar <strong><u>Maskavai pak\u013cauto- R\u012bg\u0101 darbojo\u0161os<\/u><\/strong> <strong>TM Security,<\/strong> kas skait\u0101s <strong>5. kolonna Latvij\u0101 <\/strong>un, kura ar\u012b sadarb\u012bb\u0101 ar <strong>LJB <\/strong>un <strong>LJA <\/strong>veic <strong>4. maija kli\u0137ei nev\u0113lamo personu likvid\u0113\u0161anu<\/strong> ! Ir ar\u012b zin\u0101ms, ka <strong>Latvij\u0101<\/strong> notiek <strong>S\u0100TANA PIEL\u016aG\u0160ANAS RITU\u0100LI<\/strong>, kuros tiek upur\u0113ti cilv\u0113ki un dzertas to asinis. \u0160eit piemin\u0113t\u0101s <strong>\u201corganiz\u0101cijas\u201d <\/strong>ir t\u0101s, kuras apg\u0101d\u0101 <strong>S\u0100TANISTUS <\/strong>ar vajadz\u012bgo <strong>CILV\u0112KMATERI\u0100LU<\/strong>.<\/p>\n\n\n\n<p class=\"has-white-color has-black-background-color has-text-color has-background\"><strong>LR <\/strong>dro\u0161\u012bbas org\u0101nu uzdevums ir noskaidrot: <strong>visu no Latvijas b\u0113rnu namiem adopt\u0113to b\u0113rni\u0146u likte\u0146us<\/strong> ! Tad ar\u012b atkl\u0101s \u0161ausmas, k\u0101das <strong><u>\u0161\u012bs \u010dekistu organiz\u0101cijas veic pret latvie\u0161u tautu<\/u><\/strong>. Ir j\u0101p\u0101rskata neiedom\u0101jami daudz krimin\u0101llietu, kuras safabric\u0113tas tie\u0161i pret latvie\u0161u tautai pieder\u012bgajiem, kas ir ierindojamas pie <strong>S\u0100TANISKO RITU\u0100LU<\/strong> procesiem. Piem: <strong>Osvalda Miglas, Gintas Voici\u0161as, M\u0101rti\u0146a Gr\u012bnberga, Sintijas B\u0101li\u0146as<\/strong> un d.c. simtu <strong>LIETU <\/strong>!<\/p>\n\n\n\n<p class=\"has-white-color has-black-background-color has-text-color has-background\"><strong>ASTR\u012aDA BAB\u0100NE,<\/strong> kura ilgu laiku str\u0101d\u0101ja <strong>R. Bunkas \u201ckantor\u012b\u201d,<\/strong> liecin\u0101ja <strong>H- 86<\/strong>: <strong>KAS IR \u0160IS KANTORIS <\/strong>un ar ko tas <strong>R. Bunkas <\/strong>vad\u012bb\u0101 nodarbojas ! Ar\u012b bijus\u012b tiesnese <strong>SANDRA BRI\u0136E<\/strong> ir gatava liecin\u0101t par \u0161odienas band\u012btisko <strong>\u201cties\u012bbnieku\u201d <\/strong>noziegumiem pret valsti un tautu !<\/p>\n\n\n\n<p><\/p>\n\n\n\n<p><\/p>\n\n\n\n<figure class=\"wp-block-image size-full is-resized\"><img decoding=\"async\" loading=\"lazy\" src=\"https:\/\/tautastribunals.eu\/wp-content\/uploads\/2022\/12\/Zatlers.Suharenko..png\" alt=\"\" class=\"wp-image-63325\" width=\"577\" height=\"402\" srcset=\"https:\/\/tautastribunals.eu\/wp-content\/uploads\/2022\/12\/Zatlers.Suharenko..png 490w, https:\/\/tautastribunals.eu\/wp-content\/uploads\/2022\/12\/Zatlers.Suharenko.-300x209.png 300w\" sizes=\"(max-width: 577px) 100vw, 577px\" \/><\/figure>\n\n\n\n<p><\/p>\n\n\n\n<figure class=\"wp-block-image size-full is-resized\"><img decoding=\"async\" loading=\"lazy\" src=\"https:\/\/tautastribunals.eu\/wp-content\/uploads\/2020\/11\/Borovkovs.Lato-Lapsa.-Liepnieks.-Smits.Urbanovics.Grantins.LRTT_.png\" alt=\"\" class=\"wp-image-58499\" width=\"1450\" height=\"442\" srcset=\"https:\/\/tautastribunals.eu\/wp-content\/uploads\/2020\/11\/Borovkovs.Lato-Lapsa.-Liepnieks.-Smits.Urbanovics.Grantins.LRTT_.png 702w, https:\/\/tautastribunals.eu\/wp-content\/uploads\/2020\/11\/Borovkovs.Lato-Lapsa.-Liepnieks.-Smits.Urbanovics.Grantins.LRTT_-300x91.png 300w\" sizes=\"(max-width: 1450px) 100vw, 1450px\" \/><\/figure>\n\n\n\n<p>21.07.23<\/p>\n\n\n\n<p><\/p>\n\n\n\n<p><\/p>\n\n\n\n<p><\/p>\n\n\n\n<p><\/p>\n","protected":false},"excerpt":{"rendered":"<p>Lato Lapsas piemin\u0113tais 1937. gads ir izskaidrojams ar \u0161o &#8220;lozungu&#8221;: Lato Lapsas &#8220;c\u012b\u0146a&#8221; ir vis\u012bst\u0101kais politiskais on\u0101nisms Lato \u0161eit piemin St\u016bk\u0101nu, bet pareiz\u0101k b\u016btu piemin\u0113t SIST\u0112MU, kas darbojas neatkar\u012bgi vai to vada Kalnmeiers, Stuk\u0101ns(vai)&#46;&#46;&#46;<\/p>\n","protected":false},"author":1,"featured_media":63356,"comment_status":"open","ping_status":"open","sticky":false,"template":"","format":"standard","meta":[],"categories":[1],"tags":[],"_links":{"self":[{"href":"https:\/\/tautastribunals.eu\/index.php?rest_route=\/wp\/v2\/posts\/64726"}],"collection":[{"href":"https:\/\/tautastribunals.eu\/index.php?rest_route=\/wp\/v2\/posts"}],"about":[{"href":"https:\/\/tautastribunals.eu\/index.php?rest_route=\/wp\/v2\/types\/post"}],"author":[{"embeddable":true,"href":"https:\/\/tautastribunals.eu\/index.php?rest_route=\/wp\/v2\/users\/1"}],"replies":[{"embeddable":true,"href":"https:\/\/tautastribunals.eu\/index.php?rest_route=%2Fwp%2Fv2%2Fcomments&post=64726"}],"version-history":[{"count":10,"href":"https:\/\/tautastribunals.eu\/index.php?rest_route=\/wp\/v2\/posts\/64726\/revisions"}],"predecessor-version":[{"id":64737,"href":"https:\/\/tautastribunals.eu\/index.php?rest_route=\/wp\/v2\/posts\/64726\/revisions\/64737"}],"wp:featuredmedia":[{"embeddable":true,"href":"https:\/\/tautastribunals.eu\/index.php?rest_route=\/wp\/v2\/media\/63356"}],"wp:attachment":[{"href":"https:\/\/tautastribunals.eu\/index.php?rest_route=%2Fwp%2Fv2%2Fmedia&parent=64726"}],"wp:term":[{"taxonomy":"category","embeddable":true,"href":"https:\/\/tautastribunals.eu\/index.php?rest_route=%2Fwp%2Fv2%2Fcategories&post=64726"},{"taxonomy":"post_tag","embeddable":true,"href":"https:\/\/tautastribunals.eu\/index.php?rest_route=%2Fwp%2Fv2%2Ftags&post=64726"}],"curies":[{"name":"wp","href":"https:\/\/api.w.org\/{rel}","templated":true}]}}