{"id":64653,"date":"2023-07-08T15:47:31","date_gmt":"2023-07-08T12:47:31","guid":{"rendered":"https:\/\/tautastribunals.eu\/?p=64653"},"modified":"2023-07-08T23:47:37","modified_gmt":"2023-07-08T20:47:37","slug":"roberts-zemaitisrobertas-kuram-ukraina-ir-krieviski-runajosie-radinieki","status":"publish","type":"post","link":"https:\/\/tautastribunals.eu\/?p=64653","title":{"rendered":"Roberts \u017demaitis(Robertas) kuram Ukrain\u0101 ir krieviski run\u0101jo\u0161ie radinieki !"},"content":{"rendered":"\n<figure class=\"wp-block-image size-large is-resized\"><img decoding=\"async\" loading=\"lazy\" src=\"https:\/\/tautastribunals.eu\/wp-content\/uploads\/2023\/01\/H-86.Grantins.LRTT_-1-800x115.png\" alt=\"\" class=\"wp-image-63520\" width=\"1450\" height=\"208\" srcset=\"https:\/\/tautastribunals.eu\/wp-content\/uploads\/2023\/01\/H-86.Grantins.LRTT_-1-800x115.png 800w, https:\/\/tautastribunals.eu\/wp-content\/uploads\/2023\/01\/H-86.Grantins.LRTT_-1-300x43.png 300w, https:\/\/tautastribunals.eu\/wp-content\/uploads\/2023\/01\/H-86.Grantins.LRTT_-1-768x110.png 768w, https:\/\/tautastribunals.eu\/wp-content\/uploads\/2023\/01\/H-86.Grantins.LRTT_-1.png 1086w\" sizes=\"(max-width: 1450px) 100vw, 1450px\" \/><\/figure>\n\n\n\n<p><\/p>\n\n\n\n<p><\/p>\n\n\n\n<p class=\"has-text-align-center has-white-color has-black-background-color has-text-color has-background\">\u0160is naida kurin\u0101t\u0101js pret<strong> Latvijas <\/strong>valsti un latvie\u0161u tautu pats ar\u012b atz\u012bstas, ka starp latvie\u0161iem vi\u0146\u0161 sve\u0161s<strong> &#8220;elements&#8221;<\/strong>, sac\u012bdams, ka vi\u0146am<strong> Ukrain\u0101<\/strong> ir krieviski \u017e\u013cerksto\u0161i radinieki. Par valodu, t\u0101s b\u016btiskaj\u0101 form\u0101, te pat runa nevar b\u016bt. T\u0101 nav valoda, t\u0101 ir pret\u012bgu v\u0101rdu savirkn\u0113jums, kas tulkots latviski, rada viennoz\u012bm\u012bgu riebumu, t\u0101pat k\u0101 \u0161is <strong>&#8220;\u017eemaitis&#8221;<\/strong>. Ar <strong>sl\u0101viem <\/strong>un <strong>sl\u0101vu valodu,<\/strong> \u0161im <strong>KOKTEILIM<\/strong>, kur\u0161 tiek d\u0113v\u0113ts par valodu, nav nekas kop\u012bgs. T\u0101pat k\u0101 slepkavam<strong> \u0160leseram<\/strong> nav nekas kop\u012bgs ar <strong>Latviju, latvie\u0161iem<\/strong> un <strong>demokr\u0101tiju<\/strong>. Krieviem, \u0161iem smirdo\u0161ajiem okupantiem- slepkav\u0101m, nav vietas starp cilv\u0113kiem un kur nu v\u0113l starp latvie\u0161iem ! Vi\u0146u zv\u0113r\u012bbas<strong> Ukrain\u0101 <\/strong>tam ir nep\u0101rprotams apliecin\u0101jums. Viens jaut\u0101jums tom\u0113r paliek nesaprotams, k\u0101p\u0113c \u0161is lietuvie\u0161u tautas atkritums t\u0101 uz\u0113dies latvie\u0161u valodai un <strong>Li\u0101nai Langai<\/strong> ? Dom\u0101ju, ka <strong>piel\u012bd\u0113ji, kolaboracionisti<\/strong> un <strong>okupanti<\/strong>, j\u016bt savas dr\u012bzas beigas ! Vi\u0146\u0161 ar\u012b idiotisk\u0101 k\u0101rt\u0101 piemin, ka visi paz\u012bstamie cilv\u0113ki<strong> Ukrain\u0101 <\/strong>sniedz intervijas krievu valod\u0101, bet ne ukrai\u0146u. Te tad ar\u012b sl\u0113pjas tas hemoro\u012bdiskais zemiskums ! Intervijas krievu valod\u0101 tiek sniegtas, lai saprastu visi biju\u0161ie <strong>PSRS <\/strong>iedz\u012bvot\u0101ji, ieskaitot ar\u012b mani. Tie\u0161i \u0161is proces ar\u012b ir pieskait\u0101ms pie<strong> Ukrainas atkrievo\u0161anas <\/strong>!!!<\/p>\n\n\n\n<p class=\"has-text-align-center has-white-color has-black-background-color has-text-color has-background\">Nav jau labi aprun\u0101t cilv\u0113ka izskatu, bet ja vi\u0146\u0161 pats, ar savu idiotismu, uz to uzpras\u0101s&#8230; Jau rakst\u012bju, ka vi\u0146\u0161 der\u0113tu k\u0101 hemoro\u012bda att\u0113lojums k\u0101d\u0101 parodiju te\u0101tr\u012b. <\/p>\n\n\n\n<p class=\"has-text-align-center has-white-color has-black-background-color has-text-color has-background\">Un, vai iev\u0113roj\u0101t vi\u0146a smalko \u0137\u0113d\u012bti uz lab\u0101s rokas, kas nu nek\u0101d\u012bgi neiet kop\u0101 ar v\u012bri\u0161\u0137\u012bbu&#8230; . Ja zin\u0101m, ka<strong> \u0160lesers <\/strong>jaun\u012bb\u0101 bija saist\u012bts ar Maskavas homoseksu\u0101\u013ciem&#8230; , tad viss nost\u0101jas sav\u0101s viet\u0101s.<\/p>\n\n\n\n<p class=\"has-text-align-center has-white-color has-text-color has-background has-medium-font-size\" style=\"background-color:#982c2c\">\u0160im lopam, kur\u0161 Li\u0101nu Langu sauc par meli, nav vietas Latvij\u0101, ja nu vien\u012bgi, tad aiz rest\u0113m !<\/p>\n\n\n\n<figure class=\"wp-block-embed is-type-video is-provider-youtube wp-block-embed-youtube wp-embed-aspect-16-9 wp-has-aspect-ratio\"><div class=\"wp-block-embed__wrapper\">\n<div class=\"video-container\"><iframe loading=\"lazy\" title=\"LI\u0100NAS LANGAS  MELU UN NAIDA KURIN\u0100\u0160ANAS KAMPA\u0145A | Roberts \u017demaitis\" width=\"500\" height=\"281\" src=\"https:\/\/www.youtube.com\/embed\/Uqxj5kwTjiY?feature=oembed&#038;wmode=opaque\" frameborder=\"0\" allow=\"accelerometer; autoplay; clipboard-write; encrypted-media; gyroscope; picture-in-picture; web-share\" allowfullscreen><\/iframe><\/div>\n<\/div><\/figure>\n\n\n\n<p><\/p>\n\n\n\n<p class=\"has-text-align-center has-white-color has-black-background-color has-text-color has-background\">N\u0101vi krievu okupantiem ! <\/p>\n\n\n\n<p class=\"has-text-align-center has-white-color has-black-background-color has-text-color has-background\">Slava Ukrainai !<\/p>\n\n\n\n<p>08.07.23<\/p>\n\n\n\n<p><\/p>\n","protected":false},"excerpt":{"rendered":"<p>\u0160is naida kurin\u0101t\u0101js pret Latvijas valsti un latvie\u0161u tautu pats ar\u012b atz\u012bstas, ka starp latvie\u0161iem vi\u0146\u0161 sve\u0161s &#8220;elements&#8221;, sac\u012bdams, ka vi\u0146am Ukrain\u0101 ir krieviski \u017e\u013cerksto\u0161i radinieki. Par valodu, t\u0101s b\u016btiskaj\u0101 form\u0101, te pat runa&#46;&#46;&#46;<\/p>\n","protected":false},"author":1,"featured_media":64460,"comment_status":"open","ping_status":"open","sticky":false,"template":"","format":"standard","meta":[],"categories":[1],"tags":[],"_links":{"self":[{"href":"https:\/\/tautastribunals.eu\/index.php?rest_route=\/wp\/v2\/posts\/64653"}],"collection":[{"href":"https:\/\/tautastribunals.eu\/index.php?rest_route=\/wp\/v2\/posts"}],"about":[{"href":"https:\/\/tautastribunals.eu\/index.php?rest_route=\/wp\/v2\/types\/post"}],"author":[{"embeddable":true,"href":"https:\/\/tautastribunals.eu\/index.php?rest_route=\/wp\/v2\/users\/1"}],"replies":[{"embeddable":true,"href":"https:\/\/tautastribunals.eu\/index.php?rest_route=%2Fwp%2Fv2%2Fcomments&post=64653"}],"version-history":[{"count":7,"href":"https:\/\/tautastribunals.eu\/index.php?rest_route=\/wp\/v2\/posts\/64653\/revisions"}],"predecessor-version":[{"id":64661,"href":"https:\/\/tautastribunals.eu\/index.php?rest_route=\/wp\/v2\/posts\/64653\/revisions\/64661"}],"wp:featuredmedia":[{"embeddable":true,"href":"https:\/\/tautastribunals.eu\/index.php?rest_route=\/wp\/v2\/media\/64460"}],"wp:attachment":[{"href":"https:\/\/tautastribunals.eu\/index.php?rest_route=%2Fwp%2Fv2%2Fmedia&parent=64653"}],"wp:term":[{"taxonomy":"category","embeddable":true,"href":"https:\/\/tautastribunals.eu\/index.php?rest_route=%2Fwp%2Fv2%2Fcategories&post=64653"},{"taxonomy":"post_tag","embeddable":true,"href":"https:\/\/tautastribunals.eu\/index.php?rest_route=%2Fwp%2Fv2%2Ftags&post=64653"}],"curies":[{"name":"wp","href":"https:\/\/api.w.org\/{rel}","templated":true}]}}