{"id":64581,"date":"2023-06-25T12:04:25","date_gmt":"2023-06-25T09:04:25","guid":{"rendered":"https:\/\/tautastribunals.eu\/?p=64581"},"modified":"2023-06-25T12:06:33","modified_gmt":"2023-06-25T09:06:33","slug":"janis-biezais-vispirms-sods-un-tikai-tad-izraidisana","status":"publish","type":"post","link":"https:\/\/tautastribunals.eu\/?p=64581","title":{"rendered":"J\u0101nis Biezais. Vispirms sods un tikai tad izraid\u012b\u0161ana"},"content":{"rendered":"\n<figure class=\"wp-block-image size-large is-resized\"><img decoding=\"async\" loading=\"lazy\" src=\"https:\/\/tautastribunals.eu\/wp-content\/uploads\/2023\/01\/H-86.Grantins.LRTT_-1-800x115.png\" alt=\"\" class=\"wp-image-63520\" width=\"1450\" height=\"208\" srcset=\"https:\/\/tautastribunals.eu\/wp-content\/uploads\/2023\/01\/H-86.Grantins.LRTT_-1-800x115.png 800w, https:\/\/tautastribunals.eu\/wp-content\/uploads\/2023\/01\/H-86.Grantins.LRTT_-1-300x43.png 300w, https:\/\/tautastribunals.eu\/wp-content\/uploads\/2023\/01\/H-86.Grantins.LRTT_-1-768x110.png 768w, https:\/\/tautastribunals.eu\/wp-content\/uploads\/2023\/01\/H-86.Grantins.LRTT_-1.png 1086w\" sizes=\"(max-width: 1450px) 100vw, 1450px\" \/><\/figure>\n\n\n\n<p><\/p>\n\n\n\n<p class=\"has-black-color has-text-color has-background\" style=\"background-color:#7bdbb524\">Nek\u0101d\u0101 gad\u012bjum\u0101 krievu okupantiem nedr\u012bkst br\u012bvi izbraukt no<strong> Latvijas.<\/strong> Vi\u0146iem visiem, kaut vai p\u0113cn\u0101c\u0113jiem 5 paaudz\u0113<em>(vairojas tie dz\u012bvnieki velli\u0161\u0137\u012bg\u0101 \u0101trum\u0101)<\/em>, ir j\u0101sa\u0146em sods, kuru ir nopeln\u012bju\u0161i ar savu uzved\u012bbu atbalstot<strong> genoc\u012bdu, teroru, slepkav\u012bbas, apzag\u0161anu, izvaro\u0161anas, laup\u012b\u0161anas, izspie\u0161anas, pazemo\u0161anas <\/strong>un ne jau tikai latvie\u0161u, ar\u012b ukrai\u0146u, v\u0101cie\u0161u, indie\u0161u\u2026 . Ikviens krievu okupants j\u0101iespund\u0113<strong> R\u012bgas centr\u0101lcietum\u0101.<\/strong> Ja vi\u0146i to sp\u0113ja izdar\u012bt ar 200 000 latvie\u0161iem 1 gada laik\u0101 (1940-1940),tad m\u0113s ar\u012b sp\u0113jam resocializ\u0113t \u0161os band\u012btus kop\u0101 vi\u0146u m\u0101t\u012bt\u0113m ar z\u012bdai\u0146iem. Vi\u0146u b\u0113rni ir j\u0101resocializ\u0113 jau kop\u0161 b\u0113rna k\u0101jas izl\u012b\u0161anas no vi\u0146u elles midze\u0146a\u2026 .<br><strong><a href=\"https:\/\/tautastribunals.eu\/?p=64534\">1986. gada Pet\u012bcija<\/a> <\/strong>ir aktu\u0101la ar\u012b \u0161odien. Nekas jau nav main\u012bjies. Ja vien tas, ka tad bija 53 procenti. P\u0113c no <strong>V\u0101cijas <\/strong>krievu okupantu aizbrauk\u0161anas, vi\u0146iem deva iesp\u0113ju vai <strong>Krima<\/strong>, vai <strong>Latvija<\/strong>. Un atkal <strong>Latvij\u0101 <\/strong>iekundz\u0113j\u0101s <strong>200 000 krievu okupantu<\/strong>, ar vaislisk\u0101m m\u0101t\u012bt\u0113m. \u0160odien neap\u0161aub\u0101mi latvie\u0161u ir maz\u0101kums nek\u0101 krievu<strong> Latvij\u0101<\/strong>. Latvie\u0161i ir minorit\u0101te.<br>Rakst\u012bt \u017e\u012bdu judeokristie\u0161u p\u0101vestam, protams, bezj\u0113dz\u012bgi, bet dz\u012bvojot cilv\u0113ks pilnveidojas un m\u0101c\u0101s.<br><\/p>\n\n\n\n<p class=\"has-black-color has-text-color has-background\" style=\"background-color:#7bdbb524\"><strong>Sta\u013cins<\/strong>, \u0161is \u017e\u012bds,<strong> Jaltas <\/strong>konferenc\u0113, kad <strong>Ruzvelts<\/strong> pac\u0113la jaut\u0101jumu, ka vajagot ar\u012b <strong>Romas p\u0101vesta <\/strong>intereses iek\u013caut, p\u0113c kara <strong>Eirop\u0101<\/strong> un <strong>pasaul\u0113, Sta\u013cins <\/strong>atbild\u0113ja \u012bsi: <strong>papa, a kto on takoi, skoka u \u0146evo \u013ce\u0123ionov<\/strong> ? Vair\u0101k pretenziju nebija nevienam, ka<strong> Baltijas valstis <\/strong>ir okup\u0113tas. Ar\u012b<strong> LR <\/strong>zelta rezerves ang\u013ci atdeva krieviem. Atkal atdeva \u0161ie m\u016bd\u017ei viltus atjaunotai <strong>LR.<\/strong> Un nav \u0161aubu, ka mums ar\u012b atdos- atjaunotai <strong>LR<\/strong>. Bet p\u0113c krievu dz\u012bvnieku piln\u012bgas resocializ\u0101cijas. Tikai 25 gadi un ne maz\u0101k ! <strong>Sroks <\/strong>visiem vien\u0101ds. Bez sarakstes, korespondences. R\u012bts,darbs<em>(kas ir privil\u0113\u0123ija)<\/em>, nu un visas socializ\u0101cijas darb\u012bbas. Jo nav ko resocializ\u0113t, kam\u0113r nav socializ\u0113ti. Turkl\u0101t nedr\u012bkst laist prom nevienu un ir j\u0101atgrie\u017e atpaka\u013c ikviens, ties\u0101\u0161anai <strong>Latvij\u0101<\/strong>. Jo nesocializ\u0113ts krievs, kur\u0161 nav nesa\u0146\u0113mis sodu, ir b\u012bstams visai sabiedr\u012bbai- cilv\u0113cei.<br>Un t\u0101 nav fantastika. T\u016bl\u012bt <strong>ASV,<\/strong> kaut vai ar atomiero\u010diem, likvid\u0113s velnu midzeni<strong> Krievzemi- Maskavu<\/strong>\u2026un citas band\u012btu, sadistu aps\u0113stas teritorijas pasaul\u0113 .<br>Tad ar\u012b v\u0101rti b\u016bs va\u013c\u0101 gai\u0161re\u0123a <strong>Finka pare\u0123ojuma <\/strong>piepildei l\u012bdz fini\u0161am. Vien l\u012bdz tam,v\u0113l <strong>VDD, SAB, Krim.<\/strong>pol. <strong>\u201catjaunot\u0101s neatkar\u012bg\u0101s un suver\u0113n\u0101s LR\u201d<\/strong>, glu\u017ei k\u0101 tad 1986 neatkar\u012bg\u0101s soci\u0101listisk\u0101s un suver\u0113n\u0101s<em>(\u0161o fr\u0101zi lab\u0101k prot izteikt kriev\u017e\u012bdu cionists<strong> levits, kari\u0146\u0161, dombrava.<\/strong>.un vi\u0146u ideolo\u0123iskie br\u0101\u013ci \u0161arikovi )<\/em>.<br>Vai maz ir norm\u0101li krievi ? Ir ! <\/p>\n\n\n\n<p class=\"has-black-color has-text-color has-background\" style=\"background-color:#7bdbb524\">Bet <strong>Latvij\u0101<\/strong> vi\u0146u nav. <\/p>\n\n\n\n<p class=\"has-black-color has-text-color has-background\" style=\"background-color:#7bdbb524\">Un vi\u0146u ir \u013coti maz tai taut\u0101\u2026cik me\u017eu z\u0101\u0123\u0113jot, birst skaidas.<br>Skaidrs, ka <strong>VDD, SAB <\/strong>un <strong>Armijas pretizl\u016bko\u0161ana<\/strong>, v\u0113l vienu otru sag\u016bst\u012bs dz\u012bvu<strong> Latvij\u0101<\/strong>. Un tad sod\u012bs, prese <strong>TV <\/strong>atspogu\u013cos k\u0101 band\u012btu slepkavu\u2026, ce\u013cot neslavu.<strong> Latvju<\/strong> tautas kaujinieki v\u0113l ir dz\u012bvi un diezgan padaudz. M\u0113s 2 pasaules kar\u0101 laik\u0101 katrs latvie\u0161u karav\u012brs non\u0101v\u0113ja 15 <em>\u0161arikovie\u0161us<\/em>. \u0160odien vi\u0146i ir v\u0113l vair\u0101k degrad\u0113ju\u0161ies- t\u0101l\u0101k no cilv\u0113kiem. Tikai sav\u0101 bar\u0101, sevi\u0161\u0137os apst\u0101k\u013cos k\u0101 policij\u0101, cietum\u0101, ties\u0101s  vi\u0146i ir dro\u0161i. T\u0101tad, viens leti\u0146\u0161 ir sp\u0113j\u012bgs non\u0101v\u0113t vienu rotu <strong>krievu sadistu okupantu<\/strong>. M\u0113s<strong> Latviju <\/strong>atbr\u012bvosim. <strong>Krieviju<\/strong> ar\u012b vajadz\u0113s atbr\u012bvot no \u0161iem velna izdzimumiem. <br>J\u0101\u0146emj v\u0113r\u0101, ka ne katrs latviski perfekti run\u0101jo\u0161s ir latvietis.<br>Skat,<strong> Nato<\/strong> izcil\u012bbas centra priek\u0161nieks<strong> J\u0101nis S\u0101rts<\/strong>, 3 dien\u0101 p\u0113c krievu iebrukuma <strong>Ukrain\u0101,<\/strong> publiski <strong>LNT <\/strong>telev\u012bzij\u0101 prognoz\u0113ja, ka <strong>Ukrainas armija<\/strong> tiks sakauta p\u0113c 2 ned\u0113\u013c\u0101m\u2026un tur tiks nodibin\u0101ta <strong>KF<\/strong> vara.<\/p>\n\n\n\n<figure class=\"wp-block-image size-large\"><img decoding=\"async\" loading=\"lazy\" width=\"800\" height=\"450\" src=\"https:\/\/tautastribunals.eu\/wp-content\/uploads\/2023\/06\/attels-8-800x450.png\" alt=\"\" class=\"wp-image-64584\" srcset=\"https:\/\/tautastribunals.eu\/wp-content\/uploads\/2023\/06\/attels-8-800x450.png 800w, https:\/\/tautastribunals.eu\/wp-content\/uploads\/2023\/06\/attels-8-300x169.png 300w, https:\/\/tautastribunals.eu\/wp-content\/uploads\/2023\/06\/attels-8-768x432.png 768w, https:\/\/tautastribunals.eu\/wp-content\/uploads\/2023\/06\/attels-8.png 1280w\" sizes=\"(max-width: 800px) 100vw, 800px\" \/><\/figure>\n\n\n\n<p class=\"has-black-color has-text-color has-background\" style=\"background-color:#7bdbb524\"><br>T\u0101ds pats viltus latviet&#8217;s ir z\/s majors <strong>Slaidi\u0146\u0161,<\/strong> kur\u0161 ikvien\u0101 publisk\u0101 intervij\u0101 pateiks, ka kop\u0161 neatkar\u012bg\u0101s <strong>LR<\/strong> atjauno\u0161anas\u2026.un, ja k\u0101dam ir probl\u0113mas, tad vajag v\u0113rsties <strong>VDD LR<\/strong>. Tas atrisin\u0101s visas probl\u0113mas, glu\u017ei k\u0101 <strong>Ausekl\u012btis<\/strong> ar<strong> Kristbergu <\/strong>priek\u0161gal\u0101. Labi saprotot ikvienam latvietim ,ka <strong>VDD<\/strong> ir krievu \u010dekas fili\u0101le un soda meh\u0101nisma r\u012bkste<strong> Krievija<\/strong>s okup\u0113taj\u0101 <strong>Latvij\u0101<\/strong>.<\/p>\n\n\n\n<p class=\"has-text-align-center has-white-color has-text-color has-background\" style=\"background-color:#0d4832;font-size:25px\">LRTT: <\/p>\n\n\n\n<p class=\"has-text-align-center has-white-color has-text-color has-background\" style=\"background-color:#0d4832\">Piln\u012bgi pareizi sac\u012bts: pirm\u0101k sods un tikai tad padz\u012b\u0161ana no Latvijas. Protams, ka \u0161odienas Latvij\u0101 vis\u0101s varas strukt\u016br\u0101s ir sab\u0101zti 100%t\u012bgi cionisti. Nacion\u0101li dom\u0101jo\u0161i latvie\u0161i ir noslepkavoti vai padz\u012bti no savas Dzimtenes. <\/p>\n\n\n\n<p class=\"has-text-align-center has-white-color has-text-color has-background\" style=\"background-color:#0d4832;font-size:23px\">\u0160eit ir redzami \u0161odienas &#8220;\u012bstenie leti\u0146i&#8221;:<\/p>\n\n\n\n<figure class=\"wp-block-image size-full is-resized\"><img decoding=\"async\" loading=\"lazy\" src=\"https:\/\/tautastribunals.eu\/wp-content\/uploads\/2019\/04\/E.Levits.J.Bord\u0101ns.I.Godmanis.S.\u0122ir\u0123ens.L.Granti\u0146\u0161.LRTT-Kopie.png\" alt=\"\" class=\"wp-image-49948\" width=\"1450\" height=\"678\" srcset=\"https:\/\/tautastribunals.eu\/wp-content\/uploads\/2019\/04\/E.Levits.J.Bord\u0101ns.I.Godmanis.S.\u0122ir\u0123ens.L.Granti\u0146\u0161.LRTT-Kopie.png 779w, https:\/\/tautastribunals.eu\/wp-content\/uploads\/2019\/04\/E.Levits.J.Bord\u0101ns.I.Godmanis.S.\u0122ir\u0123ens.L.Granti\u0146\u0161.LRTT-Kopie-300x140.png 300w, https:\/\/tautastribunals.eu\/wp-content\/uploads\/2019\/04\/E.Levits.J.Bord\u0101ns.I.Godmanis.S.\u0122ir\u0123ens.L.Granti\u0146\u0161.LRTT-Kopie-768x359.png 768w\" sizes=\"(max-width: 1450px) 100vw, 1450px\" \/><\/figure>\n\n\n\n<figure class=\"wp-block-image size-large is-resized\"><img decoding=\"async\" loading=\"lazy\" src=\"https:\/\/tautastribunals.eu\/wp-content\/uploads\/2020\/10\/komunisms.LRTT_.-Grantins.Latvija-3-800x128.png\" alt=\"\" class=\"wp-image-57973\" width=\"1450\" height=\"232\" srcset=\"https:\/\/tautastribunals.eu\/wp-content\/uploads\/2020\/10\/komunisms.LRTT_.-Grantins.Latvija-3-800x128.png 800w, https:\/\/tautastribunals.eu\/wp-content\/uploads\/2020\/10\/komunisms.LRTT_.-Grantins.Latvija-3-300x48.png 300w, https:\/\/tautastribunals.eu\/wp-content\/uploads\/2020\/10\/komunisms.LRTT_.-Grantins.Latvija-3-768x122.png 768w, https:\/\/tautastribunals.eu\/wp-content\/uploads\/2020\/10\/komunisms.LRTT_.-Grantins.Latvija-3.png 916w\" sizes=\"(max-width: 1450px) 100vw, 1450px\" \/><\/figure>\n\n\n\n<p>25.06.23<\/p>\n\n\n\n<p><\/p>\n\n\n\n<p><\/p>\n","protected":false},"excerpt":{"rendered":"<p>Nek\u0101d\u0101 gad\u012bjum\u0101 krievu okupantiem nedr\u012bkst br\u012bvi izbraukt no Latvijas. Vi\u0146iem visiem, kaut vai p\u0113cn\u0101c\u0113jiem 5 paaudz\u0113(vairojas tie dz\u012bvnieki velli\u0161\u0137\u012bg\u0101 \u0101trum\u0101), ir j\u0101sa\u0146em sods, kuru ir nopeln\u012bju\u0161i ar savu uzved\u012bbu atbalstot genoc\u012bdu, teroru, slepkav\u012bbas, apzag\u0161anu,&#46;&#46;&#46;<\/p>\n","protected":false},"author":1,"featured_media":54785,"comment_status":"open","ping_status":"open","sticky":false,"template":"","format":"standard","meta":[],"categories":[1],"tags":[],"_links":{"self":[{"href":"https:\/\/tautastribunals.eu\/index.php?rest_route=\/wp\/v2\/posts\/64581"}],"collection":[{"href":"https:\/\/tautastribunals.eu\/index.php?rest_route=\/wp\/v2\/posts"}],"about":[{"href":"https:\/\/tautastribunals.eu\/index.php?rest_route=\/wp\/v2\/types\/post"}],"author":[{"embeddable":true,"href":"https:\/\/tautastribunals.eu\/index.php?rest_route=\/wp\/v2\/users\/1"}],"replies":[{"embeddable":true,"href":"https:\/\/tautastribunals.eu\/index.php?rest_route=%2Fwp%2Fv2%2Fcomments&post=64581"}],"version-history":[{"count":7,"href":"https:\/\/tautastribunals.eu\/index.php?rest_route=\/wp\/v2\/posts\/64581\/revisions"}],"predecessor-version":[{"id":64590,"href":"https:\/\/tautastribunals.eu\/index.php?rest_route=\/wp\/v2\/posts\/64581\/revisions\/64590"}],"wp:featuredmedia":[{"embeddable":true,"href":"https:\/\/tautastribunals.eu\/index.php?rest_route=\/wp\/v2\/media\/54785"}],"wp:attachment":[{"href":"https:\/\/tautastribunals.eu\/index.php?rest_route=%2Fwp%2Fv2%2Fmedia&parent=64581"}],"wp:term":[{"taxonomy":"category","embeddable":true,"href":"https:\/\/tautastribunals.eu\/index.php?rest_route=%2Fwp%2Fv2%2Fcategories&post=64581"},{"taxonomy":"post_tag","embeddable":true,"href":"https:\/\/tautastribunals.eu\/index.php?rest_route=%2Fwp%2Fv2%2Ftags&post=64581"}],"curies":[{"name":"wp","href":"https:\/\/api.w.org\/{rel}","templated":true}]}}