{"id":64560,"date":"2023-06-21T10:25:14","date_gmt":"2023-06-21T07:25:14","guid":{"rendered":"https:\/\/tautastribunals.eu\/?p=64560"},"modified":"2023-06-21T10:25:15","modified_gmt":"2023-06-21T07:25:15","slug":"jens-zvirgzdgrauds-nevienkarsosim-skatu-uz-baltiem","status":"publish","type":"post","link":"https:\/\/tautastribunals.eu\/?p=64560","title":{"rendered":"Jens Zvirgzdgrauds. Nevienk\u0101r\u0161osim skatu uz baltiem"},"content":{"rendered":"\n<figure class=\"wp-block-image size-large is-resized\"><img decoding=\"async\" loading=\"lazy\" src=\"https:\/\/tautastribunals.eu\/wp-content\/uploads\/2023\/01\/H-86.Grantins.LRTT_-1-800x115.png\" alt=\"\" class=\"wp-image-63520\" width=\"1450\" height=\"208\" srcset=\"https:\/\/tautastribunals.eu\/wp-content\/uploads\/2023\/01\/H-86.Grantins.LRTT_-1-800x115.png 800w, https:\/\/tautastribunals.eu\/wp-content\/uploads\/2023\/01\/H-86.Grantins.LRTT_-1-300x43.png 300w, https:\/\/tautastribunals.eu\/wp-content\/uploads\/2023\/01\/H-86.Grantins.LRTT_-1-768x110.png 768w, https:\/\/tautastribunals.eu\/wp-content\/uploads\/2023\/01\/H-86.Grantins.LRTT_-1.png 1086w\" sizes=\"(max-width: 1450px) 100vw, 1450px\" \/><\/figure>\n\n\n\n<p><\/p>\n\n\n\n<p><\/p>\n\n\n\n<p class=\"has-black-color has-text-color has-background\" style=\"background-color:#7bdbb526\"><strong>LRTT:<\/strong> Ne jau par to tie\u0161i ir runa <a href=\"https:\/\/tautastribunals.eu\/?p=64527\">\u0161aj\u0101 rakst\u0101<\/a>, ko J\u016bs apsprie\u017eat, bet par valod\u0101m un to pirms\u0101kumu.  <em>\u201e\u2026vairs nepiedienas run\u0101t par baltsl\u0101vu saimi, kop\u0161 daudzi autori, kuriem es pievienojos, ir atzinu\u0161i, ka sl\u0101vu valoda nav nekas cits k\u0101 viena no baltu saimes valod\u0101m, kas sekund\u0101ri saskald\u012bjusies vair\u0101kos zaros.\u201d <\/em><\/p>\n\n\n\n<p class=\"has-black-color has-text-color has-background\" style=\"background-color:#7bdbb526\">Kur un k\u0101, un cik <strong>&#8220;at\u0161\u0137aid\u012bts&#8221;<\/strong> ir <strong>BALTU G\u0112NS,<\/strong> ar\u012b \u0161aj\u0101 vietn\u0113<a href=\"https:\/\/tautastribunals.eu\/?p=44780\"> varam atrast<\/a> &amp; co. \u0160is jaut\u0101jums aktualiz\u0113jas ar<strong> KRIEVU PASAULES<\/strong> asi\u0146aino pag\u0101tni un \u0161odienas zv\u0113r\u012bb\u0101m <strong>Eirop\u0101. <\/strong>Un tik nicino\u0161s secin\u0101jums: <strong>&#8220;piel\u012bst \u0123erm\u0101\u0146iem&#8221;<\/strong>, nor\u0101da, <strong>Zvirgzdgrauda kungs<\/strong>, uz milz\u012bgu iek\u0161\u0113jo agresiju pret latvie\u0161iem ! T\u0101da agresija bija ar\u012b <strong>R. \u0136\u012blim<\/strong>&#8230; . Naida p\u0101r\u0146emti cilv\u0113ki nekad nav objekt\u012bvi&#8230; ! <\/p>\n\n\n\n<p class=\"has-black-color has-text-color has-background\" style=\"background-color:#7bdbb526\">Krievu valoda k\u0101 t\u0101da nav ne sl\u0101viska un v\u0113l maz\u0101k pieder\u012bga baltu valodai. T\u0101p\u0113c \u0161\u012b valoda ir j\u0101izstumj no sadz\u012bves, jo nes sev\u012b neiedom\u0101jami negat\u012bvu starojumu. T\u0101 ir un paliek asi\u0146aino notikumu nes\u0113ja m\u016bsu <strong>Dzimten\u0113<\/strong>. Ne pa\u0161iem krieviem un ar\u012b ne vi\u0146u valodai nav vietas ne tikai<strong> Latvij\u0101<\/strong>, bet ar\u012b uz visas pla\u0161\u0101s pasaules. \u0160eit teikto labi papildina <strong>M\u0101ra M<\/strong>. koment\u0101rs:<\/p>\n\n\n\n<p class=\"has-white-color has-text-color has-background\" style=\"background-color:#0f5b3e\"><strong>M\u0101ris M.<\/strong><\/p>\n\n\n\n<p><a href=\"https:\/\/tautastribunals.eu\/?p=64527#comment-104038\">2023. gada 18. j\u016bnija 11.05<\/a><a href=\"https:\/\/tautastribunals.eu\/wp-admin\/comment.php?action=editcomment&amp;c=104038\">(Labot)<\/a><\/p>\n\n\n\n<p class=\"has-black-color has-light-green-cyan-background-color has-text-color has-background\">Neliela piebilde.<\/p>\n\n\n\n<p class=\"has-black-color has-light-green-cyan-background-color has-text-color has-background\">Ja k\u0101dam interes\u0113 tie\u0161i krievu ra\u0161an\u0101s, visizsme\u013co\u0161\u0101k par to raksta Ol\u0123erts Zi\u013cickis sav\u0101 gr\u0101mat\u0101 \u013baujiet jel atvases dz\u012bt. T\u0101 ir \u013coti ietilp\u012bga zin\u0101tniska gr\u0101mata un ne visiem ir pa sp\u0113kam to izlas\u012bt. Ietek\u0161u tur samekl\u0113t tie\u0161i<br>3.15. past\u0101stu \u2013 Krievu laiku aizv\u0113sture<\/p>\n\n\n\n<p class=\"has-black-color has-light-green-cyan-background-color has-text-color has-background\">\u0160\u012b sada\u013ca s\u0101kas ar tautasdziesmu:<\/p>\n\n\n\n<p class=\"has-black-color has-light-green-cyan-background-color has-text-color has-background\">Ai, m\u0101si\u0146a, ai, m\u0101si\u0146a,<br>Kam tu krievu \u0113din\u0101ji:<br>Kur tas \u0113da, tur tas dirsa,<br>Tur teiks savu t\u0113vu zemi,<br>No laici\u0146u laici\u0146iem.<\/p>\n\n\n\n<p class=\"has-black-color has-light-green-cyan-background-color has-text-color has-background\">\u013boti interesanta ir ar\u012b ang\u013cu (ar\u012b jauna tauta) izcel\u0161an\u0101s v\u0113sture. Kam ir paciet\u012bba, tas samekl\u0113s taj\u0101 pa\u0161\u0101 gr\u0101mat\u0101. Tikai piebild\u012b\u0161u, ka salas pamatiedz\u012bvot\u0101ji ir skoti, \u012bri un velsie\u0161i \u2013 baltu radinieki.<\/p>\n\n\n\n<figure class=\"wp-block-embed is-type-wp-embed is-provider-iegult wp-block-embed-iegult\"><div class=\"wp-block-embed__wrapper\">\n<blockquote class=\"wp-embedded-content\" data-secret=\"zi3zqNgyKT\"><a href=\"https:\/\/tautastribunals.eu\/?p=64527\">Sen\u0101k\u0101s dz\u012bv\u0101s valodas(Krievi- baltu tautu \u0123en\u0113tiskais atkritums)<\/a><\/blockquote><iframe class=\"wp-embedded-content\" sandbox=\"allow-scripts\" security=\"restricted\" style=\"position: absolute; clip: rect(1px, 1px, 1px, 1px);\" title=\"&#8220;Sen\u0101k\u0101s dz\u012bv\u0101s valodas(Krievi- baltu tautu \u0123en\u0113tiskais atkritums)&#8221; &#8212; \" src=\"https:\/\/tautastribunals.eu\/?p=64527&#038;embed=true#?secret=q85yySsllz#?secret=zi3zqNgyKT\" data-secret=\"zi3zqNgyKT\" width=\"500\" height=\"282\" frameborder=\"0\" marginwidth=\"0\" marginheight=\"0\" scrolling=\"no\"><\/iframe>\n<\/div><\/figure>\n\n\n\n<p class=\"has-black-color has-text-color has-background\" style=\"background-color:#abb7c21f\"><strong>Jens Zvirgzdgrauds:<\/strong> Rakst\u0101 ir vienk\u0101r\u0161ots valodniecisks skat\u012bjums uz baltiem. Cit\u0113tas ir valodniec\u012bbas m\u0101c\u012bbu gr\u0101matas, bet arheolo\u0123ija nav apskat\u012bta, tikai gar\u0101mejot piesaukta, \u0123en\u0113tika nav \u0146emta v\u0113r\u0101, un pievienotais att\u0113ls nav nek\u0101d\u0101 sakar\u0101 ar rakstu. Pirmais jaut\u0101jums, ko vajadz\u0113ja apskat\u012bt, ir t.s. baltu g\u0113ns, kas ne tuvu nav visiem latvie\u0161iem <em>(tikai apm. 6 %, saist\u012bts ar pieaugu\u0161u cilv\u0113ku laktozes toleranci),<\/em> un kas var\u0113tu b\u016bt radies v\u0113l pirms ZA Eiropas iedz\u012bvot\u0101ji s\u0101ka run\u0101t indoeiropie\u0161u valod\u0101s. Ir teorija, ka indoeiropie\u0161u valod\u0101 run\u0101jo\u0161i balti ilgsto\u0161i dz\u012bvoju\u0161i D\u0146epras aug\u0161tec\u0113. Baltijas j\u016bras krastos tie sajauku\u0161ies ar somu cilt\u012bm. V\u012brie\u0161u <strong>Y <\/strong>hromosom\u0101s \u0161iem stepes-kurg\u0101nu kult\u016bras indoeiropie\u0161iem rakstur\u012bgi haplogrupas R1a varianti. Savuk\u0101rt zieme\u013crietumu Sib\u012brijas haplogrupa ir <strong>N,<\/strong> kas var\u0113tu b\u016bt pat radusies tag. \u0136\u012bnas ZR. Abas min\u0113t\u0101s haplogrupas ir pla\u0161i izplat\u012btas Latvij\u0101. Dziedo\u0161ie konformisti un j\u016bsm\u012bgie str\u0113lnieki un da\u017e\u0101di modern\u012bbas l\u012bdzskr\u0113j\u0113ji un valodnieki tipiski var\u0113tu b\u016bt ar <strong>R1a,<\/strong> bet individu\u0101listi, kas pa\u013caujas tikai uz sevi un dom\u0101 ar savu galvu, in\u017eenieri un izdz\u012bvo\u0161anas meistari dr\u012bz\u0101k \/ bie\u017e\u0101k var\u0113tu b\u016bt ar somugru<strong> N<\/strong> haplogrupu, tom\u0113r tas ir tikai visp\u0101rin\u0101jums, tendence, kas balst\u0101s uz paaud\u017eu paaudz\u0113s p\u0101rmantotu v\u0113stures pieredzi. Baltu g\u0113ns protams ir tikai <strong>R1a<\/strong> nes\u0113jiem. Ko no t\u0101 varam secin\u0101t ? Latvie\u0161u valod\u0101, agr\u0101k \u2013 baltu, v\u0113l agr\u0101k \u2013 indoeiropie\u0161u centr\u0101lajos dialektos run\u0101jo\u0161ie iedz\u012bvot\u0101ji Baltijas j\u016bras krastos v\u0113sturiskas migr\u0101cijas kontekst\u0101 \u2013 un l\u012bdz ar to ar\u012b \u0123en\u0113tiski un kultur\u0101li \u2013 vair\u0101k saist\u012bti ar Austrumiem, nek\u0101 Rietumiem. Atcer\u0113simies, ka Rietumos darba tikums nekad nav bijis cie\u0146\u0101, bet krievietes ar ma\u0123istra gr\u0101du uzkopj dz\u012bvok\u013cus piem., portug\u0101\u013cu \u0123imen\u0113s, kur\u0101s nevienam nav augst\u0101k\u0101s izgl\u012bt\u012bbas, nerun\u0101jot jau par \u0137\u012bnie\u0161u str\u0101d\u012bgumu. Rietumi vienm\u0113r ir parazit\u0113ju\u0161i <em>(vikingu sirojumi, \u0123eogr\u0101fiskie \u2018atkl\u0101jumi\u2019 koloni\u0101l\u0101s ekspluat\u0101cijas nol\u016bkos, nevienl\u012bdz\u012bga attieksme pret A-Eiropu Eiropas savien\u012bbas iest\u0101d\u0113s m\u016bsdien\u0101s\u2026) <\/em>\u0122erm\u0101\u0146i baltiem ilgsto\u0161i ir biju\u0161i kaimi\u0146os, t\u0101pat ar\u012b sl\u0101vi, bet da\u013c\u0113ja \u0123en\u0113tiska radniec\u012bba baltu valod\u0101s run\u0101jo\u0161iem ir tikai ar sl\u0101viem, nevis ar \u0123erm\u0101\u0146iem. \u0122erm\u0101\u0146iem nav ne N, ne ar\u012b vair\u0101k par \u013coti mazu procentu<strong> R1a<\/strong>, tiem ir vairum\u0101<strong> R1b, I <\/strong>u.c. haplogrupas. Faktiski, ja run\u0101 par seno indoeiropie\u0161u kult\u016bras un \u0123en\u0113tikas ats\u0137aid\u012b\u0161anos un izvir\u0161anu, tad germ\u0101ni ir pirm\u0101 numura probl\u0113ma. Uzdro\u0161inos teikt, ka ukrai\u0146i, po\u013ci, baltkrievi, t\u012brie krievi (ne ebreji un tat\u0101ri utml.) un ar\u012b \u010dig\u0101ni <em>(k\u0101 \u2018radinieki\u2019 no citas puses)<\/em> ir daudz \u012bst\u0101ki \u2018\u0101rie\u0161i\u2019 un baltu radinieki, ja ar to dom\u0101jam \u0123en\u0113tisku, valodniecisku un kult\u016bras tiesu p\u0113ctec\u012bbu no senaj\u0101m indoeiropie\u0161u cilt\u012bm, nek\u0101 \u0123erm\u0101\u0146i. <\/p>\n\n\n\n<p class=\"has-black-color has-text-color has-background\" style=\"background-color:#abb7c21f\">Latvie\u0161i k\u0101 tauta b\u016bs nelaim\u012bgi tik ilgi, kam\u0113r izmis\u012bgi m\u0113\u0123in\u0101s<strong> piel\u012bst \u0123erm\u0101\u0146iem <\/strong>un izlikties par to, kas tie nav, noliegdami savu izcelsmi un raksturu, kas n\u0101k no Austrumiem. Pieder\u012bba Austrumu kult\u016brai neb\u016bt nenoz\u012bm\u0113, ka j\u0101atbalsta Krievijas politika. Tas ir tikai aicin\u0101jums saprast v\u0113sturi, neviltot v\u0113sturi propagandas vajadz\u012bb\u0101m, lai nepie\u0146emtu kl\u016bdainus l\u0113mumus \u0161odien. <\/p>\n\n\n\n<p class=\"has-black-color has-text-color has-background\" style=\"background-color:#abb7c21f\"><strong>\u0100rijai Elksnei <\/strong>ir dzejolis: Nelepojies, Eiropa, tik \u013coti\u2026 es to lasu k\u0101 aicin\u0101jumu nek\u013c\u016bt par lielgabalu ga\u013cu, ne priek\u0161 \u0123erm\u0101\u0146iem, ne k\u0101diem citiem.<\/p>\n\n\n\n<p>21.06. 23<\/p>\n\n\n\n<p><\/p>\n","protected":false},"excerpt":{"rendered":"<p>LRTT: Ne jau par to tie\u0161i ir runa \u0161aj\u0101 rakst\u0101, ko J\u016bs apsprie\u017eat, bet par valod\u0101m un to pirms\u0101kumu. \u201e\u2026vairs nepiedienas run\u0101t par baltsl\u0101vu saimi, kop\u0161 daudzi autori, kuriem es pievienojos, ir atzinu\u0161i, ka&#46;&#46;&#46;<\/p>\n","protected":false},"author":1,"featured_media":56855,"comment_status":"open","ping_status":"open","sticky":false,"template":"","format":"standard","meta":[],"categories":[1],"tags":[],"_links":{"self":[{"href":"https:\/\/tautastribunals.eu\/index.php?rest_route=\/wp\/v2\/posts\/64560"}],"collection":[{"href":"https:\/\/tautastribunals.eu\/index.php?rest_route=\/wp\/v2\/posts"}],"about":[{"href":"https:\/\/tautastribunals.eu\/index.php?rest_route=\/wp\/v2\/types\/post"}],"author":[{"embeddable":true,"href":"https:\/\/tautastribunals.eu\/index.php?rest_route=\/wp\/v2\/users\/1"}],"replies":[{"embeddable":true,"href":"https:\/\/tautastribunals.eu\/index.php?rest_route=%2Fwp%2Fv2%2Fcomments&post=64560"}],"version-history":[{"count":11,"href":"https:\/\/tautastribunals.eu\/index.php?rest_route=\/wp\/v2\/posts\/64560\/revisions"}],"predecessor-version":[{"id":64579,"href":"https:\/\/tautastribunals.eu\/index.php?rest_route=\/wp\/v2\/posts\/64560\/revisions\/64579"}],"wp:featuredmedia":[{"embeddable":true,"href":"https:\/\/tautastribunals.eu\/index.php?rest_route=\/wp\/v2\/media\/56855"}],"wp:attachment":[{"href":"https:\/\/tautastribunals.eu\/index.php?rest_route=%2Fwp%2Fv2%2Fmedia&parent=64560"}],"wp:term":[{"taxonomy":"category","embeddable":true,"href":"https:\/\/tautastribunals.eu\/index.php?rest_route=%2Fwp%2Fv2%2Fcategories&post=64560"},{"taxonomy":"post_tag","embeddable":true,"href":"https:\/\/tautastribunals.eu\/index.php?rest_route=%2Fwp%2Fv2%2Ftags&post=64560"}],"curies":[{"name":"wp","href":"https:\/\/api.w.org\/{rel}","templated":true}]}}