{"id":64534,"date":"2023-06-22T22:32:43","date_gmt":"2023-06-22T19:32:43","guid":{"rendered":"https:\/\/tautastribunals.eu\/?p=64534"},"modified":"2023-06-22T22:32:43","modified_gmt":"2023-06-22T19:32:43","slug":"kas-dzivo-latvija","status":"publish","type":"post","link":"https:\/\/tautastribunals.eu\/?p=64534","title":{"rendered":"Kas dz\u012bvo Latvij\u0101 ?"},"content":{"rendered":"\n<figure class=\"wp-block-image size-large is-resized\"><img decoding=\"async\" loading=\"lazy\" src=\"https:\/\/tautastribunals.eu\/wp-content\/uploads\/2023\/01\/H-86.Grantins.LRTT_-1-800x115.png\" alt=\"\" class=\"wp-image-63520\" width=\"1450\" height=\"208\" srcset=\"https:\/\/tautastribunals.eu\/wp-content\/uploads\/2023\/01\/H-86.Grantins.LRTT_-1-800x115.png 800w, https:\/\/tautastribunals.eu\/wp-content\/uploads\/2023\/01\/H-86.Grantins.LRTT_-1-300x43.png 300w, https:\/\/tautastribunals.eu\/wp-content\/uploads\/2023\/01\/H-86.Grantins.LRTT_-1-768x110.png 768w, https:\/\/tautastribunals.eu\/wp-content\/uploads\/2023\/01\/H-86.Grantins.LRTT_-1.png 1086w\" sizes=\"(max-width: 1450px) 100vw, 1450px\" \/><\/figure>\n\n\n\n<div class=\"is-layout-constrained wp-block-group\"><div class=\"wp-block-group__inner-container\">\n<div class=\"is-layout-constrained wp-block-group\"><div class=\"wp-block-group__inner-container\">\n<p><\/p>\n\n\n\n<p class=\"has-text-align-center has-white-color has-text-color has-background\" style=\"background-color:#641e1e;font-size:30px\">KAS DZ\u012aVO LATVIJ\u0100?<\/p>\n\n\n\n<p class=\"has-black-color has-text-color has-background\" style=\"background-color:#7bdbb524\"><strong>\u201ePolitiskie intelektu\u0101\u013ci\u201d,<\/strong> kuri izmantoja valsts pirm\u0101s intelektu\u0101l\u0101s nakts ties\u012bbas un ir faktiski vain\u012bgi t\u0101s dzi\u013caj\u0101 kritum\u0101, nu pied\u0101v\u0101jas<strong> Latvij\u0101 <\/strong>veidot <strong>\u201eEiropeisku nacion\u0101lu valsti\u201d<\/strong><em> (interesanti, ko vi\u0146i l\u012bdz \u0161im visu laiku ir dar\u012bju\u0161i?).<\/em> Ta\u010du starp vi\u0146iem neviens nevar j\u0113dz\u012bgi izskaidrot, ko vi\u0146iem noz\u012bm\u0113 <strong>\u201enacion\u0101la valsts\u201d<\/strong>?<strong> LA \u017eurn\u0101lists Krusti\u0146a kungs<\/strong> jau vienam t\u0101dam politi\u0137im uzdeva jaut\u0101jumu, ko vi\u0146am noz\u012bm\u0113 j\u0113dziens<strong> \u201enacion\u0101la valsts\u201d?<\/strong> Sekoja stost\u012b\u0161an\u0101s. <strong>G.V.Kristovskim <\/strong>t\u0101 esot teritorija, pilson\u012bba un valoda. Ja esi padumj\u0161 vai tev ir net\u012bri nol\u016bki, nu neceri cilv\u0113kiem tik naivi ieliet smadzen\u0113s. Teritorija, pilson\u012bba un valoda ir vis\u0101m pasaules valst\u012bm \u2013 tad izn\u0101k, ka visas ir nacion\u0101las ? Tad, k\u0101da j\u0113ga v\u0101rdam nacion\u0101la pirms valsts !? Bet &#8211; ai, k\u0101 gribas cilv\u0113ku pr\u0101tos novien\u0101dot <strong>latvie\u0161i ar latvijie\u0161i <\/strong>un nacion\u0101lam un n\u0101cijai pie\u0161\u0137irt valstiskuma j\u0113gu. Atliek vien izsaukties: <strong>\u201eCik tad visp\u0101r ir t\u0101di \u201et\u012brie latvie\u0161i\u201d?\u201d <\/strong>un cionistu uzdevums: atbr\u012bvoties no visa <strong>ne\u017e\u012bdiski etnisk\u0101,<\/strong> b\u016bs izpild\u012bts. Pasaul\u0113 c\u012bt\u012bgi str\u0101d\u0101s kosmopol\u012btiski pasaules pilso\u0146i, kurus uzraudz\u012bs un vad\u012bs viens <a href=\"https:\/\/www.facebook.com\/bljsea\/posts\/1352196198458749\/?paipv=0&amp;eav=AfZ2F01d8oM95dFV8IpasRUDdweXxvXeOJnpSUQbCVCk0ALqHW3ignvz5eNK_SAYkDo&amp;_rdr\">izredz\u0113ts etnoss<\/a>. T\u0101p\u0113c \u0161odien, k\u0101rt\u0113jo reizi krustcel\u0113s non\u0101ku\u0161ajiem latvie\u0161iem, reiz par vis\u0101m j\u0101tiek skaidr\u012bb\u0101, kas te, <strong>Latvij\u0101 <\/strong>ir kas? Ja nav jau par v\u0113lu, un taisn\u012bba aspr\u0101\u0161iem, kas saka: \u201e<strong>latvie\u0161i pa \u0161iem 20 gadiem tik to vien ir dar\u012bju\u0161i, k\u0101 ar baudu sevi n\u012bd\u0113ju\u0161i<\/strong>&#8220;.<\/p>\n\n\n\n<p class=\"has-black-color has-text-color has-background\" style=\"background-color:#7bdbb524\"> <strong>Alfreds \u0100bele<\/strong><\/p>\n\n\n\n<figure class=\"wp-block-image size-large is-resized\"><img decoding=\"async\" loading=\"lazy\" src=\"https:\/\/tautastribunals.eu\/wp-content\/uploads\/2023\/06\/attels-6-446x800.png\" alt=\"\" class=\"wp-image-64542\" width=\"1450\" height=\"2601\" srcset=\"https:\/\/tautastribunals.eu\/wp-content\/uploads\/2023\/06\/attels-6-446x800.png 446w, https:\/\/tautastribunals.eu\/wp-content\/uploads\/2023\/06\/attels-6-167x300.png 167w, https:\/\/tautastribunals.eu\/wp-content\/uploads\/2023\/06\/attels-6.png 580w\" sizes=\"(max-width: 1450px) 100vw, 1450px\" \/><\/figure>\n\n\n\n<p><\/p>\n\n\n\n<figure class=\"wp-block-image size-large is-resized\"><img decoding=\"async\" loading=\"lazy\" src=\"https:\/\/tautastribunals.eu\/wp-content\/uploads\/2023\/06\/attels-5-372x800.png\" alt=\"\" class=\"wp-image-64539\" width=\"1450\" height=\"3118\" srcset=\"https:\/\/tautastribunals.eu\/wp-content\/uploads\/2023\/06\/attels-5-372x800.png 372w, https:\/\/tautastribunals.eu\/wp-content\/uploads\/2023\/06\/attels-5-140x300.png 140w, https:\/\/tautastribunals.eu\/wp-content\/uploads\/2023\/06\/attels-5.png 618w\" sizes=\"(max-width: 1450px) 100vw, 1450px\" \/><\/figure>\n<\/div><\/div>\n<\/div><\/div>\n\n\n\n<p class=\"has-black-color has-text-color has-background\" style=\"background-color:#00d1841f\">\u0160o tekstu es rakst\u012bju, nu jau var sac\u012bt, t\u0101lajos pag\u0101ju\u0161a gadsimta devi\u0146desmitajos gados. \u0160odien, k\u0101 redzam, tas atkal tiek izmantots<strong> Feisbuka &#8220;laukos&#8221;<\/strong> c\u012b\u0146ai pret latvie\u0161u<strong> valodas bend\u0113m.<\/strong> Pret\u012bgi, bet varu sagr\u0101bus\u012b<strong> &#8220;sarkan\u0101 latvie\u0161u inteli\u0123ence&#8221;<\/strong> neko p\u0113d\u0113jos tr\u012bsdesmit gados nav dar\u012bjusi, lai latvie\u0161u valoda sav\u0101<strong> DZIMTEN\u0112 <\/strong>netiktu apsp\u013caud\u012bta un ignor\u0113ta. Visi, t\u0101 saucamie p\u0113c<strong>Atmodas<\/strong> laika preziden<strong>Te\u013ci<\/strong> tikai to vien dar\u012bju\u0161i, k\u0101 br\u0101\u013coju\u0161ies ar okupantiem un deld\u0113ju\u0161i savas s\u0113dvietas <a href=\"https:\/\/tautastribunals.eu\/?p=16800\"><strong>Sinagogas<\/strong> smird\u012bgaj\u0101s <strong>&#8220;katakomb\u0101s&#8221;<\/strong><\/a><strong> <\/strong>! <\/p>\n\n\n\n<figure class=\"wp-block-image size-full is-resized\"><img decoding=\"async\" loading=\"lazy\" src=\"https:\/\/tautastribunals.eu\/wp-content\/uploads\/2020\/12\/Karlis-Ulmanis.Freiberga.Levits.Grantins.LRTT-Kopie.png\" alt=\"\" class=\"wp-image-58700\" width=\"1450\" height=\"1255\" srcset=\"https:\/\/tautastribunals.eu\/wp-content\/uploads\/2020\/12\/Karlis-Ulmanis.Freiberga.Levits.Grantins.LRTT-Kopie.png 588w, https:\/\/tautastribunals.eu\/wp-content\/uploads\/2020\/12\/Karlis-Ulmanis.Freiberga.Levits.Grantins.LRTT-Kopie-300x260.png 300w\" sizes=\"(max-width: 1450px) 100vw, 1450px\" \/><\/figure>\n\n\n\n<p class=\"has-black-color has-text-color has-background\" style=\"background-color:#00d1841f\">Visi, uz foto redzamie \u0123en\u0113tiskie tautas atkritumi, ir peln\u012bju\u0161i kar\u0101tavas, jo ir nodevu\u0161i ne tikai savu tautu, bet ar\u012b <strong>Dievi\u0161\u0137o b\u016bt\u012bbu- PATIES\u012aBU.<\/strong> Tas laiks, kad \u0161ie s\u0101taniskie izdzimumi tiks iemesti Elles za\u0146\u0137i, strauji tuvojas. To veicin\u0101s<strong> ukrai\u0146u tautas uzvara <\/strong>p\u0101r <strong>haz\u0101r\u017e\u012bdisko Krieviju <\/strong>! No <strong>Latvijas <\/strong>ir j\u0101tiek patriektiem visiem okup\u0101cijas laik\u0101 iebrauku\u0161ajiem krievu okupantiem un vi\u0146u p\u0113cte\u010diem. Un pats galvenais, j\u0101tiek arest\u0113tiem un ties\u0101tiem visiem komunistiem- \u010dekistiem ! \u0160ie izdzimumi nedr\u012bkst atrasties starp mums ! Un \u0161im m\u0113slam, kur\u0161 mani v\u0113l\u0113j\u0101s dab\u016bt aiz rest\u0113m, j\u0101b\u016bt k\u0101 pirmajam- <a href=\"https:\/\/irliepaja.lv\/liepajnieki\/bijusais-saeimas-deputats-agesins-klus-par-7viduss\/\">Age\u0161inam<\/a>.<\/p>\n\n\n\n<figure class=\"wp-block-image size-large is-resized\"><img decoding=\"async\" loading=\"lazy\" src=\"https:\/\/tautastribunals.eu\/wp-content\/uploads\/2022\/12\/Komuniste-Mara-Zalite.LRTT_.-Grantins-800x225.png\" alt=\"\" class=\"wp-image-63268\" width=\"1450\" height=\"408\" srcset=\"https:\/\/tautastribunals.eu\/wp-content\/uploads\/2022\/12\/Komuniste-Mara-Zalite.LRTT_.-Grantins-800x225.png 800w, https:\/\/tautastribunals.eu\/wp-content\/uploads\/2022\/12\/Komuniste-Mara-Zalite.LRTT_.-Grantins-300x84.png 300w, https:\/\/tautastribunals.eu\/wp-content\/uploads\/2022\/12\/Komuniste-Mara-Zalite.LRTT_.-Grantins-768x216.png 768w, https:\/\/tautastribunals.eu\/wp-content\/uploads\/2022\/12\/Komuniste-Mara-Zalite.LRTT_.-Grantins.png 1338w\" sizes=\"(max-width: 1450px) 100vw, 1450px\" \/><figcaption class=\"wp-element-caption\"><strong><mark style=\"background-color:rgba(0, 0, 0, 0)\" class=\"has-inline-color has-black-color\">Vi\u0146a ta\u010du bij\u0101 t\u0101, kas ieteica VVF &#8220;m\u012bkstin\u0101t&#8221; latvie\u0161u valodas noz\u012bmi m\u016bsu Dzimten\u0113 !<\/mark><\/strong><\/figcaption><\/figure>\n\n\n\n<p class=\"has-black-color has-text-color has-background\" style=\"background-color:#00d1841f\">Slava ukrai\u0146u tautai ! <\/p>\n\n\n\n<p class=\"has-black-color has-text-color has-background\" style=\"background-color:#00d1841f\">Dievs, sv\u0113ti Latviju !<\/p>\n\n\n\n<p>22.06.23<\/p>\n","protected":false},"excerpt":{"rendered":"<p>KAS DZ\u012aVO LATVIJ\u0100? \u201ePolitiskie intelektu\u0101\u013ci\u201d, kuri izmantoja valsts pirm\u0101s intelektu\u0101l\u0101s nakts ties\u012bbas un ir faktiski vain\u012bgi t\u0101s dzi\u013caj\u0101 kritum\u0101, nu pied\u0101v\u0101jas Latvij\u0101 veidot \u201eEiropeisku nacion\u0101lu valsti\u201d (interesanti, ko vi\u0146i l\u012bdz \u0161im visu laiku ir&#46;&#46;&#46;<\/p>\n","protected":false},"author":1,"featured_media":63268,"comment_status":"open","ping_status":"open","sticky":false,"template":"","format":"standard","meta":[],"categories":[1],"tags":[],"_links":{"self":[{"href":"https:\/\/tautastribunals.eu\/index.php?rest_route=\/wp\/v2\/posts\/64534"}],"collection":[{"href":"https:\/\/tautastribunals.eu\/index.php?rest_route=\/wp\/v2\/posts"}],"about":[{"href":"https:\/\/tautastribunals.eu\/index.php?rest_route=\/wp\/v2\/types\/post"}],"author":[{"embeddable":true,"href":"https:\/\/tautastribunals.eu\/index.php?rest_route=\/wp\/v2\/users\/1"}],"replies":[{"embeddable":true,"href":"https:\/\/tautastribunals.eu\/index.php?rest_route=%2Fwp%2Fv2%2Fcomments&post=64534"}],"version-history":[{"count":17,"href":"https:\/\/tautastribunals.eu\/index.php?rest_route=\/wp\/v2\/posts\/64534\/revisions"}],"predecessor-version":[{"id":64580,"href":"https:\/\/tautastribunals.eu\/index.php?rest_route=\/wp\/v2\/posts\/64534\/revisions\/64580"}],"wp:featuredmedia":[{"embeddable":true,"href":"https:\/\/tautastribunals.eu\/index.php?rest_route=\/wp\/v2\/media\/63268"}],"wp:attachment":[{"href":"https:\/\/tautastribunals.eu\/index.php?rest_route=%2Fwp%2Fv2%2Fmedia&parent=64534"}],"wp:term":[{"taxonomy":"category","embeddable":true,"href":"https:\/\/tautastribunals.eu\/index.php?rest_route=%2Fwp%2Fv2%2Fcategories&post=64534"},{"taxonomy":"post_tag","embeddable":true,"href":"https:\/\/tautastribunals.eu\/index.php?rest_route=%2Fwp%2Fv2%2Ftags&post=64534"}],"curies":[{"name":"wp","href":"https:\/\/api.w.org\/{rel}","templated":true}]}}