{"id":6449,"date":"2011-07-27T12:36:06","date_gmt":"2011-07-27T09:36:06","guid":{"rendered":"http:\/\/tautastribunals.eu\/?p=6449"},"modified":"2011-07-27T16:52:06","modified_gmt":"2011-07-27T13:52:06","slug":"r-milbergs-komunistu-cels-ved-uz-elli","status":"publish","type":"post","link":"https:\/\/tautastribunals.eu\/?p=6449","title":{"rendered":"R. Milbergs. Komunistu &#8220;ce\u013c\u0161&#8221; ved uz Elli"},"content":{"rendered":"<h1><span style=\"color: #008000\"><img decoding=\"async\" loading=\"lazy\" class=\"alignleft size-full wp-image-6451\" src=\"http:\/\/tautastribunals.eu\/wp-content\/uploads\/2011\/07\/LRTT-14.bmp\" alt=\"LRTT 1\" width=\"72\" height=\"71\" \/>V\u0112STURE<\/span><\/h1>\n<div><em><em><span style=\"color: #008000\">\u00a0<\/span><\/em><\/em><\/div>\n<div><em><em><span style=\"color: #008000\">Izvilkums no <\/span><a href=\"http:\/\/helios-web.saeima.lv\/steno\/st_93\/041193.html\" target=\"_blank\"><span style=\"color: #008000\">5.Saeimas plen\u0101rs\u0113des debates par likumprojektu \u201cPar ierobe\u017eojumiem ie\u0146emt amatus\u201d<\/span><\/a><\/em><\/em><span style=\"color: #008000\">S\u0113di vada <strong>Latvijas Republikas<\/strong> 5.Saeimas priek\u0161s\u0113d\u0113t\u0101js <\/span><em><span style=\"color: #008000\">\u00a0<\/span><span style=\"color: #008000\">Anatolijs Gorbunovs.<\/span><\/em><span style=\"color: #008000\"><strong>Priek\u0161s\u0113d\u0113t\u0101js. <\/strong><\/span><\/div>\n<p><span style=\"color: #008000\">Turpin\u0101sim s\u0113di! <\/span><\/p>\n<p><span style=\"color: #008000\">L\u016bdzu, ie\u0146emiet savas vietas! <\/span><\/p>\n<p><span style=\"color: #008000\">Turpin\u0101sim debates. V\u0101rds deput\u0101tam <strong>Robertam Milbergam,<\/strong> p\u0113c tam \u2013 deput\u0101tam <strong>M\u0101rim Gr\u012bnblatam<\/strong>.<br \/>\n<\/span><strong><br \/>\n<span style=\"color: #008000\"><img decoding=\"async\" loading=\"lazy\" class=\"alignleft size-full wp-image-6452\" src=\"http:\/\/tautastribunals.eu\/wp-content\/uploads\/2011\/07\/aert.jpg\" alt=\"aert\" width=\"105\" height=\"127\" \/>R.Milbergs (TB).<\/span><\/strong><\/p>\n<h2><span style=\"color: #008000\">Cien\u012bjamais Prezidij! <\/span><\/h2>\n<h2><span style=\"color: #008000\">Cien\u012bjamie deput\u0101ti! <\/span><\/h2>\n<p><span style=\"color: #008000\">Vispirms uzskatu par nepiecie\u0161amu <span style=\"text-decoration: underline\"><span style=\"color: #ff6600\">izteikt savu attieksmi par deput\u0101ta <strong>Olafa Br\u016bvera<\/strong> pausto<\/span><\/span>, ka <strong>Latvijai<\/strong> ir biju\u0161i ar\u012b okup\u0101cijas <strong><span style=\"color: #ff6600\">\u201czelta laiki\u201d.<\/span><\/strong> <\/span><\/p>\n<h2><span style=\"color: #008000\"><strong>Es dom\u0101ju, ka vergam var b\u016bt tikai lab\u0101ki vai slikt\u0101ki vergturi.<\/strong><\/span><\/h2>\n<p><span style=\"color: #008000\">Jau sengrie\u0137u dom\u0101t\u0101js <strong>Herakl\u012bts<\/strong> 2000 gadus pirms<strong> Kristus <\/strong>dzim\u0161anas ir teicis, ka zin\u0101\u0161anu daudzums v\u0113l nerada saj\u0113gu. Ac\u012bmredzot ar\u012b likumu daudzums pats par sevi v\u0113l nerada tiesisku valsti. <strong><span style=\"text-decoration: underline\">Tiesisko normu iev\u0113ro\u0161ana ir sare\u017e\u0123\u012bts process<\/span><\/strong>, kuru liel\u0101 m\u0113r\u0101 nosaka valsts instit\u016bcij\u0101s str\u0101d\u0101jo\u0161\u0101s amatpersonas. Sevi\u0161\u0137i b\u016btisku noz\u012bmi \u0161\u012bs amatpersonas g\u016bst sabiedrisko sist\u0113mu mai\u0146as laikos, kad veco likumu sist\u0113mu nomaina jauna. M\u016bsu sabiedr\u012bba pa\u0161reiz atrodas ce\u013c\u0101 no totalit\u0101risma uz demokr\u0101tiju. Citu valstu pieredze liecina, ka \u0161aj\u0101 proces\u0101 b\u016btiski svar\u012bga ir atbilsto\u0161a ier\u0113d\u0146u nomai\u0146a. To pier\u0101da procesi postkomunistiskaj\u0101<strong> \u010cehoslovakij\u0101<\/strong>, kur darbojas likums par ierobe\u017eojumiem ie\u0146emt amatus \u2013 analogs m\u016bsu pied\u0101v\u0101tajam projektam. To pier\u0101d\u012bja denacifik\u0101cijas process <strong>V\u0101cij\u0101<\/strong>, kuru, k\u0101 saka pa\u0161i v\u0101cie\u0161i, <strong>paldies Dievam<\/strong>, l\u012bdz 1949.gadam, l\u012bdz pirmaj\u0101m v\u0113l\u0113\u0161an\u0101m, veica sabiedroto varas instit\u016bti. Ar\u012b m\u016bsu sabiedr\u012bb\u0101 \u0161\u0101da likuma nepiecie\u0161am\u012bbu nosaka \u0161ie kop\u0161 1990.gada 4.maija aizvad\u012btie tr\u012bs gadi, kad praktiski jebkuram vec\u0101s sist\u0113mas amatv\u012bram bija visas iesp\u0113jas pier\u0101d\u012bt savu godpr\u0101t\u012bgo kalpo\u0161anu tautai, kura ta\u010du d\u0101v\u0101ja savu uztic\u012bbu, nevaic\u0101jot un ne\u0161\u0137irojot, <strong><em><span style=\"text-decoration: underline\">vai \u0161\u012b amatpersona ir bijusi kompartijas nomenklat\u016br\u0101 vai okup\u0101cijas varas repres\u012bvaj\u0101s strukt\u016br\u0101s.<\/span><\/em><\/strong><\/span><\/p>\n<h2><span style=\"color: #008000\"><img decoding=\"async\" loading=\"lazy\" class=\"alignleft size-full wp-image-6454\" src=\"http:\/\/tautastribunals.eu\/wp-content\/uploads\/2011\/07\/aqw.jpg\" alt=\"aqw\" width=\"107\" height=\"181\" \/>Diem\u017e\u0113l br\u012bnumi nenotika. <\/span><\/h2>\n<p><span style=\"color: #008000\"><span style=\"color: #000000\"><strong>Foto:<\/strong> <\/span><span style=\"color: #666699\"><em><span style=\"color: #ff00ff\">VDK \u012befiltr\u0113tais a\u0123ents starp klaida latvie\u0161iem, Olafs Br\u016bveris. \u0160im latvju tautas atkritumam kriev\u017e\u012bdu okup\u0101cija esot bijusi &#8220;zelta laiki&#8221; !!! Jaut\u0101jums tikai kuriem, ap\u0161autajiem, deport\u0113tajiem, nomoc\u012btajiem vai tadiem j\u016bdasu pabir\u0101m k\u0101 br\u0101\u013ciem Br\u016bveriem, P\u0101vilam un Olafam<\/span><\/em><\/span><span style=\"color: #ff0000\"><em>(migla sarkan\u0101-nol\u0101d\u0113t\u0101)<\/em>\u00a0<\/span><span style=\"color: #ff00ff\">??? <a href=\"http:\/\/tautastribunals.eu\/?p=251\">http:\/\/tautastribunals.eu\/?p=251<\/a><\/span><\/span><\/p>\n<p><span style=\"color: #008000\">Lielais vairums \u0161o amatv\u012bru, atrazdamies pie varas, ciniski izmantoja to, lai risin\u0101tu personisko intere\u0161u probl\u0113mas. No partijas darbo\u0146iem vi\u0146i p\u0113k\u0161\u0146i k\u013cuva par iev\u0113rojamiem priv\u0101t\u012bpa\u0161niekiem un uz\u0146\u0113m\u0113jiem. \u0160eit viet\u0101 ir cit\u0113t Latvijas Universit\u0101tes profesora <strong>Boj\u0101ra teikto:<\/strong> <em><span style=\"text-decoration: underline\">nedr\u012bkst b\u016bt nek\u0101du iebil\u017eu pret jebkuras personas uz\u0146\u0113m\u0113jdarb\u012bbu, ta\u010du valsts ekonomisk\u0101s un politisk\u0101s varas saglab\u0101\u0161ana t\u0101s pa\u0161as no totalit\u0101r\u0101s sist\u0113mas p\u0101rmantot\u0101s antidemokr\u0101tisk\u0101s nomenklat\u016bras rok\u0101s apdraud demokr\u0101tisk\u0101s reformas sabiedr\u012bb\u0101.<\/span><\/em><\/span><\/p>\n<p><span style=\"color: #008000\">Sevi\u0161\u0137as ba\u017eas <strong>Rietumu<\/strong> aprind\u0101s rada transform\u0113ju\u0161\u0101s <span style=\"color: #ff6600\"><strong>komunistu oligahijas sakari ar organiz\u0113to noziedz\u012bbu<\/strong><\/span>, kas, piem\u0113ram, <strong>Lietuv\u0101 <\/strong>jau \u0137\u0113rusies pie individu\u0101l\u0101 terora. Vai Vagnoris p\u0101rsp\u012bl\u0113, apgalvojot, ka liel\u0101k\u0101 da\u013ca Lietuvas mafiozo komercstrukt\u016bru ir izveidotas ar <strong>VDK<\/strong> un partijas kapit\u0101la pal\u012bdz\u012bbu? 27.oktobr\u012b R\u012bg\u0101 notiku\u0161aj\u0101 zin\u0101tniski praktiskaj\u0101 semin\u0101r\u0101 par organiz\u0113t\u0101s un transnacion\u0101l\u0101s noziedz\u012bbas st\u0101vokli, t\u0101s att\u012bst\u012bbas tendenc\u0113m un c\u012b\u0146as form\u0101m <strong>Igaunijas Iek\u0161lietu<\/strong> ministrijas Centr\u0101l\u0101 izmekl\u0113\u0161anas departamenta padomnieks<strong> Lepa kungs<\/strong> burtiski atk\u0101rtoja <strong>Vagnora <\/strong>teikto, papildinot ar to, ka <strong>Igaunij\u0101<\/strong> organiz\u0113tajai noziedz\u012bbai ir sakari ar valsts augst\u0101k\u0101s varas instit\u016bciju amatperson\u0101m. Komunistisk\u0101s nomenklat\u016bras administrat\u012bvi birokr\u0101tisk\u0101 sist\u0113ma transform\u0113jusies priv\u0101t\u012bpa\u0161nieku var\u0101.<\/span><\/p>\n<p><span style=\"color: #008000\">\u00a0<strong>Rezult\u0101ts \u0161odien ir ac\u012bmredzams:<\/strong> <em>tauta grimst post\u0101 un nabadz\u012bb\u0101, sabiedr\u012bb\u0101 valda tiesiskais nihilisms, draudo\u0161us apm\u0113rus ieg\u016bst organiz\u0113t\u0101 noziedz\u012bba, un m\u016bsu m\u0113r\u0137is \u2013 tiesiska valsts un demokr\u0101tiska sabiedr\u012bba \u2013 att\u0101lin\u0101s. <\/em><\/span><\/p>\n<h2><span style=\"color: #008000\"><strong><img decoding=\"async\" loading=\"lazy\" class=\"alignleft size-full wp-image-6455\" src=\"http:\/\/tautastribunals.eu\/wp-content\/uploads\/2011\/07\/aww.jpg\" alt=\"aww\" width=\"286\" height=\"176\" \/>B\u016btisks k\u013c\u016bst jaut\u0101jums \u2013 cik t\u0101lu Latvija ir no krimin\u0101lpolitisk\u0101s mafijas varas?<\/strong><\/span><\/h2>\n<p><span style=\"color: #008000\"><strong><span style=\"color: #000000\">Foto:<\/span><\/strong> <span style=\"color: #ff00ff\"><em>\u0160eit redzams nol\u0101d\u0113ts latvie\u0161u tautas bende \u017e\u012bds Godmanis: slepkava, \u010dekists, krievu spiegs Austrij\u0101, KGB kartot\u0113kas izn\u012bcin\u0101t\u0101js, Latvijas valsts n\u012bd\u0113js. <strong>Apzadzis latvie\u0161u tautu grandiozos apm\u0113ros!!!<\/strong> Uz \u0161\u012b izdzimte\u0146a kontiem ir vair\u0101k k\u0101<\/em> <strong><span style=\"text-decoration: underline\">600 miljonu dol\u0101ru<\/span><\/strong><em>. Ce\u013c objektus 11 pasaules valst\u012bs !!! P\u0113c <strong>Tiesiskuma <\/strong>atjauno\u0161anas <strong>Latvij\u0101<\/strong> tiks pak\u0101rts <strong>ANO pagalm\u0101<\/strong> par genoc\u012bda veik\u0161anu pret latvie\u0161u tautu. N\u0101ves sods tiks izpild\u012bts p\u0113c visiem starptautiskiem Likumiem. Neviena pasaules valsts pret to neiebild\u012bs. \u0100rpr\u0101ta noziegumi pret cilv\u0113ci netiks piedoti&#8230; . Godmanis un vi\u0146am l\u012bdz\u012bgie ir tie, kuri sagatavo labv\u0113l\u012bgu augsni, lai dzimtu t\u0101di slepkavas k\u0101 Andersi B\u0113ringi-Breiviki !!! <a href=\"http:\/\/tautastribunals.eu\/?p=1593\">http:\/\/tautastribunals.eu\/?p=1593<\/a><\/em><\/span><\/span><\/p>\n<p><span style=\"color: #008000\">T\u0101p\u0113c m\u0113s uzskat\u0101m, ka, lai pan\u0101ktu radik\u0101lu pagriezienu sabiedr\u012bbas proces\u0101, mums, pamatojoties uz citu posttotalit\u0101ro valstu pieredzi, ir j\u0101veic sabiedr\u012bbas san\u0101cija jau jaun\u0101 ier\u0113d\u0146u korpusa veido\u0161an\u0101s pa\u0161\u0101 s\u0101kum\u0101.<\/span><\/p>\n<p><span style=\"color: #008000\"><strong>\u201cLatvijas ce\u013ca\u201d<\/strong> pied\u0101v\u0101tais likumprojekts<strong> \u201cPar civildienestu\u201d<\/strong> ir realiz\u0113jams vienlaikus ar <em><strong>m\u016bsu frakcijas pied\u0101v\u0101to likumprojektu<\/strong><\/em> <strong><span style=\"color: #ff6600\">\u201cPar pagaidu ierobe\u017eojumiem ie\u0146emt amatus\u201d.<\/span><\/strong><\/span><\/p>\n<p><span style=\"color: #008000\"><strong><\/strong>\u00a0T\u0101s ierobe\u017eojumu normas, kuras pied\u0101v\u0101 frakcija <strong>\u201cLatvijas ce\u013c\u0161\u201d<\/strong> sav\u0101 projekt\u0101<strong> \u201cPar civildienestu\u201d<\/strong> un projekt\u0101 <strong>\u201cPar valsts un pa\u0161vald\u012bbu iest\u0101\u017eu person\u0101la reformu\u201d,<\/strong> nav konsekventas un piln\u012bgas, t\u0101p\u0113c to realiz\u0101cija nesasniegs m\u0113r\u0137i. <\/span><\/p>\n<p><span style=\"color: #008000\"><strong>\u0160ie projekti paredz ierobe\u017eot tikai repres\u012bvo iest\u0101\u017eu biju\u0161os darbiniekus;<\/strong> <em><span style=\"color: #ff6600\"><span style=\"text-decoration: underline\">tajos ir aizmirsta kompartijas nomenklat\u016bra, kura ir faktiskais m\u016bsu valsts okup\u0101cijas, koloniz\u0101cijas un pret latvie\u0161u tautu v\u0113rst\u0101 genoc\u012bda organizators.<\/span><\/span><\/em> <\/span><\/p>\n<p><span style=\"color: #008000\">Frakcijas <strong>\u201cLatvijas ce\u013c\u0161\u201d<\/strong> likumprojekta <strong>\u201cPar civildienestu\u201d<\/strong> 12.pant\u0101 ir paredz\u0113ts, ka priek\u0161roka dodama ier\u0113d\u0146iem, kuri jau str\u0101d\u0101ju\u0161i attiec\u012bgajos amatos, un tie liel\u0101koties ir nomenklat\u016bras p\u0101rst\u0101vji. Bet likumprojekta<strong> \u201cPar valsts un pa\u0161vald\u012bbu iest\u0101\u017eu person\u0101la reformu\u201d <\/strong><em><span style=\"text-decoration: underline\">6.pant\u0101 teikts, ka partijas nomenklat\u016bras darbiniekiem priek\u0161roc\u012bbu nav<\/span><\/em>. <\/span><\/p>\n<p><span style=\"color: #008000\"><strong><span style=\"text-decoration: underline\">\u0160\u0101das pretrunas rezult\u0101t\u0101 likums, protams, nestr\u0101d\u0101<\/span><\/strong>, un atkal ir iesp\u0113jams to interpret\u0113t saska\u0146\u0101 ar atsevi\u0161\u0137u amatpersonu personisko attieksmi. <\/span><\/p>\n<p><span style=\"color: #008000\"><strong>M\u0113s pied\u0101v\u0101jam<\/strong> principi\u0101lu \u0161\u012bs probl\u0113mas risin\u0101jumu:<span style=\"color: #ff6600\"><span style=\"text-decoration: underline\"> <em>ir prec\u012bzi j\u0101nosaka to personu loks, uz kur\u0101m attiecas ierobe\u017eojumi, un tikpat prec\u012bzi j\u0101nosaka ar\u012b amati, kurus \u0161\u012bs personas nedr\u012bkst\u0113tu ie\u0146emt noteiktu laiku.<\/em> <\/span><\/span><\/span><\/p>\n<p><span style=\"color: #008000\">Tikpat prec\u012bzs ir m\u016bsu likumprojekt\u0101 paredz\u0113tais \u0161\u0101 likuma realiz\u0101cijas meh\u0101nisms, kura pamatprincips ir t\u0101ds, ka neviens nevar tikt ierobe\u017eots cit\u0101di k\u0101 tikai saska\u0146\u0101 ar likumu. Saska\u0146\u0101 ar \u0161o likumu jebkuras personas atra\u0161anos amat\u0101 var apstr\u012bd\u0113t tikai ties\u0101, kuras l\u0113mums ir j\u0101public\u0113 neatkar\u012bgi no t\u0101, vai tas ir pozit\u012bvs vai negat\u012bvs. \u0160is ir \u013coti nopietns princips, kas nepie\u013caus da\u017e\u0101du apmelojumu un<strong> \u201craganu med\u012bbu\u201d<\/strong> att\u012bst\u012bbu.<\/span><\/p>\n<p><span style=\"color: #008000\">Tagad, protams, nav 1991.gada rudens, kad tapa pirm\u0101s \u0161\u0101 <strong>likumprojekta t\u0113zes.<\/strong> Situ\u0101cija ir main\u012bjusies, un m\u016bsu r\u012bc\u012bb\u0101 ir \u0161o <strong><em><span style=\"text-decoration: underline\">amatpersonu nostr\u0101d\u0101tais laiks konkr\u0113tos amatos,<\/span><\/em><\/strong> kur\u0161 neap\u0161aub\u0101mi b\u016btu j\u0101izvirza par vienu no v\u0113rt\u0113juma krit\u0113rijiem. Ta\u010du konceptu\u0101li nav \u0161aubu par to, ka likumprojekts par pagaidu ierobe\u017eojumiem ie\u0146emt amatus ir atbilsto\u0161s pa\u0161reiz\u0113jai situ\u0101cijai m\u016bsu sabiedr\u012bb\u0101 un ir konkr\u0113ts probl\u0113mas risin\u0101jums, t\u0101p\u0113c es aicinu balsot par \u0161\u0101 likumprojekta pie\u0146em\u0161anu pirmaj\u0101 las\u012bjum\u0101.<\/span><\/p>\n<p><em><span style=\"color: #008000\">1993.gada 04.novembra 5.Saeimas plen\u0101rs\u0113de.<\/span><\/em><\/p>\n<p><strong><span style=\"color: #3366ff\">===============================<\/span><\/strong><\/p>\n<h1><span style=\"color: #3366ff\"><img decoding=\"async\" loading=\"lazy\" class=\"alignleft size-full wp-image-6457\" src=\"http:\/\/tautastribunals.eu\/wp-content\/uploads\/2011\/07\/H-86-3.jpg\" alt=\"H-86-3\" width=\"76\" height=\"74\" \/>Dom\u0101jiet, analiz\u0113jiet un neaizmirstiet! <\/span><\/h1>\n<p><span style=\"color: #3366ff\"><strong>\u0160odien ir 2011.gada 26.j\u016blijs. Likums \u201cPar pagaidu ierobe\u017eojumiem ie\u0146emt amatus\u201d ar LC groz\u012bjumiem ir darbojies, bet k\u0101ds ir rezult\u0101ts?<\/strong><br \/>\n<strong>Uzskatu, ka tie\u0161i \u0161o dienas situ\u0101cija ir skaidra z\u012bme, ka nepadar\u012btais darbs ir nesis savus velni\u0161\u0137\u012bgos aug\u013cus. Savas domas neesmu main\u012bjis un v\u0113l \u0161odien ir iesp\u0113jams l\u012bdz galam paveikt k\u0101dreiz neizdar\u012bto.<\/strong><\/span><\/p>\n<p><span style=\"color: #3366ff\"><strong><em>Roberts Milbergs<\/em> <\/strong>, <em>5.Saeimas deput\u0101ts, tagad <a href=\"http:\/\/tautastribunals.eu\/\" target=\"_blank\">biedr\u012bbas \u201cGrupa A\u201d<\/a> valdes priek\u0161s\u0113d\u0113t\u0101js<\/em><\/span><\/p>\n<p><span style=\"color: #3366ff\"><em>27.07.11<\/em><\/span><\/p>\n<p><span style=\"color: #3366ff\"><a href=\"http:\/\/tautastribunals.eu\/?p=2465\">http:\/\/tautastribunals.eu\/?p=2465<\/a><\/span><\/p>\n","protected":false},"excerpt":{"rendered":"<p>V\u0112STURE \u00a0 Izvilkums no 5.Saeimas plen\u0101rs\u0113des debates par likumprojektu \u201cPar ierobe\u017eojumiem ie\u0146emt amatus\u201dS\u0113di vada Latvijas Republikas 5.Saeimas priek\u0161s\u0113d\u0113t\u0101js \u00a0Anatolijs Gorbunovs.Priek\u0161s\u0113d\u0113t\u0101js. Turpin\u0101sim s\u0113di! L\u016bdzu, ie\u0146emiet savas vietas! Turpin\u0101sim debates. V\u0101rds deput\u0101tam Robertam Milbergam, p\u0113c tam&#46;&#46;&#46;<\/p>\n","protected":false},"author":6,"featured_media":0,"comment_status":"open","ping_status":"open","sticky":false,"template":"","format":"standard","meta":[],"categories":[1],"tags":[],"_links":{"self":[{"href":"https:\/\/tautastribunals.eu\/index.php?rest_route=\/wp\/v2\/posts\/6449"}],"collection":[{"href":"https:\/\/tautastribunals.eu\/index.php?rest_route=\/wp\/v2\/posts"}],"about":[{"href":"https:\/\/tautastribunals.eu\/index.php?rest_route=\/wp\/v2\/types\/post"}],"author":[{"embeddable":true,"href":"https:\/\/tautastribunals.eu\/index.php?rest_route=\/wp\/v2\/users\/6"}],"replies":[{"embeddable":true,"href":"https:\/\/tautastribunals.eu\/index.php?rest_route=%2Fwp%2Fv2%2Fcomments&post=6449"}],"version-history":[{"count":12,"href":"https:\/\/tautastribunals.eu\/index.php?rest_route=\/wp\/v2\/posts\/6449\/revisions"}],"predecessor-version":[{"id":6463,"href":"https:\/\/tautastribunals.eu\/index.php?rest_route=\/wp\/v2\/posts\/6449\/revisions\/6463"}],"wp:attachment":[{"href":"https:\/\/tautastribunals.eu\/index.php?rest_route=%2Fwp%2Fv2%2Fmedia&parent=6449"}],"wp:term":[{"taxonomy":"category","embeddable":true,"href":"https:\/\/tautastribunals.eu\/index.php?rest_route=%2Fwp%2Fv2%2Fcategories&post=6449"},{"taxonomy":"post_tag","embeddable":true,"href":"https:\/\/tautastribunals.eu\/index.php?rest_route=%2Fwp%2Fv2%2Ftags&post=6449"}],"curies":[{"name":"wp","href":"https:\/\/api.w.org\/{rel}","templated":true}]}}