{"id":64418,"date":"2023-05-27T21:16:39","date_gmt":"2023-05-27T18:16:39","guid":{"rendered":"https:\/\/tautastribunals.eu\/?p=64418"},"modified":"2023-05-28T08:03:07","modified_gmt":"2023-05-28T05:03:07","slug":"64418","status":"publish","type":"post","link":"https:\/\/tautastribunals.eu\/?p=64418","title":{"rendered":"V. Eihmanis. \u0160lesers ir Krem\u013ca provokators- Latvijas bende"},"content":{"rendered":"\n<p><\/p>\n\n\n\n<figure class=\"wp-block-image size-full is-resized\"><img decoding=\"async\" loading=\"lazy\" src=\"https:\/\/tautastribunals.eu\/wp-content\/uploads\/2023\/05\/Latviesu-veletaju-biedriba.png\" alt=\"\" class=\"wp-image-64421\" width=\"1450\" height=\"179\" srcset=\"https:\/\/tautastribunals.eu\/wp-content\/uploads\/2023\/05\/Latviesu-veletaju-biedriba.png 800w, https:\/\/tautastribunals.eu\/wp-content\/uploads\/2023\/05\/Latviesu-veletaju-biedriba-300x37.png 300w, https:\/\/tautastribunals.eu\/wp-content\/uploads\/2023\/05\/Latviesu-veletaju-biedriba-768x95.png 768w\" sizes=\"(max-width: 1450px) 100vw, 1450px\" \/><\/figure>\n\n\n\n<p><\/p>\n\n\n\n<figure class=\"wp-block-image size-full is-resized\"><img decoding=\"async\" loading=\"lazy\" src=\"https:\/\/tautastribunals.eu\/wp-content\/uploads\/2021\/11\/Meli.Grantins.Ivans_.LRTT_-1.png\" alt=\"\" class=\"wp-image-61239\" width=\"1450\" height=\"277\" srcset=\"https:\/\/tautastribunals.eu\/wp-content\/uploads\/2021\/11\/Meli.Grantins.Ivans_.LRTT_-1.png 800w, https:\/\/tautastribunals.eu\/wp-content\/uploads\/2021\/11\/Meli.Grantins.Ivans_.LRTT_-1-300x57.png 300w, https:\/\/tautastribunals.eu\/wp-content\/uploads\/2021\/11\/Meli.Grantins.Ivans_.LRTT_-1-768x147.png 768w\" sizes=\"(max-width: 1450px) 100vw, 1450px\" \/><\/figure>\n\n\n\n<p class=\"has-text-align-center has-black-color has-text-color has-background\" style=\"background-color:#9b51e01f;font-size:24px\"><strong>Vilors Eihmanis <\/strong>&#8211; V\u0113l\u0113t\u0101ju biedr\u012bbas <strong>&#8220;M\u0113s esam Latvija&#8221;&nbsp; biedrs<\/strong><\/p>\n\n\n<div class=\"wp-block-image\">\n<figure class=\"alignleft\"><img decoding=\"async\" loading=\"lazy\" width=\"201\" height=\"300\" src=\"http:\/\/188.68.49.144\/wp-content\/uploads\/2017\/11\/Vilors-Eihmanis.L.Granti\u0146\u0161.LRTT-201x300-1.png\" alt=\"\" class=\"wp-image-42539\"\/><\/figure><\/div>\n\n\n<p class=\"has-black-color has-text-color has-background\" style=\"background-color:#9b51e01f;font-size:19px\">Par oligarha <strong>Ain\u0101ra \u0160lesera <\/strong>m\u0113\u0123in\u0101jumu veikt <strong>&#8220;galma apv\u0113rsumu&#8221; Latvijas<\/strong> vald\u012bb\u0101.<\/p>\n\n\n\n<p class=\"has-black-color has-text-color has-background\" style=\"background-color:#9b51e01f;font-size:19px\">Latvie\u0161u tauta nevar gaid\u012bt neko labu no <strong>Ain\u0101ra \u0160lesera <\/strong>un<strong> Kri\u0161j\u0101\u0146a Kari\u0146a<\/strong>. <strong>\u0160lesers<\/strong> ir bijis korump\u0113ts politi\u0137is, kur\u0161 zaud\u0113ja savu ietekmi p\u0113c 2011. gada v\u0113l\u0113\u0161an\u0101m. Vi\u0146\u0161 ir aps\u016bdz\u0113ts korupcij\u0101 saist\u012bb\u0101 ar <strong>R\u012bgas domes <\/strong>\u012bpa\u0161umu privatiz\u0101ciju un l\u012bdzdal\u012bbu oligarhu sarun\u0101s. Tagad vi\u0146\u0161 cen\u0161as atgriezties politikas ar\u0113n\u0101 un piesaist\u012bt latvie\u0161us patriotus savam sarakstam <strong>Plutarhs.<\/strong> Ta\u010du vi\u0146a \u012bstais m\u0113r\u0137is ir tikai ieg\u016bt naudu un varu. Vi\u0146\u0161 ir veidojis biznesu ar biju\u0161ajiem korupcij\u0101 vainotajiem dzelzce\u013cu vad\u012bt\u0101jiem no<strong> Latvijas<\/strong> un <strong>Lietuvas,<\/strong> kuri sadarbojas ar <strong>Krievijas <\/strong>dzelzce\u013ca sist\u0113mu. <strong>Kari\u0146\u0161<\/strong> ir eso\u0161ais ministru prezidents, kur\u0161 nav sp\u0113jis vad\u012bt valsti ar skaidru v\u012bziju un strat\u0113\u0123iju. Vi\u0146\u0161 ir norobe\u017eojies no tranz\u012bta nozares gr\u016bt\u012bb\u0101m un apgalvojis, ka t\u0101 ir <strong>Latvijas <\/strong>ekonomikas liel\u0101k\u0101 probl\u0113ma. Vi\u0146\u0161 ar\u012b ir atbalst\u012bjis nepopul\u0101rus likumus un reformas, kas apdraud <strong>Latvijas <\/strong>neatkar\u012bbu un demokr\u0101tiju. Piem\u0113ram, vi\u0146\u0161 ir piekritis palielin\u0101t&nbsp; pension\u0113\u0161an\u0101s vecumu, neskatoties uz to. ka v\u0113l nav pabeigta nepopul\u0101r\u0101 reforma par pension\u0113\u0161anos no 65 gadiem.<\/p>\n\n\n\n<p class=\"has-black-color has-text-color has-background\" style=\"background-color:#9b51e01f;font-size:19px\"><strong>Plutarhs Ain\u0101rs \u0160lesers<\/strong> sadarbojas ar <strong>Krem\u013ca <\/strong>piekto kolonnu, lai g\u0101ztu <strong>Kari\u0146a <\/strong>vald\u012bbu un pats k\u013c\u016btu par premjeru, neiev\u0113rojot latvie\u0161u tautas intereses. <strong>Plutarhs<\/strong> ir<strong> \u0160lesera<\/strong> politiskais projekts, kas ir rad\u012bts, lai maldin\u0101tu v\u0113l\u0113t\u0101jus un ieg\u016btu vi\u0146u balsis. \u0160is saraksts ir saist\u012bts ar <strong>Krem\u013ca piekto kolonnu,<\/strong> kas cen\u0161as destabiliz\u0113t <strong>Latviju<\/strong> un padar\u012bt to par <strong>Krievijas <\/strong>pak\u013cautu valsti. <strong>Plutarhs<\/strong> apgalvo, ka ciena <strong>Latvijas <\/strong>patriotus un krist\u012bg\u0101s v\u0113rt\u012bbas, bet paties\u012bb\u0101 vi\u0146\u0161 ir pret <strong>Latvijas <\/strong>neatkar\u012bbu un demokr\u0101tiju. Vi\u0146\u0161 grib g\u0101zt <strong>Kari\u0146a <\/strong>vald\u012bbu, lai pats k\u013c\u016btu par premjeru un var\u0113tu izmantot naudu un varu, neko labu nedodot latvie\u0161u tautai. Vi\u0146\u0161 ir dibin\u0101jis partiju tikai pirms n\u0101kamaj\u0101m<strong> Saeimas <\/strong>v\u0113l\u0113\u0161an\u0101m un apsver kop\u012bgu startu ar partiju <strong>&#8220;Gods kalpot R\u012bgai&#8221;,<\/strong> kas ir saist\u012bta ar <strong>R\u012bgas domes <\/strong>korupcijas skand\u0101liem.<\/p>\n\n\n\n<p class=\"has-black-color has-text-color has-background\" style=\"background-color:#9b51e01f;font-size:19px\">N\u0113<strong> \u0160leseram <\/strong>un vi\u0146a<strong> Krem\u013ca draugiem <\/strong>! J\u0101 <strong>Latvijai <\/strong>un t\u0101s sabiedrotajiem !<\/p>\n\n\n\n<p class=\"has-black-color has-text-color has-background\" style=\"background-color:#9b51e01f;font-size:19px\">No visas pa\u0161reiz\u0113j\u0101s <strong>Kari\u0146a<\/strong> vald\u012bbas <strong>Edgars Rink\u0113vi\u010ds <\/strong>b\u016btu lab\u0101k\u0101 izv\u0113le. <strong>Edgars Rinkevi\u010ds<\/strong> ir pa\u0161reiz\u0113jais \u0101rlietu ministrs un <strong>Vienot\u012bbas <\/strong>biedrs. Vi\u0146\u0161 ir str\u0101d\u0101jis par \u0101rlietu ministru kop\u0161 2011. gada un ir viens no ilg\u0101k kalpojo\u0161ajiem \u0101rlietu ministriem <strong>Eiropas Savien\u012bb\u0101.<\/strong> Vi\u0146\u0161 ir bijis akt\u012bvs <strong>Latvijas<\/strong> dro\u0161\u012bbas un starptautisk\u0101s sadarb\u012bbas veicin\u0101t\u0101js, k\u0101 ar\u012b cie\u0161i sadarbojies ar<strong> NATO<\/strong> un <strong>ES<\/strong> partneriem. Vi\u0146\u0161 ir kritiz\u0113jis<strong> Krievijas <\/strong>agresiju pret <strong>Ukrainu<\/strong> un <strong>Baltkrieviju<\/strong>, k\u0101 ar\u012b aicin\u0101jis pastiprin\u0101t sankcijas pret <strong>Krem\u013ca <\/strong>re\u017e\u012bmu. Vi\u0146\u0161 ir paz\u012bstams ar savu godpr\u0101t\u012bbu, kompetenci un patriotisma izj\u016btu. <\/p>\n\n\n\n<p class=\"has-black-color has-text-color has-background\" style=\"background-color:#9b51e01f;font-size:19px\">27.05.23<\/p>\n\n\n\n<p class=\"has-white-color has-black-background-color has-text-color has-background\" style=\"font-size:26px\">LRTT<\/p>\n\n\n\n<p class=\"has-black-color has-text-color has-background has-medium-font-size\" style=\"background-color:#00000024\">Par \u0161o noziedznieku, kura v\u0101rds ir <strong>\u0160lesers<\/strong>, vair\u0101k \u0161eit:<\/p>\n\n\n\n<figure class=\"wp-block-embed is-type-wp-embed is-provider-iegult wp-block-embed-iegult\"><div class=\"wp-block-embed__wrapper\">\n<blockquote class=\"wp-embedded-content\" data-secret=\"E6JbOIXySd\"><a href=\"https:\/\/tautastribunals.eu\/?p=58355\">Las\u012bt\u0101js. S\u0101tanistu &#8220;mese- balle&#8221; pie \u0160lesera !<\/a><\/blockquote><iframe class=\"wp-embedded-content\" sandbox=\"allow-scripts\" security=\"restricted\" style=\"position: absolute; clip: rect(1px, 1px, 1px, 1px);\" title=\"&#8220;Las\u012bt\u0101js. S\u0101tanistu &#8220;mese- balle&#8221; pie \u0160lesera !&#8221; &#8212; \" src=\"https:\/\/tautastribunals.eu\/?p=58355&#038;embed=true#?secret=tuvdzWXhf7#?secret=E6JbOIXySd\" data-secret=\"E6JbOIXySd\" width=\"500\" height=\"282\" frameborder=\"0\" marginwidth=\"0\" marginheight=\"0\" scrolling=\"no\"><\/iframe>\n<\/div><\/figure>\n\n\n\n<p class=\"has-black-color has-text-color has-background\" style=\"background-color:#0000001f;font-size:19px\"><strong>A. \u0160lesers<\/strong> jau kop\u0161 <strong>Atmodas<\/strong> laikiem ir <strong>Maskavas<\/strong> st\u016br\u0113ts provokators- izdzimtenis un laup\u012bt\u0101js, kuram vieta ir <strong>&#8220;pie sienas&#8221;<\/strong> ! Pret\u012bgs, zemisks l\u012bd\u0113js !<\/p>\n\n\n\n<figure class=\"wp-block-image size-large\"><img decoding=\"async\" loading=\"lazy\" width=\"800\" height=\"433\" src=\"https:\/\/tautastribunals.eu\/wp-content\/uploads\/2023\/05\/Ainars-Slesers-Vesnakovs.Urbanovics-Repse-Usakovs-Maskava-krievi-ruskije1-800x433.png\" alt=\"\" class=\"wp-image-64427\" srcset=\"https:\/\/tautastribunals.eu\/wp-content\/uploads\/2023\/05\/Ainars-Slesers-Vesnakovs.Urbanovics-Repse-Usakovs-Maskava-krievi-ruskije1-800x433.png 800w, https:\/\/tautastribunals.eu\/wp-content\/uploads\/2023\/05\/Ainars-Slesers-Vesnakovs.Urbanovics-Repse-Usakovs-Maskava-krievi-ruskije1-300x162.png 300w, https:\/\/tautastribunals.eu\/wp-content\/uploads\/2023\/05\/Ainars-Slesers-Vesnakovs.Urbanovics-Repse-Usakovs-Maskava-krievi-ruskije1-768x416.png 768w, https:\/\/tautastribunals.eu\/wp-content\/uploads\/2023\/05\/Ainars-Slesers-Vesnakovs.Urbanovics-Repse-Usakovs-Maskava-krievi-ruskije1.png 1182w\" sizes=\"(max-width: 800px) 100vw, 800px\" \/><\/figure>\n\n\n\n<p class=\"has-black-color has-text-color has-background\" style=\"background-color:#0000001f;font-size:19px\">Kas attiecas uz <strong>E. Rink\u0113vi\u010du<\/strong>: Vi\u0146\u0161 patie\u0161\u0101m ir vien\u012bgais no \u0161\u012bs <strong>4. maija varzas<\/strong>, kur\u0161 ir cien\u012bgs saukties par politi\u0137i. Var piln\u012bb\u0101 piekrist <strong>V. Eihma\u0146a <\/strong>sac\u012btajam par <strong>Rink\u0113vi\u010du<\/strong>. Vi\u0146\u0161 ir nenorijams dadzis <strong>Krievijas<\/strong> <strong>ra\u0161istiem<\/strong> un viet\u0113jiem <strong>Krem\u013ca<\/strong> l\u012bdzskr\u0113j\u0113jiem. Visa \u0161\u012b smirdo\u0161\u0101 <strong>Krem\u013ca varza<\/strong> cen\u0161as vi\u0146u noriet vi\u0146a <strong>&#8220;orient\u0101cijas&#8221; <\/strong>d\u0113\u013c, kam nav nek\u0101ds sakars ar vi\u0146a politisko darb\u012bbu. T\u0101di cilv\u0113ki ir biju\u0161i no <strong>Pasaules rad\u012b\u0161anas s\u0101kuma<\/strong> un t\u0101di b\u016bs ar\u012b kam\u0113r past\u0101v\u0113s cilv\u0113ce. Skat\u012bsimies uz vi\u0146a darbiem, bet ne uz to, ko vi\u0146\u0161 dara sav\u0101 gu\u013camistab\u0101. Ja man k\u0101ds jaut\u0101tu: kur\u0161 ir<strong> Saeim\u0101 <\/strong>liel\u0101kais <strong>Latvijas patriots<\/strong>, tad var\u0113tu nosaukt tikai vienu- <strong>E. Rink\u0113vi\u010du<\/strong>. <\/p>\n\n\n\n<p class=\"has-black-color has-text-color has-background\" style=\"background-color:#0000001f;font-size:19px\">\u0160aj\u0101 gad\u012bjum\u0101 es v\u0113l\u0113tos mazliet <strong>&#8220;pafilozof\u0113t&#8221;<\/strong>: <strong><em>&#8220;Ja tu, di\u017eais anti- pederasts, b\u016btu iestridzis purva mukl\u0101j\u0101 un gar\u0101m ietu Rink\u0113vi\u010ds, un sniegtu tev roku, lai pagl\u0101btu tevi no n\u0101ves, tu vi\u0146u atraid\u012btu ?&#8221; <\/em><\/strong><\/p>\n\n\n\n<p class=\"has-black-color has-text-color has-background\" style=\"background-color:#0000001f;font-size:19px\">L\u016bk, t\u0101 ir atbilde visiem r\u0113j\u0113j- m\u0113sliem !<\/p>\n\n\n\n<p><\/p>\n\n\n\n<p><\/p>\n\n\n\n<p><\/p>\n\n\n\n<p><\/p>\n","protected":false},"excerpt":{"rendered":"<p>Vilors Eihmanis &#8211; V\u0113l\u0113t\u0101ju biedr\u012bbas &#8220;M\u0113s esam Latvija&#8221;&nbsp; biedrs Par oligarha Ain\u0101ra \u0160lesera m\u0113\u0123in\u0101jumu veikt &#8220;galma apv\u0113rsumu&#8221; Latvijas vald\u012bb\u0101. Latvie\u0161u tauta nevar gaid\u012bt neko labu no Ain\u0101ra \u0160lesera un Kri\u0161j\u0101\u0146a Kari\u0146a. \u0160lesers ir bijis&#46;&#46;&#46;<\/p>\n","protected":false},"author":1,"featured_media":61369,"comment_status":"open","ping_status":"open","sticky":false,"template":"","format":"standard","meta":[],"categories":[1],"tags":[],"_links":{"self":[{"href":"https:\/\/tautastribunals.eu\/index.php?rest_route=\/wp\/v2\/posts\/64418"}],"collection":[{"href":"https:\/\/tautastribunals.eu\/index.php?rest_route=\/wp\/v2\/posts"}],"about":[{"href":"https:\/\/tautastribunals.eu\/index.php?rest_route=\/wp\/v2\/types\/post"}],"author":[{"embeddable":true,"href":"https:\/\/tautastribunals.eu\/index.php?rest_route=\/wp\/v2\/users\/1"}],"replies":[{"embeddable":true,"href":"https:\/\/tautastribunals.eu\/index.php?rest_route=%2Fwp%2Fv2%2Fcomments&post=64418"}],"version-history":[{"count":10,"href":"https:\/\/tautastribunals.eu\/index.php?rest_route=\/wp\/v2\/posts\/64418\/revisions"}],"predecessor-version":[{"id":64437,"href":"https:\/\/tautastribunals.eu\/index.php?rest_route=\/wp\/v2\/posts\/64418\/revisions\/64437"}],"wp:featuredmedia":[{"embeddable":true,"href":"https:\/\/tautastribunals.eu\/index.php?rest_route=\/wp\/v2\/media\/61369"}],"wp:attachment":[{"href":"https:\/\/tautastribunals.eu\/index.php?rest_route=%2Fwp%2Fv2%2Fmedia&parent=64418"}],"wp:term":[{"taxonomy":"category","embeddable":true,"href":"https:\/\/tautastribunals.eu\/index.php?rest_route=%2Fwp%2Fv2%2Fcategories&post=64418"},{"taxonomy":"post_tag","embeddable":true,"href":"https:\/\/tautastribunals.eu\/index.php?rest_route=%2Fwp%2Fv2%2Ftags&post=64418"}],"curies":[{"name":"wp","href":"https:\/\/api.w.org\/{rel}","templated":true}]}}