{"id":64163,"date":"2023-04-16T14:18:20","date_gmt":"2023-04-16T11:18:20","guid":{"rendered":"https:\/\/tautastribunals.eu\/?p=64163"},"modified":"2023-04-16T19:17:38","modified_gmt":"2023-04-16T16:17:38","slug":"parmainas-lasitajs-na-uzsplava-tiesiskumam-noraidija-starptautiski-likumigo-deokupaciju","status":"publish","type":"post","link":"https:\/\/tautastribunals.eu\/?p=64163","title":{"rendered":"P\u0101rmai\u0146as &#038; Las\u012bt\u0101js. NA uzsp\u013cava Tiesiskumam- noraid\u012bja starptautiski LIKUM\u012aGO deokup\u0101ciju !"},"content":{"rendered":"\n<figure class=\"wp-block-image size-large is-resized\"><img decoding=\"async\" loading=\"lazy\" src=\"https:\/\/tautastribunals.eu\/wp-content\/uploads\/2023\/01\/H-86.Grantins.LRTT_-800x115.png\" alt=\"\" class=\"wp-image-63496\" width=\"1450\" height=\"208\" srcset=\"https:\/\/tautastribunals.eu\/wp-content\/uploads\/2023\/01\/H-86.Grantins.LRTT_-800x115.png 800w, https:\/\/tautastribunals.eu\/wp-content\/uploads\/2023\/01\/H-86.Grantins.LRTT_-300x43.png 300w, https:\/\/tautastribunals.eu\/wp-content\/uploads\/2023\/01\/H-86.Grantins.LRTT_-768x110.png 768w, https:\/\/tautastribunals.eu\/wp-content\/uploads\/2023\/01\/H-86.Grantins.LRTT_.png 1086w\" sizes=\"(max-width: 1450px) 100vw, 1450px\" \/><\/figure>\n\n\n\n<p><\/p>\n\n\n\n<figure class=\"wp-block-image size-full is-resized\"><img decoding=\"async\" loading=\"lazy\" src=\"https:\/\/tautastribunals.eu\/wp-content\/uploads\/2022\/09\/Iesalnieks-222-Kopie.jpg\" alt=\"\" class=\"wp-image-62948\" width=\"1450\" height=\"685\" srcset=\"https:\/\/tautastribunals.eu\/wp-content\/uploads\/2022\/09\/Iesalnieks-222-Kopie.jpg 800w, https:\/\/tautastribunals.eu\/wp-content\/uploads\/2022\/09\/Iesalnieks-222-Kopie-300x142.jpg 300w, https:\/\/tautastribunals.eu\/wp-content\/uploads\/2022\/09\/Iesalnieks-222-Kopie-768x363.jpg 768w, https:\/\/tautastribunals.eu\/wp-content\/uploads\/2022\/09\/Iesalnieks-222-Kopie-520x245.jpg 520w, https:\/\/tautastribunals.eu\/wp-content\/uploads\/2022\/09\/Iesalnieks-222-Kopie-720x340.jpg 720w\" sizes=\"(max-width: 1450px) 100vw, 1450px\" \/><\/figure>\n\n\n\n<p><\/p>\n\n\n\n<p class=\"has-black-color has-text-color has-background\" style=\"background-color:#00d18421;font-size:19px\"><strong><mark style=\"background-color:rgba(0, 0, 0, 0)\" class=\"has-inline-color has-vivid-red-color\">P\u0101rmai\u0146as<\/mark>: <\/strong>Nebeidz p\u0101rsteigt, cik \u0161aurs redzesloks un zems zin\u0101\u0161anu l\u012bmenis ir t\u0101<strong> saucamajiem krieviem, <\/strong>kas faktiski jau robe\u017eojas ar tumson\u012bbu. Tam visam v\u0113l kl\u0101t melo\u0161ana un p\u0101rliec\u012bba par <strong>krievijas di\u017eenumu<\/strong>. Klajas pretrunas vienam teikumam ar n\u0101kamo teikumu, tiem neko nenoz\u012bm\u0113, ja tas v\u0113rsts uz pa\u0161a nevain\u012bbas nodro\u0161in\u0101\u0161anu vai <strong>krievijas zv\u0113r\u012bbu<\/strong> attaisno\u0161anu.<\/p>\n\n\n\n<figure class=\"wp-block-embed is-type-video is-provider-youtube wp-block-embed-youtube wp-embed-aspect-16-9 wp-has-aspect-ratio\"><div class=\"wp-block-embed__wrapper\">\n<div class=\"video-container\"><iframe loading=\"lazy\" title=\"\ud83e\udd21 \u041f\u0440\u043e \u041d\u0410\u0422\u041e \u0440\u043e\u0437\u043a\u0430\u0437\u0430\u043b\u0430 \u0434\u043e\u044f\u0440\u043a\u0430! \u0406\u043d\u0442\u0435\u0440\u0432&#039;\u044e \u0437 \u043c\u043e\u043b\u043e\u0434\u0438\u043c \u0440\u043e\u0441\u0456\u0439\u0441\u044c\u043a\u0438\u043c \u0441\u043e\u043b\u0434\u0430\u0442\u043e\u043c\" width=\"500\" height=\"281\" src=\"https:\/\/www.youtube.com\/embed\/ZqIQ6Kyl154?feature=oembed&#038;wmode=opaque\" frameborder=\"0\" allow=\"accelerometer; autoplay; clipboard-write; encrypted-media; gyroscope; picture-in-picture; web-share\" allowfullscreen><\/iframe><\/div>\n<\/div><\/figure>\n\n\n\n<p class=\"has-black-color has-text-color has-background\" style=\"background-color:#00d18424;font-size:19px\">Bet vair\u0101k par \u0161o, satrauc, ka <strong>Latvijas Saeim\u0101<\/strong> s\u0101k ien\u0101kt deput\u0101ti, t\u0101di pa\u0161i tumso\u0146i, kas nav dzird\u0113ju\u0161i par interfronti, nezina paties\u012bbu par <strong>Pilso\u0146u Kongresu un<\/strong> <strong>Pilso\u0146u komitej\u0101m,<\/strong> pat par <strong>Atmodu<\/strong> ir v\u0101ji inform\u0113ti un <strong>Helsinki-86<\/strong> tiem sve\u0161s. Toties amb\u012bcijas, ohohooo !!!!<\/p>\n\n\n\n<p class=\"has-black-color has-text-color has-background\" style=\"background-color:#00d18424;font-size:19px\"><strong><mark style=\"background-color:rgba(0, 0, 0, 0)\" class=\"has-inline-color has-vivid-red-color\">Las\u012bt\u0101js: <\/mark><\/strong>Maz tom\u0113r skaidra, konkr\u0113ta inform. par <strong>krievu gara kropl\u012bbu Ukrain\u0101. <\/strong>tik vien, k\u0101 par \u0161o. paseno vi\u0146u noziegumu s\u0113riju, kas tika izdar\u012bta 2022. gada Mart\u0101. Aps\u016bdz\u012bb\u0101 figur\u0113 <strong>Krievijas <\/strong>armijas karav\u012bri no 15. atsevi\u0161\u0137\u0101s motoriz\u0113to str\u0113lnieku brig\u0101des. Okupantu karav\u012bri tiek aps\u016bdz\u0113ti ar\u012b \u010detru slepkav\u012bbu izdar\u012b\u0161an\u0101 <strong>Brovari <\/strong>rajon\u0101. K\u0101 zi\u0146o <strong>Ukrainas likumsar<\/strong>gi, Maskavas neveiksm\u012bg\u0101 m\u0113\u0123in\u0101juma ie\u0146emt <strong>Kijevu <\/strong>Krievijas karasp\u0113ks ien\u0101ca<strong> Brovari<\/strong>. \u0160aj\u0101 laik\u0101 krievu band\u012bti \u2013 karav\u012bri laup\u012bju\u0161i un izmantoja seksu\u0101lu vardarb\u012bbu k\u0101 apzin\u0101tu taktiku, lai teroriz\u0113tu iedz\u012bvot\u0101jus. \u201cVi\u0146i iepriek\u0161 atlas\u012bja sievietes, saska\u0146oja savas darb\u012bbas un lomas,\u201d sac\u012bja prokurori, kuru tiesas pr\u0101va 2022. dokumenti ir balst\u012bti uz liecinieku un cietu\u0161o intervij\u0101m.<\/p>\n\n\n\n<p class=\"has-black-color has-text-color has-background\" style=\"background-color:#00d18424;font-size:19px\">Ukrainas prokurat\u016bra atkl\u0101j, ka liel\u0101k\u0101 da\u013ca zv\u0113r\u012bbu pastr\u0101d\u0101tas 13.mart\u0101, kad karav\u012bri \u201calkohola reibum\u0101 ielauz\u0101s k\u0101das m\u0101jas pagalm\u0101, kur\u0101 dz\u012bvoja jauna \u0123imene\u201d.<br>T\u0113vu sita ar met\u0101la podu, p\u0113c tam lika nost\u0101ties uz ce\u013ciem, bet sievu izvaroja. Viens no karav\u012briem pirms izvaro\u0161anas \u010detrus gadus vecajai meitenei teica, ka gatavojas \u201cpadar\u012bt vi\u0146u par sievieti\u201d, teikts dokumentos. \u0122imenei uzbrukum\u0101 izdev\u0101s izdz\u012bvot. Prokurori atkl\u0101ju\u0161i, ka vi\u0146i izmekl\u0113 ar\u012b citus noziegumus \u0161aj\u0101 re\u0123ion\u0101, tostarp slepkav\u012bbas taj\u0101 pa\u0161\u0101 laika posm\u0101. Aizdom\u0101s par uzbrukumu <strong>Brovari <\/strong>tiek tur\u0113ti kopum\u0101 se\u0161i krievu uzbruc\u0113ji. K\u0101 inform\u0113 prokurat\u016bra, uzbrukumu meitenei un vi\u0146as vec\u0101kiem veiku\u0161i divi 32 un 28 gadus veci snaiperi. P\u0113c iesp\u0113jam\u0101 uzbrukuma min\u0113tai \u0123imenei divi karav\u012bri ielauz\u0101s kaimi\u0146u m\u0101j\u0101, kur piek\u0101va gados vecu p\u0101ri un izvaroja 41 gadu vecu gr\u016btnieci un 17 gadus vecu meiteni, pav\u0113st\u012bja prokurat\u016bra.<\/p>\n\n\n\n<p class=\"has-black-color has-text-color has-background\" style=\"background-color:#00d18424;font-size:19px\">Cit\u0101 viet\u0101, kur dz\u012bvoja vair\u0101kas \u0123imenes, karav\u012bri 15 gadus vecu meiteni un vi\u0146as m\u0101ti izvaroja virtuv\u0113. Visi cietu\u0161ie ir dz\u012bvi un sa\u0146em psiholo\u0123isko un medic\u012bnisko apr\u016bpi, inform\u0113ja prokurat\u016br\u0101. Notiek pirmstiesas izmekl\u0113\u0161ana par augsta ranga amatpersonu iesp\u0113jamo lomu uzbrukumos <strong>Brovari.<\/strong><\/p>\n\n\n\n<p class=\"has-black-color has-text-color has-background\" style=\"background-color:#00d18424;font-size:19px\">Kas attiecas uz diviem izvarot\u0101jiem snaiperiem, prokurori nor\u0101da, ka vec\u0101kais uzbruc\u0113jiem jau ir miris, bet jaun\u0101kais, v\u0101rd\u0101 <strong>Jevge\u0146ijs \u010cernok\u0146i\u017enijs,<\/strong> atgriezies <strong>Krievij\u0101.<\/strong><\/p>\n\n\n\n<p class=\"has-black-color has-text-color has-background\" style=\"background-color:#00d18424;font-size:19px\">Nedom\u0101jiet, ka <strong>Latvij\u0101<\/strong> \u0161ie barbaru atkritumi b\u016btu lab\u0101ki, bet gan briesm\u012bg\u0101ki, ja tiem rastos t\u0101da situ\u0101cija. par kuru sapno liels skaits \u0161o 4.maija kangaru bandas saglab\u0101to okupantu p\u016b\u013ci m\u016bsu zem\u0113 !<\/p>\n\n\n\n<p class=\"has-text-align-center has-white-color has-vivid-red-background-color has-text-color has-background\" style=\"font-size:25px\">LRTT; Tie\u0161i \u0161eit abu las\u012bt\u0101ju piemin\u0113tos izdzimumus, NA\/VL! cen\u0161as integr\u0113t latvie\u0161os !<\/p>\n\n\n\n<p class=\"has-black-color has-text-color has-background\" style=\"background-color:#cf2d2d26;font-size:19px\">\u0160o divu las\u012bt\u0101ju v\u0113st\u012bjums ir labs ievads tam, ko grib\u0113ju v\u0113l papildin\u0101t rakstam:<strong> &#8220;Vai patie\u0161\u0101m kaka Dombrava ir fa\u0161ist\u0113ns&#8221;<\/strong> ?  <\/p>\n\n\n\n<p class=\"has-black-color has-text-color has-background\" style=\"background-color:#cf2d2d26;font-size:19px\">Vi\u0146i, \u0161is vis\u012bst\u0101kais izk\u0101rn\u012bjumu bars, kuri d\u0113v\u0113jas par <strong>NA<\/strong>, cen\u0161as sevi par\u0101d\u012bt par super patriotiem- latvie\u0161u tautas aizst\u0101vjiem, praktiski ir visnodev\u012bg\u0101k\u0101 latvie\u0161u tautas atkritumu da\u013ca. Un sav\u0101d\u0101k jau ar\u012b nemaz nevar b\u016bt, jo piln\u012bgi visi ir <strong>\u0123en\u0113tiski vai ideolo\u0123iski <\/strong>saist\u012bti ar ar <strong>kriev\u017e\u012bdismu- haz\u0101rismu<\/strong>. Un, k\u0101ds tiem ir<strong> G\u0112NS<\/strong> un <strong>IDEOLO\u0122IJA<\/strong>, m\u0113s visi \u0161odien redzam <strong>Ukrain\u0101<\/strong>. Vi\u0146i pat nav piel\u012bdzin\u0101mi zv\u0113riem un noziedzniekiem, vi\u0146i ir kaut k\u0101das kreat\u016bras, kuras zemes valod\u0101 nav raksturojamas. \u0160os zv\u0113rus, k\u0101 m\u0113s redzam, tad tie\u0161i <strong>NA <\/strong>ar savu &#8220;uztur\u0113\u0161an\u0101s at\u013cauju programmu&#8221;, ir neskait\u0101mos t\u016bksto\u0161os iepludin\u0101jusi<strong> Latvij\u0101<\/strong>. Tas viss ir ticis dar\u012bts apzin\u012bgi, lai gl\u0101btu un piesegtu savus noziegumus. Lai tauta<strong> &#8220;uzv\u0101r\u012btos&#8221;<\/strong>  redzot \u0161os okupantu p\u016b\u013cus. Un, \u0161eit tad m\u0113s non\u0101kam pie visliel\u0101k\u0101 nozieguma, ko <strong>NA<\/strong> ir veikusi kop\u0101 ar \u010dekistisko- komunistisko<strong> Tautas frontes da\u013cu.<\/strong> Proti: <\/p>\n\n\n\n<p class=\"has-text-align-center has-black-color has-text-color has-background\" style=\"background-color:#cf2d2d26;font-size:24px\">Netika \u012bstenota oblig\u0101t\u0101 p\u0113cokupacijas proced\u016bra<strong>&#8211; NORAID\u012aTA 1949. GADA \u017dEN\u0112VAS KONVECIJA,<\/strong> kas paredz <strong>TIESISKU<\/strong> okup\u0101cijas varas izbeig\u0161anu ! <\/p>\n\n\n\n<p class=\"has-black-color has-text-color has-background\" style=\"background-color:#cf2d2d26;font-size:19px\">\u0160odien, \u0161ie m\u0113sli, ar t\u0101du <strong>Dombravu<\/strong> priek\u0161gal\u0101, cen\u0161as rad\u012bt<strong> &#8220;it k\u0101 tiesiskus likumus&#8221;,<\/strong> kas ir absurdu absurds, jo ir nograuti visi<strong> LIKUM\u012aBAS PAMATI,<\/strong> pie kuriem var\u0113tu piestiprin\u0101t \u0161os murgus. <\/p>\n\n\n\n<p class=\"has-black-color has-text-color has-background\" style=\"background-color:#cf2d2d26;font-size:19px\">Ja \u0161odien vis\u0101s varas strukt\u016br\u0101s pie varas ir okupanti, kolaboracionisti, tad \u0161ie<strong> LIKUMI 100%<\/strong> tiks iedarbin\u0101ti pret pamattautu- lavie\u0161iem. Un, tikai neiedom\u0101simies, ka<strong> &#8220;m\u016bsu&#8221; L. Lapsa<\/strong> c\u012bn\u0101s pret<strong> &#8220;fa\u0161istiem&#8221; <\/strong>! Ja vi\u0146\u0161 to dar\u012btu, tad b\u016btu argument\u0113jis \u0161o situ\u0101ciju tie\u0161i t\u0101, ka es to \u0161eit izdar\u012bju. Latviet, vi\u0146i visi ir <strong>ZIRNEK\u013bI NO VIENAS BURKAS<\/strong> un c\u012bn\u0101s par <strong>HIERARHIJU <\/strong>\u0161aj\u0101 burk\u0101 un tas ar\u012b ir viss ! \u0160\u012b sist\u0113ma neparedz ne maz\u0101ko novirzi no cionistu programmas. <\/p>\n\n\n\n<p class=\"has-black-color has-text-color has-background\" style=\"background-color:#cf2d2d26;font-size:22px\">Slava <strong>Ukrainai,<\/strong> n\u0101vi krievu izdzimteniskajiem okupantiem ! <\/p>\n\n\n\n<p class=\"has-black-color has-text-color has-background\" style=\"background-color:#cf2d2d26;font-size:22px\">Dievs, sv\u0113ti Latviju !<\/p>\n\n\n\n<figure class=\"wp-block-image size-large is-resized\"><img decoding=\"async\" loading=\"lazy\" src=\"https:\/\/tautastribunals.eu\/wp-content\/uploads\/2019\/11\/D.Melb\u0101rde.-R.-Dzintars.L.Granti\u0146\u0161.LRTT_-800x658.png\" alt=\"\" class=\"wp-image-53749\" width=\"1450\" height=\"1193\" srcset=\"https:\/\/tautastribunals.eu\/wp-content\/uploads\/2019\/11\/D.Melb\u0101rde.-R.-Dzintars.L.Granti\u0146\u0161.LRTT_-800x658.png 800w, https:\/\/tautastribunals.eu\/wp-content\/uploads\/2019\/11\/D.Melb\u0101rde.-R.-Dzintars.L.Granti\u0146\u0161.LRTT_-300x247.png 300w, https:\/\/tautastribunals.eu\/wp-content\/uploads\/2019\/11\/D.Melb\u0101rde.-R.-Dzintars.L.Granti\u0146\u0161.LRTT_-768x632.png 768w, https:\/\/tautastribunals.eu\/wp-content\/uploads\/2019\/11\/D.Melb\u0101rde.-R.-Dzintars.L.Granti\u0146\u0161.LRTT_.png 828w\" sizes=\"(max-width: 1450px) 100vw, 1450px\" \/><\/figure>\n\n\n\n<p><\/p>\n\n\n\n<p>16.04.23<\/p>\n\n\n\n<p><\/p>\n\n\n\n<p><\/p>\n\n\n\n<p><\/p>\n","protected":false},"excerpt":{"rendered":"<p>P\u0101rmai\u0146as: Nebeidz p\u0101rsteigt, cik \u0161aurs redzesloks un zems zin\u0101\u0161anu l\u012bmenis ir t\u0101 saucamajiem krieviem, kas faktiski jau robe\u017eojas ar tumson\u012bbu. Tam visam v\u0113l kl\u0101t melo\u0161ana un p\u0101rliec\u012bba par krievijas di\u017eenumu. Klajas pretrunas vienam teikumam&#46;&#46;&#46;<\/p>\n","protected":false},"author":1,"featured_media":62948,"comment_status":"open","ping_status":"open","sticky":false,"template":"","format":"standard","meta":[],"categories":[1],"tags":[],"_links":{"self":[{"href":"https:\/\/tautastribunals.eu\/index.php?rest_route=\/wp\/v2\/posts\/64163"}],"collection":[{"href":"https:\/\/tautastribunals.eu\/index.php?rest_route=\/wp\/v2\/posts"}],"about":[{"href":"https:\/\/tautastribunals.eu\/index.php?rest_route=\/wp\/v2\/types\/post"}],"author":[{"embeddable":true,"href":"https:\/\/tautastribunals.eu\/index.php?rest_route=\/wp\/v2\/users\/1"}],"replies":[{"embeddable":true,"href":"https:\/\/tautastribunals.eu\/index.php?rest_route=%2Fwp%2Fv2%2Fcomments&post=64163"}],"version-history":[{"count":6,"href":"https:\/\/tautastribunals.eu\/index.php?rest_route=\/wp\/v2\/posts\/64163\/revisions"}],"predecessor-version":[{"id":64180,"href":"https:\/\/tautastribunals.eu\/index.php?rest_route=\/wp\/v2\/posts\/64163\/revisions\/64180"}],"wp:featuredmedia":[{"embeddable":true,"href":"https:\/\/tautastribunals.eu\/index.php?rest_route=\/wp\/v2\/media\/62948"}],"wp:attachment":[{"href":"https:\/\/tautastribunals.eu\/index.php?rest_route=%2Fwp%2Fv2%2Fmedia&parent=64163"}],"wp:term":[{"taxonomy":"category","embeddable":true,"href":"https:\/\/tautastribunals.eu\/index.php?rest_route=%2Fwp%2Fv2%2Fcategories&post=64163"},{"taxonomy":"post_tag","embeddable":true,"href":"https:\/\/tautastribunals.eu\/index.php?rest_route=%2Fwp%2Fv2%2Ftags&post=64163"}],"curies":[{"name":"wp","href":"https:\/\/api.w.org\/{rel}","templated":true}]}}