{"id":6415,"date":"2011-07-24T18:59:19","date_gmt":"2011-07-24T15:59:19","guid":{"rendered":"http:\/\/tautastribunals.eu\/?p=6415"},"modified":"2011-07-24T18:59:19","modified_gmt":"2011-07-24T15:59:19","slug":"asins-pludi-norvegija-ir-likumsakarigi","status":"publish","type":"post","link":"https:\/\/tautastribunals.eu\/?p=6415","title":{"rendered":"Asins &#8220;pl\u016bdi&#8221; Norv\u0113\u0123ij\u0101 ir likumsakar\u012bgi"},"content":{"rendered":"<h2><span style=\"color: #008000\"><img decoding=\"async\" loading=\"lazy\" class=\"alignleft size-full wp-image-6434\" src=\"http:\/\/tautastribunals.eu\/wp-content\/uploads\/2011\/07\/LRTT-13.bmp\" alt=\"LRTT 1\" width=\"96\" height=\"92\" \/>K\u0101ds par policistu p\u0101r\u0123\u0113rbies v\u012brietis piektdien uzs\u0101ka ap\u0161audi Norv\u0113\u0123ijas <span style=\"text-decoration: underline\">valdo\u0161\u0101s Darba partijas<\/span> jaunatnes organiz\u0101cijas nometn\u0113&#8230; <\/span><\/h2>\n<p><span style=\"color: #008000\">T\u0101 s\u0101kas kads pazi\u0146ojums masu sazi\u0146as l\u012bdzek\u013cos.<\/span><\/p>\n<p><span style=\"color: #333399\"><strong>==================================================================<\/strong><\/span><\/p>\n<h2><span style=\"color: #333399\">Var jau nosod\u012bt k\u0101du asinsdarbu un br\u012bn\u012bties: nu kur gan t\u0101di izdzimte\u0146i rodas ?<\/span><\/h2>\n<p><span style=\"color: #333399\"><img decoding=\"async\" loading=\"lazy\" class=\"alignleft size-full wp-image-6426\" src=\"http:\/\/tautastribunals.eu\/wp-content\/uploads\/2011\/07\/Jensam-Stoltenbergam..jpg\" alt=\"Jensam Stoltenbergam.\" width=\"133\" height=\"176\" \/>Un tie\u0161i \u0161o bez-anal\u012bzes<strong> tuk\u0161o klabin\u0101\u0161anu <\/strong>veic ar\u012b \u0161odienas masu sazi\u0146as l\u012bdzek\u013ci. <\/span><\/p>\n<p><span style=\"color: #333399\">Tiek likti <strong><em><span style=\"text-decoration: underline\">ziedi un dedzin\u0101tas svec\u012btes<\/span><\/em><\/strong> vis\u0101s iesp\u0113jam\u0101s un ar\u012b neiesp\u0113jam\u0101s viet\u0101s. <\/span><\/p>\n<p><span style=\"color: #333399\"><span style=\"color: #000000\"><strong>Foto:<\/strong> <\/span><em><span style=\"color: #00ccff\">Norv\u0113\u0123ijas premjers Jenss Stoltenbergs, &#8220;asinspirts&#8221; c\u0113lonis.<\/span><\/em><\/span><\/p>\n<h2><span style=\"color: #333399\">Kam tad ir izdev\u012bga \u0161\u012b &#8220;tuk\u0161\u0101&#8221; l\u012bdzj\u016bt\u012bba ? <\/span><\/h2>\n<p><span style=\"color: #333399\">K\u0101p\u0113c netiek masu sazi\u0146as l\u012bdzek\u013cos atkl\u0101ti un masveid\u0101 analiz\u0113ti \u0161o drausm\u012bgo seku<strong> C\u0112LO\u0145I<\/strong> ? <\/span><\/p>\n<p><span style=\"color: #333399\"><strong><span style=\"text-decoration: underline\">Netiek t\u0101p\u0113c<\/span><\/strong>, ka tad var non\u0101kt pie \u013coti nepat\u012bkamiem secin\u0101jumiem, proti, ka t\u0101di <strong>Anderss Berings- Breiviks, Pols Pots<\/strong> vai tas pats <strong>Bin Ladens<\/strong> nemaz nav \u0161o asinsdarbu \u012bstie vaininieki. <\/span><\/p>\n<p><span style=\"color: #333399\">Atskat\u012bsimies mazliet pag\u0101tn\u0113. <strong>Pola Pota<\/strong> <em>sarkanie khmeri<\/em> sav\u0101 zem\u0113 izn\u012bcin\u0101ja apm\u0113ram divus miljonus savu tautie\u0161u. <\/span><\/p>\n<h2><span style=\"color: #333399\">Briesm\u012bgi ! <\/span><\/h2>\n<p><span style=\"color: #333399\">Protams, ka tas ir briesm\u012bgi, bet vai daudzi zina, k\u0101p\u0113c tas notika ? <\/span><\/p>\n<h2><span style=\"color: #333399\">Nezin ! <\/span><\/h2>\n<p><span style=\"color: #333399\"><img decoding=\"async\" loading=\"lazy\" class=\"alignleft size-full wp-image-6428\" src=\"http:\/\/tautastribunals.eu\/wp-content\/uploads\/2011\/07\/Anderss-B\u0113rings-Breiviks1.jpg\" alt=\"Anderss B\u0113rings Breiviks\" width=\"138\" height=\"190\" \/>Pasaule virz\u0101s uz priek\u0161u caur <strong>c\u0113lo\u0146u un seku<\/strong> <em>likumsakar\u012bb\u0101m<\/em>. Ja m\u0113s \u0161\u012bs <strong>&#8220;sasod\u012bt\u0101s&#8221;<\/strong> likumsakar\u012bbas s\u0101kam p\u0113t\u012bt, tad non\u0101kam pie secin\u0101juma, ka tas pats sarkanais khmers <strong>Pols Pots<\/strong> ir tikai to laiku sist\u0113mas upuris, kuru rad\u012bja tolaik <strong>Kambod\u017e\u0101<\/strong> pie varas eso\u0161ie. <\/span><\/p>\n<p><span style=\"color: #333399\"><span style=\"color: #000000\"><strong>Foto:<\/strong> <em><span style=\"color: #00ccff\">Anderss Berings- Breiviks<\/span><\/em><\/span><\/span><em><span style=\"color: #00ccff\">, &#8220;asinspirts&#8221; sekas.<\/span><\/em><\/p>\n<p><span style=\"color: #333399\"><strong>12 miljonu<\/strong> lielaj\u0101 valst\u012b bija izveidojusies ap<strong> 2 miljonu<\/strong> liela <strong>&#8220;inteli\u0123ences&#8221; <\/strong>\u0161\u0137ira, kura ne\u017e\u0113l\u012bgi ekspluat\u0113ja savu tautu. Rezult\u0101t\u0101, \u0161is <strong>&#8220;pl\u0113so\u0146u sl\u0101nis&#8221;<\/strong> sa\u0146\u0113ma to, ko bija peln\u012bjis, vi\u0146i <span style=\"text-decoration: underline\">visi tika ap\u0161auti<\/span> !!!<\/span><\/p>\n<h2><span style=\"color: #333399\">Kad vadzis pilns, tas l\u016bst ! <\/span><\/h2>\n<p><span style=\"color: #333399\">\u0160is <strong>VADZIS <\/strong>l\u016bz\u012bs ar\u012b <strong>Latvij\u0101.<\/strong> Visi valsts <strong><span style=\"text-decoration: underline\">izzadz\u0113ji- komunisti<\/span><\/strong> sa\u0146ems tie\u0161i to, ko peln\u012bju\u0161i.<\/span><\/p>\n<p><span style=\"color: #333399\">Kas tad bija <strong>Bin Ladens<\/strong> ? Par <strong>&#8220;teroristu&#8221;<\/strong> vi\u0146u patais\u012bja pasaules varenie, kuri bez \u017e\u0113last\u012bbas izn\u012bcina visu cilv\u0113c\u012bgo. Kad <strong>&#8220;pasaules valdnieki&#8221;<\/strong> izzaga ar\u0101bu valstis, kad nafta tika <strong>&#8220;pirkta&#8221;<\/strong> no ar\u0101biem, kuras cena bija zem\u0101ka par<em><span style=\"text-decoration: underline\"> j\u016br\u0101 pasmelta s\u0101ls\u016bdens<\/span><\/em> cenu, tad ar\u012b <strong>&#8220;piedzima&#8221; Bin Ladens<\/strong> ! <\/span><\/p>\n<p><span style=\"color: #333399\">T\u0101tad, c\u0113lonis <strong>Bin Ladena<\/strong> teroristiskajai darb\u012bbai bija pasaules vareno alkat\u012bba. Un k\u0101du tautu tad liel\u0101kais vairums p\u0101rst\u0101v \u0161ie <strong>&#8220;pasaules pl\u0113so\u0146as&#8221;<\/strong> cilv\u0113ku izskat\u0101 ? <\/span><\/p>\n<h2><span style=\"color: #333399\">Vai tad tie nav &#8220;t\u0101 kunga izredz\u0113tie&#8221;?<\/span><\/h2>\n<p><span style=\"color: #333399\">Izlasot<strong> D\u017e. Perkinsa<\/strong> gr\u0101matu<strong> &#8220;Ekonomisk\u0101 slepkavas gr\u0113ks\u016bdze&#8221;,<\/strong> viss nost\u0101jas <strong>&#8220;sav\u0101 viet\u0101&#8221;.<\/strong><\/span><\/p>\n<p><span style=\"color: #333399\">T\u0101pat ar\u012b bez maz\u0101kiem sirdsapzi\u0146as p\u0101rmetumiem varam sac\u012bt, ka <strong>Norv\u0113\u0123ij\u0101<\/strong> notikus\u012b asinspirts ir valdo\u0161\u0101s <strong>Darba partijas<\/strong> politikas sekas. <\/span><\/p>\n<p><span style=\"color: #333399\">Vai \u0161\u012b partija nebija<strong> &#8220;atr\u0101vusies&#8221;<\/strong> p\u0101r\u0101k t\u0101lu no tautas ? <\/span><\/p>\n<p><span style=\"color: #333399\">K\u0101 b\u0113rni tad atrad\u0101s jaunie\u0161u nometn\u0113 ?<\/span><\/p>\n<p><span style=\"color: #333399\">\u00a0<\/span><span style=\"color: #333399\">Secin\u0101jumus ir j\u0101izdara <strong>ES<\/strong> politi\u0137iem, vai vi\u0146u piekopt\u0101 politika tuv\u0101kaj\u0101 n\u0101kotn\u0113 nenes\u012bs t\u0101dus pa\u0161us<strong> &#8220;aug\u013cus&#8221;<\/strong> ar\u012b p\u0101r\u0113j\u0101 <strong>Eirop\u0101 ?<\/strong><\/span><\/p>\n<p><span style=\"color: #333399\"><strong>Latvija <\/strong>jau atrodas tuvu \u0161\u0101dam st\u0101voklim. Viss, kas nav piesiets, ir izzagts. <\/span><\/p>\n<h2><span style=\"color: #333399\">Tauta dz\u012bvo tot\u0101l\u0101 nabadz\u012bb\u0101. <\/span><\/h2>\n<p><span style=\"color: #333399\">Kad <strong>Aivars Slucis<\/strong> lika priek\u0161\u0101 arest\u0113t pirmos t\u016bksto\u0161 miljon\u0101ru, tad atbilde bija ziben\u012bga, vi\u0146\u0161 tika izsl\u0113gts no partijas un apvainots visos pasaules gr\u0113kos.<strong> A. Slucis<\/strong> sav\u0101<em> &#8220;aprobe\u017eot\u012bb\u0101&#8221; <\/em>nebija apj\u0113dzis\u00a0pa\u0161a sac\u012bto, jo j\u0101apcietina b\u016btu vi\u0146a pa\u0161a partijas vad\u012bba, ar<strong> \u0112lerti <\/strong>un <strong>\u0160tokenbergu<\/strong> priek\u0161gal\u0101, nemaz jau nerun\u0101jot par visu <strong><em><span style=\"text-decoration: underline\">\u017e\u012bdu varzu,<\/span><\/em><\/strong> kura kontrol\u0113 <strong>Latvijas bankas<\/strong>.<\/span><\/p>\n<p><span style=\"color: #333399\">Redzot \u0161odienas <strong>Latvij\u0101 4.<\/strong> maija <em><span style=\"text-decoration: underline\">valdo\u0161\u0101s kli\u0137es antilatvisko<\/span><\/em> politiku, varam dro\u0161i sac\u012bt:<strong> Norv\u0113\u0123ijas<\/strong><em> &#8220;notikumi&#8221;<\/em> nav vairs aiz kalniem.<strong> Latvijas<\/strong> izzadz\u0113ji- miljon\u0101ri sa\u0146ems p\u0113c nopelniem.<\/span><\/p>\n<p><span style=\"color: #333399\">Nov\u0113l\u0113sim, lai <strong>&#8220;Norv\u0113\u0123ijas variants&#8221;<\/strong> vi\u0146us piemekl\u0113, bet, lai <strong>Dievs pasarg\u0101<\/strong> vi\u0146u b\u0113rnus&#8230;. ! <\/span><\/p>\n<p><span style=\"color: #333399\">Varb\u016bt, ka no tiem v\u0113l izaugs <strong>Cilv\u0113ki<\/strong>&#8230; .<\/span><\/p>\n<p><span style=\"color: #ff0000\"><strong>===============================================<\/strong><\/span><\/p>\n<p><span style=\"color: #ff0000\"><strong><img decoding=\"async\" loading=\"lazy\" class=\"alignleft size-full wp-image-6432\" src=\"http:\/\/tautastribunals.eu\/wp-content\/uploads\/2011\/07\/Ve\u010dnij-\u017eid2.jpg\" alt=\"Ve\u010dnij \u017eid\" width=\"82\" height=\"106\" \/>MIGLA SARKAN\u0100\u00a0&#8211; NOL\u0100D\u0112T\u0100<\/strong><\/span><\/p>\n<p><span style=\"color: #ff0000\"><strong>\u00a0<\/strong><\/span><\/p>\n<p><span style=\"color: #ff0000\"><strong>Foto: \u017d\u0113l, ka norv\u0113\u0123u b\u0113rnu viet\u0101 nebija \u0160IS izdzimtenis.<\/strong><\/span><\/p>\n<p><span style=\"color: #ff0000\"><strong>LRTT.\u00a0 24.07.11<\/strong><\/span><\/p>\n<p><span style=\"color: #ff0000\"><strong>\u00a0<\/strong><\/span><\/p>\n","protected":false},"excerpt":{"rendered":"<p>K\u0101ds par policistu p\u0101r\u0123\u0113rbies v\u012brietis piektdien uzs\u0101ka ap\u0161audi Norv\u0113\u0123ijas valdo\u0161\u0101s Darba partijas jaunatnes organiz\u0101cijas nometn\u0113&#8230; T\u0101 s\u0101kas kads pazi\u0146ojums masu sazi\u0146as l\u012bdzek\u013cos. ================================================================== Var jau nosod\u012bt k\u0101du asinsdarbu un br\u012bn\u012bties: nu kur gan t\u0101di&#46;&#46;&#46;<\/p>\n","protected":false},"author":6,"featured_media":0,"comment_status":"open","ping_status":"open","sticky":false,"template":"","format":"standard","meta":[],"categories":[1],"tags":[],"_links":{"self":[{"href":"https:\/\/tautastribunals.eu\/index.php?rest_route=\/wp\/v2\/posts\/6415"}],"collection":[{"href":"https:\/\/tautastribunals.eu\/index.php?rest_route=\/wp\/v2\/posts"}],"about":[{"href":"https:\/\/tautastribunals.eu\/index.php?rest_route=\/wp\/v2\/types\/post"}],"author":[{"embeddable":true,"href":"https:\/\/tautastribunals.eu\/index.php?rest_route=\/wp\/v2\/users\/6"}],"replies":[{"embeddable":true,"href":"https:\/\/tautastribunals.eu\/index.php?rest_route=%2Fwp%2Fv2%2Fcomments&post=6415"}],"version-history":[{"count":17,"href":"https:\/\/tautastribunals.eu\/index.php?rest_route=\/wp\/v2\/posts\/6415\/revisions"}],"predecessor-version":[{"id":6439,"href":"https:\/\/tautastribunals.eu\/index.php?rest_route=\/wp\/v2\/posts\/6415\/revisions\/6439"}],"wp:attachment":[{"href":"https:\/\/tautastribunals.eu\/index.php?rest_route=%2Fwp%2Fv2%2Fmedia&parent=6415"}],"wp:term":[{"taxonomy":"category","embeddable":true,"href":"https:\/\/tautastribunals.eu\/index.php?rest_route=%2Fwp%2Fv2%2Fcategories&post=6415"},{"taxonomy":"post_tag","embeddable":true,"href":"https:\/\/tautastribunals.eu\/index.php?rest_route=%2Fwp%2Fv2%2Ftags&post=6415"}],"curies":[{"name":"wp","href":"https:\/\/api.w.org\/{rel}","templated":true}]}}