{"id":64108,"date":"2023-04-20T19:11:13","date_gmt":"2023-04-20T16:11:13","guid":{"rendered":"https:\/\/tautastribunals.eu\/?p=64108"},"modified":"2023-04-20T19:16:48","modified_gmt":"2023-04-20T16:16:48","slug":"dabas-miletaji-latvijas-bendes","status":"publish","type":"post","link":"https:\/\/tautastribunals.eu\/?p=64108","title":{"rendered":"&#8220;Dabas m\u012bl\u0113t\u0101ji !&#8221; Latvijas bendes"},"content":{"rendered":"\n<figure class=\"wp-block-image size-large is-resized\"><img decoding=\"async\" loading=\"lazy\" src=\"https:\/\/tautastribunals.eu\/wp-content\/uploads\/2023\/01\/H-86.Grantins.LRTT_-800x115.png\" alt=\"\" class=\"wp-image-63496\" width=\"1450\" height=\"208\" srcset=\"https:\/\/tautastribunals.eu\/wp-content\/uploads\/2023\/01\/H-86.Grantins.LRTT_-800x115.png 800w, https:\/\/tautastribunals.eu\/wp-content\/uploads\/2023\/01\/H-86.Grantins.LRTT_-300x43.png 300w, https:\/\/tautastribunals.eu\/wp-content\/uploads\/2023\/01\/H-86.Grantins.LRTT_-768x110.png 768w, https:\/\/tautastribunals.eu\/wp-content\/uploads\/2023\/01\/H-86.Grantins.LRTT_.png 1086w\" sizes=\"(max-width: 1450px) 100vw, 1450px\" \/><\/figure>\n\n\n\n<p class=\"has-black-color has-text-color has-background\" style=\"background-color:#7bdbb51f;font-size:19px\"><strong>Latvijas bendes <\/strong>jau nav tikai tie, kuri str\u0101d\u0101 varas strukt\u016br\u0101s, bet tie var b\u016bt ar\u012b it k\u0101 nevainojami cilv\u0113kties\u012bbu un cilv\u0113ku vesel\u012bbas aizst\u0101vji. <\/p>\n\n\n\n<p class=\"has-black-color has-text-color has-background\" style=\"background-color:#7bdbb51f;font-size:19px\">Vieni no t\u0101diem ir <strong>ZA\u013bIE,<\/strong> kuri sevi d\u0113v\u0113 par vides aizst\u0101vjiem. Nu nav vi\u0146i ne za\u013cie, ne vesel\u012bbas, ne dabas aizst\u0101vji. Vi\u0146i ir viens no agres\u012bv\u0101kajiem cionistu pied\u0113k\u013ciem<strong> Latvij\u0101.<\/strong> Vi\u0146i, cionistu uzdevum\u0101 liek \u0161\u0137\u0113r\u0161\u013cus<strong> Latvijas <\/strong>att\u012bst\u012bbai, l\u012bdz ar to ar\u012b veicina bezdarbu un tautas izce\u013co\u0161anu no dzimtenes. \u0160ie dra\u0146\u0137i ir piel\u012bdzin\u0101mi kara noziedzniekiem un sod\u0101mi ar visaugst\u0101ko soda m\u0113ru; <strong>par provok\u0101ciju pret Latvijas valsti<\/strong> ! <\/p>\n\n\n\n<p class=\"has-text-align-center has-black-color has-text-color has-background\" style=\"background-color:#7bdbb51f;font-size:22px\">Viena da\u013ca sav\u0101 stulbum\u0101 pat neapj\u0113dz, ka vi\u0146i kalpo m\u016bsu tautas slepkav\u0101m- komunistiem- cionistiem !<\/p>\n\n\n\n<p class=\"has-black-color has-text-color has-background\" style=\"background-color:#7bdbb51f;font-size:19px\">Nu, kas piem. t\u0101dai<strong> L\u012bgai Gabr\u0101nei<\/strong> liek rakst\u012bt t\u0101das mu\u013c\u0137\u012bbas ? Pati ta\u010du neizgudroja, k\u0101ds paskaidroja. Tie\u0161i pie \u0161iem <strong>V\u0112JA PARKIEM Vacija<\/strong>, t\u0101pat k\u0101 pie automa\u0123istr\u0101l\u0113m, ir v\u0113rojamas visliel\u0101k\u0101s putnu koncentr\u0113\u0161an\u0101s vietas. V\u0113ja turb\u012bnas ir sacelts milzum daudz un neviens par to nes\u016bdzas ne <strong>V\u0101cija, ne Be\u013c\u0123ij\u0101, ne Holand\u0113, ne D\u0101nij\u0101..<\/strong>. . <\/p>\n\n\n\n<p class=\"has-black-color has-text-color has-background\" style=\"background-color:#7bdbb51f;font-size:19px\">Un par k\u0101du nelaimi <strong>Gabr\u0101ne <\/strong>s\u016bdzas, braucot gariem \u0161iem v\u0113ja parkiem ? K\u0101p\u0113c t\u0101dai <strong>Gabr\u0101nei <\/strong>nav ien\u0101cis k\u0101dreiz p\u0101t\u0101, ka tie\u0161i vi\u0146a var\u0113tu b\u016bt trauc\u0113klis k\u0101dam ar savu pretvalstisko propagandu ? T\u0101dus provokatorus k\u0101<strong> Gabr\u0101ne 4. maija banda<\/strong> ir sara\u017eojusi atlikulik\u0101m ! <\/p>\n\n\n\n<p class=\"has-black-color has-text-color has-background\" style=\"background-color:#7bdbb51f;font-size:19px\">Izn\u0101ca<strong> &#8220;diskusija&#8221; Feisbuk\u0101<\/strong> ar k\u0101du<strong> Ausmu V\u012btolu,<\/strong> kura k\u0101 aps\u0113sta uzst\u0101j\u0101s pret v\u0113ja \u0123eneratoriem. Piemin\u0113ju vi\u0146ai, ja neuzcelsim m\u0113s, tad uzcels igau\u0146i, k\u0101 jau vi\u0146i daudzk\u0101rt ir izdar\u012bju\u0161i ar Latvij\u0101 noraid\u012btajiem projektiem, un latvie\u0161i dosies savas finansi\u0101las bezizejas d\u0113\u013c uz <strong>Igauniju<\/strong> str\u0101d\u0101t un dz\u012bvot, vai tad vi\u0146a b\u016bs apmierin\u0101ta ? Notika tas, ka mans koment\u0101rs tika dz\u0113sts un mani noblo\u0137\u0113ja. L\u016bk, t\u0101di ir \u0161ie jebrejisk\u0101s izcelsmes <strong>Latvijas &#8220;patrioti&#8221;.<\/strong> <\/p>\n\n\n\n<p class=\"has-black-color has-text-color has-background\" style=\"background-color:#7bdbb51f;font-size:19px\">Atcer\u0113simies ta\u010du, k\u0101 \u010dekists- slepkava<strong> Savickis<\/strong> noblo\u0137\u0113ja lielu kokapstr\u0101des r\u016bpn\u012bcas &#8211; celulozes ra\u017eotnes cel\u0161anu <strong>Latvij\u0101.<\/strong> <\/p>\n\n\n\n<p class=\"has-black-color has-text-color has-background\" style=\"background-color:#7bdbb51f;font-size:19px\">K\u0101<strong> Latvij\u0101 t<\/strong>iek apzin\u0101ti<strong> necelti soci\u0101lie dz\u012bvok\u013ci un latvie\u0161u b\u0113rnud\u0101rzi <\/strong>!  <\/p>\n\n\n\n<p class=\"has-white-color has-black-background-color has-text-color has-background\" style=\"font-size:22px\">\u0160eit redzam, ka Liep\u0101j\u0101 p\u0113d\u0113jos tr\u012bsdesmit gadus viss dar\u012btas, lai latvie\u0161i tiktu padz\u012bti no Latvijas. Nav uzcelta neviena dz\u012bvojam\u0101 m\u0101ja mirst\u012bgajiem un neviens b\u0113rnud\u0101rzs. Viss \u0161is noziegums veikts komunista Seska vad\u012bba:<\/p>\n\n\n\n<p style=\"font-size:22px\"><a href=\"https:\/\/irliepaja.lv\/video\/liepaja-veidos-jaunu-mikrorajonu\/\">https:\/\/irliepaja.lv\/video\/liepaja-veidos-jaunu-mikrorajonu\/<\/a><\/p>\n\n\n\n<p><\/p>\n\n\n\n<p class=\"has-black-color has-text-color has-background\" style=\"background-color:#7bdbb51f;font-size:19px\">Un, kur\u0161 v\u0113l uzdro\u0161in\u0101sies sac\u012bt, ka tas nav cionistu- komunistu genoc\u012bds pret latvie\u0161iem ? <strong>Komunisti, \u010dekisti, krievu kolonisti ir Izra\u0113las &#8220;darba instruments&#8221; Latvij\u0101. <\/strong>Tas ir \u0101rpr\u0101ta holokausts pret latvie\u0161iem ! Par to visu prese, kura piln\u012bb\u0101 no \u0161iem band\u012btiem ir uzpirkta un vad\u012bta, klus\u0113 k\u0101 m\u0113li norijusi, bet<strong> L. Granti\u0146u<\/strong> atkal velk uz tiesu. <\/p>\n\n\n\n<p class=\"has-black-color has-text-color has-background\" style=\"background-color:#7bdbb51f;font-size:19px\">Nu noteikti, p\u0113c Ukrainas uzvaras p\u0101r<strong> haz\u0101risko krieviju, Latvij\u0101 <\/strong>ar\u012b tiks <strong>&#8220;pielikti pie sienas&#8221;<\/strong> visi \u0161ie tautas bendes !<\/p>\n\n\n\n<p class=\"has-black-color has-text-color has-background\" style=\"background-color:#7bdbb51f;font-size:22px\"> Dievs, sv\u0113ti Latviju ! <\/p>\n\n\n\n<p class=\"has-white-color has-black-background-color has-text-color has-background\" style=\"font-size:22px\">\u0160eit m\u0113s redzam, k\u0101 Liep\u0101j\u0101 salas\u012bjies m\u0113rka\u0137u- paraz\u012btu bars un sprie\u017e par V\u0113ja parku:<\/p>\n\n\n\n<p style=\"font-size:22px\"><a href=\"https:\/\/irliepaja.lv\/bizness\/ostu-iesaisti-energetiskas-neatkaribas-nodrosinasa\/\">https:\/\/irliepaja.lv\/bizness\/ostu-iesaisti-energetiskas-neatkaribas-nodrosinasa\/<\/a><\/p>\n\n\n\n<p>20.04.23<\/p>\n\n\n\n<p><\/p>\n\n\n\n<p><\/p>\n\n\n\n<p><\/p>\n\n\n\n<figure class=\"wp-block-image size-large is-resized\"><img decoding=\"async\" loading=\"lazy\" src=\"https:\/\/tautastribunals.eu\/wp-content\/uploads\/2023\/04\/attels-2-703x800.png\" alt=\"\" class=\"wp-image-64109\" width=\"1450\" height=\"1650\" srcset=\"https:\/\/tautastribunals.eu\/wp-content\/uploads\/2023\/04\/attels-2-703x800.png 703w, https:\/\/tautastribunals.eu\/wp-content\/uploads\/2023\/04\/attels-2-263x300.png 263w, https:\/\/tautastribunals.eu\/wp-content\/uploads\/2023\/04\/attels-2-768x875.png 768w, https:\/\/tautastribunals.eu\/wp-content\/uploads\/2023\/04\/attels-2.png 786w\" sizes=\"(max-width: 1450px) 100vw, 1450px\" \/><\/figure>\n\n\n\n<p><\/p>\n\n\n\n<p><\/p>\n\n\n\n<figure class=\"wp-block-image size-large is-resized\"><img decoding=\"async\" loading=\"lazy\" src=\"https:\/\/tautastribunals.eu\/wp-content\/uploads\/2023\/04\/attels-3-597x800.png\" alt=\"\" class=\"wp-image-64111\" width=\"1450\" height=\"1943\" srcset=\"https:\/\/tautastribunals.eu\/wp-content\/uploads\/2023\/04\/attels-3-597x800.png 597w, https:\/\/tautastribunals.eu\/wp-content\/uploads\/2023\/04\/attels-3-224x300.png 224w, https:\/\/tautastribunals.eu\/wp-content\/uploads\/2023\/04\/attels-3-768x1030.png 768w, https:\/\/tautastribunals.eu\/wp-content\/uploads\/2023\/04\/attels-3.png 866w\" sizes=\"(max-width: 1450px) 100vw, 1450px\" \/><\/figure>\n\n\n\n<p><\/p>\n\n\n\n<figure class=\"wp-block-image size-full is-resized\"><img decoding=\"async\" loading=\"lazy\" src=\"https:\/\/tautastribunals.eu\/wp-content\/uploads\/2023\/04\/attels-4.png\" alt=\"\" class=\"wp-image-64113\" width=\"1450\" height=\"415\" srcset=\"https:\/\/tautastribunals.eu\/wp-content\/uploads\/2023\/04\/attels-4.png 762w, https:\/\/tautastribunals.eu\/wp-content\/uploads\/2023\/04\/attels-4-300x86.png 300w\" sizes=\"(max-width: 1450px) 100vw, 1450px\" \/><\/figure>\n\n\n\n<p><\/p>\n\n\n\n<p><\/p>\n\n\n\n<figure class=\"wp-block-image size-full is-resized\"><img decoding=\"async\" loading=\"lazy\" src=\"https:\/\/tautastribunals.eu\/wp-content\/uploads\/2020\/12\/Karlis-Ulmanis.Freiberga.Levits.Grantins.LRTT-Kopie.png\" alt=\"\" class=\"wp-image-58700\" width=\"1450\" height=\"1255\" srcset=\"https:\/\/tautastribunals.eu\/wp-content\/uploads\/2020\/12\/Karlis-Ulmanis.Freiberga.Levits.Grantins.LRTT-Kopie.png 588w, https:\/\/tautastribunals.eu\/wp-content\/uploads\/2020\/12\/Karlis-Ulmanis.Freiberga.Levits.Grantins.LRTT-Kopie-300x260.png 300w\" sizes=\"(max-width: 1450px) 100vw, 1450px\" \/><\/figure>\n\n\n\n<p><\/p>\n\n\n\n<p><\/p>\n\n\n\n<p><\/p>\n\n\n\n<p><\/p>\n\n\n\n<p><\/p>\n\n\n\n<p><\/p>\n","protected":false},"excerpt":{"rendered":"<p>Latvijas bendes jau nav tikai tie, kuri str\u0101d\u0101 varas strukt\u016br\u0101s, bet tie var b\u016bt ar\u012b it k\u0101 nevainojami cilv\u0113kties\u012bbu un cilv\u0113ku vesel\u012bbas aizst\u0101vji. Vieni no t\u0101diem ir ZA\u013bIE, kuri sevi d\u0113v\u0113 par vides aizst\u0101vjiem.&#46;&#46;&#46;<\/p>\n","protected":false},"author":1,"featured_media":62426,"comment_status":"open","ping_status":"open","sticky":false,"template":"","format":"standard","meta":[],"categories":[1],"tags":[],"_links":{"self":[{"href":"https:\/\/tautastribunals.eu\/index.php?rest_route=\/wp\/v2\/posts\/64108"}],"collection":[{"href":"https:\/\/tautastribunals.eu\/index.php?rest_route=\/wp\/v2\/posts"}],"about":[{"href":"https:\/\/tautastribunals.eu\/index.php?rest_route=\/wp\/v2\/types\/post"}],"author":[{"embeddable":true,"href":"https:\/\/tautastribunals.eu\/index.php?rest_route=\/wp\/v2\/users\/1"}],"replies":[{"embeddable":true,"href":"https:\/\/tautastribunals.eu\/index.php?rest_route=%2Fwp%2Fv2%2Fcomments&post=64108"}],"version-history":[{"count":9,"href":"https:\/\/tautastribunals.eu\/index.php?rest_route=\/wp\/v2\/posts\/64108\/revisions"}],"predecessor-version":[{"id":64183,"href":"https:\/\/tautastribunals.eu\/index.php?rest_route=\/wp\/v2\/posts\/64108\/revisions\/64183"}],"wp:featuredmedia":[{"embeddable":true,"href":"https:\/\/tautastribunals.eu\/index.php?rest_route=\/wp\/v2\/media\/62426"}],"wp:attachment":[{"href":"https:\/\/tautastribunals.eu\/index.php?rest_route=%2Fwp%2Fv2%2Fmedia&parent=64108"}],"wp:term":[{"taxonomy":"category","embeddable":true,"href":"https:\/\/tautastribunals.eu\/index.php?rest_route=%2Fwp%2Fv2%2Fcategories&post=64108"},{"taxonomy":"post_tag","embeddable":true,"href":"https:\/\/tautastribunals.eu\/index.php?rest_route=%2Fwp%2Fv2%2Ftags&post=64108"}],"curies":[{"name":"wp","href":"https:\/\/api.w.org\/{rel}","templated":true}]}}