{"id":64058,"date":"2023-04-02T12:49:00","date_gmt":"2023-04-02T09:49:00","guid":{"rendered":"https:\/\/tautastribunals.eu\/?p=64058"},"modified":"2023-04-02T12:51:24","modified_gmt":"2023-04-02T09:51:24","slug":"krieviskuma-un-krievu-vieta-ir-vestures-suda-bedre","status":"publish","type":"post","link":"https:\/\/tautastribunals.eu\/?p=64058","title":{"rendered":"Krieviskuma un krievu vieta ir v\u0113stures &#8220;s\u016bda bedre&#8221; !"},"content":{"rendered":"\n<figure class=\"wp-block-image size-large is-resized\"><img decoding=\"async\" loading=\"lazy\" src=\"https:\/\/tautastribunals.eu\/wp-content\/uploads\/2023\/01\/H-86.Grantins.LRTT_-800x115.png\" alt=\"\" class=\"wp-image-63496\" width=\"1450\" height=\"208\" srcset=\"https:\/\/tautastribunals.eu\/wp-content\/uploads\/2023\/01\/H-86.Grantins.LRTT_-800x115.png 800w, https:\/\/tautastribunals.eu\/wp-content\/uploads\/2023\/01\/H-86.Grantins.LRTT_-300x43.png 300w, https:\/\/tautastribunals.eu\/wp-content\/uploads\/2023\/01\/H-86.Grantins.LRTT_-768x110.png 768w, https:\/\/tautastribunals.eu\/wp-content\/uploads\/2023\/01\/H-86.Grantins.LRTT_.png 1086w\" sizes=\"(max-width: 1450px) 100vw, 1450px\" \/><\/figure>\n\n\n\n<p><\/p>\n\n\n\n<p class=\"has-white-color has-text-color has-background\" style=\"background-color:#16392c;font-size:19px\">Ar\u012b di\u017eais <strong>&#8220;rakstnieks&#8221; <a href=\"https:\/\/www.facebook.com\/maris.luste\">M\u0101ris Luste <\/a><\/strong>br\u012b\u017eiem lok\u0101s k\u0101<strong> ZUTIS UZ PANNAS<\/strong>. L\u016bk, vi\u0146a secin\u0101jums: <em>&#8220;Krievu kult\u016brai, tostarp valodai nav ne vainas. Tikai Krievij\u0101 valdo\u0161ie cari, \u0123enseki un carveid\u012bgie prezidenti to alla\u017e ekspluat\u0113ju\u0161i \u0161ovinistiskiem un imp\u0113riskiem m\u0113r\u0137iem.&#8221; <\/em><\/p>\n\n\n\n<p class=\"has-black-color has-text-color has-background\" style=\"background-color:#7bdbb51a;font-size:19px\">K\u0101 redzams \u010domis muc\u0101 audzis un pa spundi barots. P\u0113c b\u016bt\u012bbas nav t\u0101das krievu kult\u016bras un literat\u016bras, tas viss reiz aiz\u0146emts no Rietumiem&#8230;. . \u0160odien, p\u0113c visa t\u0101, ko redzam, aizst\u0101v\u0113t \u0161os prusakus, ir tas pats, kas b\u016bt pa\u0161am par t\u0101du..<em>.<\/em><\/p>\n\n\n\n<p class=\"has-white-color has-black-background-color has-text-color has-background has-large-font-size\">LRTT koment\u0101rs:<\/p>\n\n\n\n<div class=\"wp-duotone-unset-1 wp-block-cover\"><span aria-hidden=\"true\" class=\"wp-block-cover__background has-background-dim\"><\/span><img decoding=\"async\" loading=\"lazy\" width=\"800\" height=\"450\" class=\"wp-block-cover__image-background wp-image-64064\" alt=\"\" src=\"https:\/\/tautastribunals.eu\/wp-content\/uploads\/2023\/04\/attels-800x450.png\" data-object-fit=\"cover\" srcset=\"https:\/\/tautastribunals.eu\/wp-content\/uploads\/2023\/04\/attels-800x450.png 800w, https:\/\/tautastribunals.eu\/wp-content\/uploads\/2023\/04\/attels-300x169.png 300w, https:\/\/tautastribunals.eu\/wp-content\/uploads\/2023\/04\/attels-768x432.png 768w, https:\/\/tautastribunals.eu\/wp-content\/uploads\/2023\/04\/attels.png 960w\" sizes=\"(max-width: 800px) 100vw, 800px\" \/><div class=\"wp-block-cover__inner-container\">\n<p class=\"has-text-align-center has-large-font-size\">Nost ar krievu pasaules smirdek\u013ciem Latvij\u0101 !<\/p>\n<\/div><\/div>\n\n\n\n<p><\/p>\n\n\n\n<p class=\"has-text-align-center has-white-color has-vivid-red-background-color has-text-color has-background\" style=\"font-size:19px\">\u0160ai smirdo\u0146ai, ar visu vi\u0146as<strong> &#8220;matu&#8221;<\/strong><em>(lamu v\u0101rdu kolekciju) <\/em>, nav vietas starp pasaules valod\u0101m. T\u0101s vieta ir<strong> S\u016aDU BEDRE , kop\u0101 ar vi\u0146u &#8220;krievu pasauli&#8221; <\/strong>!<\/p>\n\n\n\n<p class=\"has-black-color has-text-color has-background\" style=\"background-color:#7bdbb524;font-size:19px\">J\u0101 sav\u0101d\u0101ks v\u0101rds \u0161im kroplajam v\u0113stures periodam nav piem\u0113rojams.. To nevar d\u0113v\u0113t par m\u0113slaini, krieviskums un viss, kas ar to saist\u012bts, ir j\u0101iesvie\u017e v\u0113stures s\u016bda bedr\u0113. Tas pasaulei nav devis piln\u012bgi neko pozit\u012bvu. Tikai un vien\u012bgi<strong> cie\u0161anas n\u0101vi asinis un asaras.<\/strong> Tam ir j\u0101paz\u016bd no cilv\u0113ku sapr\u0101tiem.<\/p>\n\n\n\n<p class=\"has-black-color has-text-color has-background\" style=\"background-color:#7bdbb524;font-size:19px\">To, ko m\u0113s \u0161odien redzam <strong>Ukrain\u0101,<\/strong> liek asin\u012bm stingt dz\u012bsl\u0101s. Tas nav pat zemiskums, tas ir <strong>piln\u012bgs s\u0101tanisms un pie tam v\u0113l t\u0101ds s\u0101tanisms,<\/strong> kurs p\u0101rsp\u0113ja pat vis<strong>-fantastisko s\u0101tanismu<\/strong>. Man person\u012bgi ar \u0161iem kroplajiem izdzimumiem ir bijusi pietieko\u0161i liela saskare un ne tikai ieslodz\u012bjuma viet\u0101s. Piem\u0113ram visas\u0101k\u0101 vieta- p\u0101rdz\u012bvojums un l\u016bzums man\u0101 apzi\u0146\u0101 rad\u0101s tad, kad mani pirmo reizi arest\u0113ja un<strong> &#8220;iemeta&#8221; \u0160\u0137irotavas soda nometn\u0113.<\/strong> Notika dal\u012b\u0161ana pa zon\u0101m. Bija sapulc\u0113ti k\u0101di simts ieslodz\u012btie. Tad ar\u012b redz\u0113ju, k\u0101 katrs sevi izr\u0101d\u012bja. Un tie\u0161i it sevi\u0161\u0137i izc\u0113l\u0101s krievi. K\u0101 tika sp\u0101rd\u012bti un sistie tie, it k\u0101 kuri pirmsapcietin\u0101jum\u0101 bija ko <strong>&#8220;nogr\u0113koju\u0161ies&#8221;.<\/strong> Tas bija skats, kas man v\u0113l \u0161odien r\u0113gojas pirms ac\u012bm.  <\/p>\n\n\n\n<p class=\"has-black-color has-text-color has-background\" style=\"background-color:#7bdbb51f;font-size:19px\">Es, ja t\u0101 var\u0113tu sac\u012bt, biju diezgan daudz ietekm\u0113jies no no <strong>Sv\u0113to rakstu ietekmes<\/strong>. Par to, ka k\u0101dam nelietim centos aizr\u0101d\u012bt, la savu nomesto<strong> &#8220;\u010di\u0146\u010diku&#8221;<\/strong> pats iemet gru\u017ekast\u0113, bet neliek to dar\u012bt vienam gal\u012bgi jauni\u0146am&#8230;dab\u016bju pirmo sp\u0113rienu&#8230; .Viss t\u0101l\u0101kais kas notika, bija manam pr\u0101tam neaptverams. Pamat\u0101 cilv\u0113ki tika sperti k\u0101j\u0101m. Tas bija l\u016bzums man\u0101 apzi\u0146\u0101<strong> pret \u0161iem krievu s\u0101taniskajiem izdzimumiem.<\/strong> Pie sevis nodom\u0101ju: ja man tagad b\u016btu autom\u0101ts, es vi\u0146us visus, piln\u012bgi visus uz vietas ap\u0161autu, not\u012br\u012btu \u0161aujamo, uzv\u0101r\u012btu t\u0113ju un un gandar\u012bts dotos pie nakts miera. <\/p>\n\n\n\n<p class=\"has-black-color has-text-color has-background\" style=\"background-color:#7bdbb524;font-size:19px\">Tagad tad m\u0113s varam iedom\u0101ties, kas notika ar cilv\u0113kiem p\u0113c okup\u0101cijas, kad tika redz\u0113tas \u0161o kriev\u017e\u012bdu s\u0101tanisk\u0101s or\u0123ijas pret mierm\u012bl\u012bgajiem cilv\u0113kiem, kad tika \u0161auti un izvesti tuvinieki. Kas notika <strong>Gulaga nometn\u0113s <\/strong>?! <\/p>\n\n\n\n<p class=\"has-white-color has-vivid-red-background-color has-text-color has-background\" style=\"font-size:30px\">\u0160eit redzam vis\u012bst\u0101kos slepkavas !<\/p>\n\n\n\n<figure class=\"wp-block-embed is-type-wp-embed is-provider-embed wp-block-embed-embed\"><div class=\"wp-block-embed__wrapper\">\n<blockquote class=\"wp-embedded-content\" data-secret=\"kO7zlItJ1Y\"><a href=\"https:\/\/tautastribunals.eu\/?p=41296\">Las\u012bt\u0101js. Par R. Bunku un &#8220;apkalpojo\u0161o person\u0101lu&#8221;<\/a><\/blockquote><iframe class=\"wp-embedded-content\" sandbox=\"allow-scripts\" security=\"restricted\" style=\"position: absolute; clip: rect(1px, 1px, 1px, 1px);\" title=\"&#8220;Las\u012bt\u0101js. Par R. Bunku un &#8220;apkalpojo\u0161o person\u0101lu&#8221;&#8221; &#8212; \" src=\"https:\/\/tautastribunals.eu\/?p=41296&#038;embed=true#?secret=ydPEb7V1fb#?secret=kO7zlItJ1Y\" data-secret=\"kO7zlItJ1Y\" width=\"500\" height=\"282\" frameborder=\"0\" marginwidth=\"0\" marginheight=\"0\" scrolling=\"no\"><\/iframe>\n<\/div><\/figure>\n\n\n\n<p class=\"has-black-color has-text-color has-background\" style=\"background-color:#7bdbb524;font-size:19px\">Un nav pat t\u0101lu j\u0101mekl\u0113, kas notika ar mani pirms asto\u0146iem gadiem, ka \u0161ie smirdo\u0161iem <strong>pundur- krievhazar\u017e\u012bdi<\/strong> mani arest\u0113ja ! Salauztiem kauliem bez medic\u012bnisk\u0101s apkopes iemeta kamer\u0101. Aiz t\u0101 visa st\u0101v\u0113ja kriev\u017e\u012bds <strong>Rihards Bunka, <\/strong>karikat\u016br\u017e\u012bds <strong>Aivars Borovkovs<\/strong> un<strong> kriev\u017e\u012bds no m\u0101tes puses<\/strong> <strong>Raimonds V\u0113jonis. <\/strong>Nelikum\u012bgo arestu no <strong>ES <\/strong>vienpersoniski izrakst\u012bja <strong>N\u0100CIJAS T\u0112VS- \u017e\u012bds Egils Levits<\/strong>. Tagad, k\u0101 izr\u0101d\u0101s, par manu <strong>&#8220;noziegumu&#8221; <\/strong>visp\u0101r nek\u0101du pav\u0113li nevar\u0113ja izrakst\u012bt. <\/p>\n\n\n\n<p class=\"has-black-color has-text-color has-background\" style=\"background-color:#7bdbb524;font-size:19px\"><strong>RCC <\/strong>viss apkalpojo\u0161ais person\u0101ls sast\u0101v\u0113ja no pietieko\u0161i labi run\u0101jo\u0161iem<strong> &#8220;krievu pasaules izk\u0101rn\u012bjumiem&#8221;<\/strong>.  Par to labi raksta sav\u0101s liec\u012bb\u0101s ar\u012b<strong> Astr\u012bda Babane,<\/strong> kura k\u0101du laiku str\u0101d\u0101ja slepkavas <strong>R. Bunkas<\/strong> kantor\u012b. To pa\u0161u <strong>R. Bunku<\/strong> padzina no <strong>RCC <\/strong>par<a href=\"https:\/\/www.pietiek.com\/raksti\/gadu_mija_klusi_nomainits_rigas_centralcietuma_drosibas_dalas_sefs\/\"><code> <\/code><\/a><em><code><strong><a href=\"https:\/\/www.pietiek.com\/raksti\/gadu_mija_klusi_nomainits_rigas_centralcietuma_drosibas_dalas_sefs\/\">ieslodz\u012bt\u0101 noslepkavo\u0161anu<\/a>.<\/strong><\/code><strong> <\/strong><\/em>T\u0101 teikt, v\u0113l\u0101k paaugstin\u0101ja amat\u0101 par viena latvie\u0161a izn\u012bcin\u0101\u0161anu. Tagad str\u0101d\u0101 par pasniedz\u0113ju k\u0101d\u0101 augstskol\u0101 ! Latviet, \u0161\u012b <strong>krievu pasaule past\u0101v katr\u0101 komunist\u0101 <\/strong>un katr\u0101 taj\u0101, kur\u0161 ieg\u0101jis\/ ieaicin\u0101ts <strong>Sinagog\u0101 <\/strong>un uzlicis uz savu trulo pauri \u0161o<strong> S\u0101tana sv\u0113t\u012bto p\u013cocku<\/strong>. <\/p>\n\n\n\n<figure class=\"wp-block-embed is-type-wp-embed is-provider-embed wp-block-embed-embed\"><div class=\"wp-block-embed__wrapper\">\n<blockquote class=\"wp-embedded-content\" data-secret=\"JGJp5ma2Lm\"><a href=\"https:\/\/tautastribunals.eu\/?p=39910\">Astr\u012bdas Bab\u0101nes kundzes liec\u012bbas H- 86<\/a><\/blockquote><iframe class=\"wp-embedded-content\" sandbox=\"allow-scripts\" security=\"restricted\" style=\"position: absolute; clip: rect(1px, 1px, 1px, 1px);\" title=\"&#8220;Astr\u012bdas Bab\u0101nes kundzes liec\u012bbas H- 86&#8221; &#8212; \" src=\"https:\/\/tautastribunals.eu\/?p=39910&#038;embed=true#?secret=zjBpYSsfhH#?secret=JGJp5ma2Lm\" data-secret=\"JGJp5ma2Lm\" width=\"500\" height=\"282\" frameborder=\"0\" marginwidth=\"0\" marginheight=\"0\" scrolling=\"no\"><\/iframe>\n<\/div><\/figure>\n\n\n\n<p class=\"has-black-color has-text-color has-background\" style=\"background-color:#7bdbb524;font-size:19px\">Visa nauda, ko \u0161\u012b noziedznieku banda <strong>&#8220;noslaukusi&#8221;<\/strong> no latvie\u0161iem, mums ir j\u0101atg\u016bst, jo <strong>neviens latvietis nevienu haz\u0101r\u017e\u012bdu nav no\u0161\u0101vis<\/strong> un ar\u012b neavar\u0113ja no\u0161aut, jo nepast\u0101v\u0113ja t\u0101da <strong>LATVIJAS VALSTS <\/strong>un individu\u0101li latvietim nacisti t\u0101das lietas neuztic\u0113j\u0101s. To pier\u0101d\u012bja gan \u010dekas noslepkavotais <strong>A. Gr\u016btups <\/strong>un ar\u012b \u010dekas noslepkavotais <strong>I. Ronis <\/strong>!!! T\u0101 k\u0101 latvie\u0161u holokausts pret <strong>&#8220;jebrejiem&#8221; <\/strong>ir vis\u012bst\u0101k\u0101 provok\u0101cija, kura j\u0101izskata<strong> Starptautisk\u0101 Tribun\u0101l\u0101<\/strong> un vain\u012bgie j\u0101soda ! Ar\u012b <strong>Izra\u0113las noziegumi pret palest\u012bnie\u0161iem <\/strong>ir k\u0101pu\u0161u visaugst\u0101kajos <strong>DEBESU LAUKOS<\/strong>, par ko b\u016bs smagi j\u0101atbild, t\u0101pat k\u0101 <strong>krievu ork\u0101m <\/strong>!<strong> <\/strong><\/p>\n\n\n\n<figure class=\"wp-block-image size-full is-resized\"><img decoding=\"async\" loading=\"lazy\" src=\"https:\/\/tautastribunals.eu\/wp-content\/uploads\/2022\/06\/Vaira-Vike-FreibergaPutinsMerkelL.Grantins.LRTT_.png\" alt=\"\" class=\"wp-image-62233\" width=\"1443\" height=\"1126\" srcset=\"https:\/\/tautastribunals.eu\/wp-content\/uploads\/2022\/06\/Vaira-Vike-FreibergaPutinsMerkelL.Grantins.LRTT_.png 503w, https:\/\/tautastribunals.eu\/wp-content\/uploads\/2022\/06\/Vaira-Vike-FreibergaPutinsMerkelL.Grantins.LRTT_-300x235.png 300w\" sizes=\"(max-width: 1443px) 100vw, 1443px\" \/><figcaption class=\"wp-element-caption\">Krievu pasaules uztic\u012bbas personas !!!<\/figcaption><\/figure>\n\n\n\n<p class=\"has-black-color has-text-color has-background\" style=\"background-color:#7bdbb526;font-size:19px\"><strong>Liel\u0101 Tiesas diena <\/strong>mums v\u0113l priek\u0161\u0101 un tikai tad m\u016bsu tauta var\u0113s uzelpot, kad komunistu izdzimte\u0146i ar savu<strong> &#8220;krievu pasauli&#8221;<\/strong> tiks iemesti <strong>Elles za\u0146\u0137\u012b <\/strong>uz m\u016b\u017e\u012bgiem laikiem ! Nevienam krievam nav ties\u012bbas dz\u012bvot <strong>LATVIJ\u0100 <\/strong>! <strong>Slava ukrai\u0146u karav\u012briem- Dievs sv\u0113ti vi\u0146us un m\u016bsu T\u0113vzemi <\/strong>!<\/p>\n\n\n\n<p>02.04.23<\/p>\n\n\n\n<p class=\"has-white-color has-black-background-color has-text-color has-background\" style=\"font-size:30px\">Krievu pasaules izdzimumi !<\/p>\n\n\n\n<figure class=\"wp-block-embed is-type-wp-embed is-provider-embed wp-block-embed-embed\"><div class=\"wp-block-embed__wrapper\">\n<blockquote class=\"wp-embedded-content\" data-secret=\"FRFGtiYcIZ\"><a href=\"https:\/\/tautastribunals.eu\/?p=63463\">Komunistu- cionistu noziegumi pastiprin\u0101ti turpin\u0101s pret latvie\u0161u etnosu ! Vi\u0146i ir aptraku\u0161i sav\u0101 patva\u013c\u0101 !<\/a><\/blockquote><iframe class=\"wp-embedded-content\" sandbox=\"allow-scripts\" security=\"restricted\" style=\"position: absolute; clip: rect(1px, 1px, 1px, 1px);\" title=\"&#8220;Komunistu- cionistu noziegumi pastiprin\u0101ti turpin\u0101s pret latvie\u0161u etnosu ! Vi\u0146i ir aptraku\u0161i sav\u0101 patva\u013c\u0101 !&#8221; &#8212; \" src=\"https:\/\/tautastribunals.eu\/?p=63463&#038;embed=true#?secret=uCXylSFr0r#?secret=FRFGtiYcIZ\" data-secret=\"FRFGtiYcIZ\" width=\"500\" height=\"282\" frameborder=\"0\" marginwidth=\"0\" marginheight=\"0\" scrolling=\"no\"><\/iframe>\n<\/div><\/figure>\n","protected":false},"excerpt":{"rendered":"<p>Ar\u012b di\u017eais &#8220;rakstnieks&#8221; M\u0101ris Luste br\u012b\u017eiem lok\u0101s k\u0101 ZUTIS UZ PANNAS. L\u016bk, vi\u0146a secin\u0101jums: &#8220;Krievu kult\u016brai, tostarp valodai nav ne vainas. Tikai Krievij\u0101 valdo\u0161ie cari, \u0123enseki un carveid\u012bgie prezidenti to alla\u017e ekspluat\u0113ju\u0161i \u0161ovinistiskiem un&#46;&#46;&#46;<\/p>\n","protected":false},"author":1,"featured_media":63419,"comment_status":"open","ping_status":"open","sticky":false,"template":"","format":"standard","meta":[],"categories":[1],"tags":[],"_links":{"self":[{"href":"https:\/\/tautastribunals.eu\/index.php?rest_route=\/wp\/v2\/posts\/64058"}],"collection":[{"href":"https:\/\/tautastribunals.eu\/index.php?rest_route=\/wp\/v2\/posts"}],"about":[{"href":"https:\/\/tautastribunals.eu\/index.php?rest_route=\/wp\/v2\/types\/post"}],"author":[{"embeddable":true,"href":"https:\/\/tautastribunals.eu\/index.php?rest_route=\/wp\/v2\/users\/1"}],"replies":[{"embeddable":true,"href":"https:\/\/tautastribunals.eu\/index.php?rest_route=%2Fwp%2Fv2%2Fcomments&post=64058"}],"version-history":[{"count":17,"href":"https:\/\/tautastribunals.eu\/index.php?rest_route=\/wp\/v2\/posts\/64058\/revisions"}],"predecessor-version":[{"id":64082,"href":"https:\/\/tautastribunals.eu\/index.php?rest_route=\/wp\/v2\/posts\/64058\/revisions\/64082"}],"wp:featuredmedia":[{"embeddable":true,"href":"https:\/\/tautastribunals.eu\/index.php?rest_route=\/wp\/v2\/media\/63419"}],"wp:attachment":[{"href":"https:\/\/tautastribunals.eu\/index.php?rest_route=%2Fwp%2Fv2%2Fmedia&parent=64058"}],"wp:term":[{"taxonomy":"category","embeddable":true,"href":"https:\/\/tautastribunals.eu\/index.php?rest_route=%2Fwp%2Fv2%2Fcategories&post=64058"},{"taxonomy":"post_tag","embeddable":true,"href":"https:\/\/tautastribunals.eu\/index.php?rest_route=%2Fwp%2Fv2%2Ftags&post=64058"}],"curies":[{"name":"wp","href":"https:\/\/api.w.org\/{rel}","templated":true}]}}