{"id":63922,"date":"2023-03-18T12:09:08","date_gmt":"2023-03-18T10:09:08","guid":{"rendered":"https:\/\/tautastribunals.eu\/?p=63922"},"modified":"2023-03-18T12:09:08","modified_gmt":"2023-03-18T10:09:08","slug":"vai-zviedri-ir-tauta-ar-homo-sapiens-morali-zviedrijas-tumsa-pagatne","status":"publish","type":"post","link":"https:\/\/tautastribunals.eu\/?p=63922","title":{"rendered":"Vai zviedri ir tauta ar homo sapiens mor\u0101li ? Zviedrijas &#8220;tum\u0161\u0101 pag\u0101tne&#8221; !"},"content":{"rendered":"\n<p><\/p>\n\n\n\n<figure class=\"wp-block-image size-large is-resized\"><img decoding=\"async\" loading=\"lazy\" src=\"https:\/\/tautastribunals.eu\/wp-content\/uploads\/2023\/01\/H-86.Grantins.LRTT_-1-800x115.png\" alt=\"\" class=\"wp-image-63520\" width=\"1450\" height=\"208\" srcset=\"https:\/\/tautastribunals.eu\/wp-content\/uploads\/2023\/01\/H-86.Grantins.LRTT_-1-800x115.png 800w, https:\/\/tautastribunals.eu\/wp-content\/uploads\/2023\/01\/H-86.Grantins.LRTT_-1-300x43.png 300w, https:\/\/tautastribunals.eu\/wp-content\/uploads\/2023\/01\/H-86.Grantins.LRTT_-1-768x110.png 768w, https:\/\/tautastribunals.eu\/wp-content\/uploads\/2023\/01\/H-86.Grantins.LRTT_-1.png 1086w\" sizes=\"(max-width: 1450px) 100vw, 1450px\" \/><\/figure>\n\n\n\n<p><\/p>\n\n\n\n<p class=\"has-black-color has-text-color has-background\" style=\"background-color:#7bdbb538;font-size:19px\">Zviedrijas <strong>\u201ctum\u0161\u0101 pag\u0101tne\u201d<\/strong>. \u201cZviedrija bija starp pirmaj\u0101m, <strong>kas atzina padomju okup\u0101ciju Baltijas valst\u012bs<\/strong>\u201d<\/p>\n\n\n\n<p class=\"has-black-color has-text-color has-background\" style=\"background-color:#7bdbb538;font-size:19px\">Piev\u0113r\u0161oties baltie\u0161u karav\u012bru izdo\u0161anai <strong>PSRS, <\/strong>kas notika 1945.gad\u0101, <strong>zviedrs <\/strong>nor\u0101d\u012bja, ka t\u0101 bijusi <strong>Zviedrijas<\/strong> \u0101rpolitikas \u201c<strong>tum\u0161ais br\u012bdis<\/strong>\u201d. Vi\u0146\u0161 piebilda, ka<strong> Stokholma<\/strong> ilgi ignor\u0113jusi savas kaimi\u0146valstis<strong> Baltijas <\/strong>j\u016bras pret\u0113j\u0101 krast\u0101, un aicin\u0101ja stiprin\u0101t p\u0113c neatkar\u012bbas atjauno\u0161anas izveidot\u0101s attiec\u012bbas. <strong>\u201cDesmitgad\u0113m zviedri neatzina baltie\u0161u cie\u0161anas,\u201d<\/strong> nor\u0101d\u012bja zviedrs.<\/p>\n\n\n\n<p class=\"has-black-color has-text-color has-background\" style=\"background-color:#7bdbb53b;font-size:19px\">Es rok\u0101 turu zviedru m\u0101c\u012bbu gr\u0101matu, kas tika izmantota asto\u0146desmitajos gados.<strong> Igaunijas, Latvijas <\/strong>un<strong> Lietuvas <\/strong>liktenis <strong>p\u0113c Otr\u0101 pasaules kara<\/strong> taj\u0101 visp\u0101r nav piemin\u0113ts.<strong>\u201cPaties\u012bb\u0101 ir gr\u016bti atrast jebk\u0101du nor\u0101di uz faktu, ka jebkad ir past\u0101v\u0113ju\u0161as t\u0101das Baltijas valstis. T\u0101 bija realit\u0101te, kad es g\u0101ju skol\u0101,\u201d<\/strong> piebilda 46 gadus vecais zviedrs<em>(premjers)<\/em>.<\/p>\n\n\n\n<p class=\"has-text-align-center has-white-color has-vivid-red-background-color has-text-color has-background\" style=\"font-size:25px\">V\u0113sturisk\u0101s PATIES\u012aBAS atkl\u0101\u0161ana mums tikai v\u0113l priek\u0161\u0101 un t\u0101 b\u016bs \u0161ausm\u012bga priek\u0161 viltot\u0101jiem un sl\u0113p\u0113jiem !<\/p>\n\n\n\n<p class=\"has-white-color has-black-background-color has-text-color has-background\" style=\"font-size:25px\"><strong>LRTT: <\/strong><\/p>\n\n\n\n<p class=\"has-black-color has-text-color has-background\" style=\"background-color:#cf2d2d0f;font-size:19px\">Te gan <strong>Zviedrijas &#8220;premjeram&#8221; Reinfeltam<\/strong> der\u0113tu ieb\u0101zt purn\u0101- atg\u0101din\u0101t ar\u012b to, ka neitr\u0101lie zviedri sl\u0113pti sadarboj\u0101s ar nacistisko <strong>V\u0101ciju<\/strong> ! Sl\u0113pa t\u0101s holokaustu pret jebrejiem un \u010dig\u0101niem. Un, neb\u016bs ne b\u016bt melots, ka tas ar\u012b ir zviedru <strong>&#8220;tum\u0161\u0101 br\u012b\u017ea&#8221; <\/strong>lietas b\u016bt\u012bbas \u012bstam izskaidrojumam, k\u0101p\u0113c tika izdoti latvie\u0161u le\u0123ion\u0101ri. <\/p>\n\n\n\n<p class=\"has-black-color has-text-color has-background\" style=\"background-color:#cf2d2d0f;font-size:19px\">T\u0101 bija noruna starp <strong>zviedriem<\/strong> un <strong>krieviem<\/strong>: <strong>&#8220;&#8221;neizdosiet latvie\u0161u<em> &#8220;nacistus&#8221;<\/em>, m\u0113s atkl\u0101sim j\u016bsu sadarb\u012bbu ar v\u0101cu nacistiem !&#8221;&#8221;<\/strong> T\u0101dam noziegumam, ko veica zviedri pret latvie\u0161iem, ir \u013coti nopietns iemesls ! L\u012bdz \u0161ai dienai tas tiek sl\u0113pts. \u0160\u012b <strong>Reinfelta<\/strong> du\u013c\u0137ain\u0101<strong> &#8220;paties\u012bbas atkl\u0101\u0161ana&#8221;<\/strong>, ir k\u0101rt\u0113j\u0101 uzman\u012bbas novirz\u012b\u0161ana no \u012bst\u0101s v\u0113sturisk\u0101s paties\u012bbas atkl\u0101\u0161anas. Par \u0161o noziegumu pret latvie\u0161u tautu, vi\u0146i m\u016bs ir par\u0101d\u0101 ne vienu vien miljardu <strong>Eiro<\/strong> ! <\/p>\n\n\n\n<p class=\"has-black-color has-text-color has-background\" style=\"background-color:#cf2d2d0f;font-size:19px\">Ar pakalp\u012bbu sta\u013ciniskajai<strong> PSRS<\/strong>, vi\u0146i p\u0113c <strong>B\u016aT\u012aBAS<\/strong> ir atzinu\u0161i savu sadarb\u012bbu ar nacistisko <strong>Hitlera <\/strong>re\u017e\u012bmu. \u0160\u012b ir ar\u012b \u012bst\u0101 b\u016bt\u012bba, k\u0101p\u0113c \u0161odien <strong>Latvij\u0101<\/strong> pie teik\u0161anas ir 100%t\u012bgi <strong>\u010dekisti- sta\u013cinisti. ES,<\/strong> ar <strong>Zviedriju<\/strong> priek\u0161gal\u0101, ir ieinteres\u0113ti, lai \u0161ie \u010dekisti pie mums vald\u012btu m\u016b\u017e\u012bgi, jo tad netiks pacelts \u0161o<strong> &#8220;di\u017eo demokr\u0101tu&#8221;<\/strong> sadarb\u012bbas jaut\u0101jums ar nacistiem un, protams, ar\u012b ar slepkavniecisko krievu- sta\u013cinistu re\u017e\u012bmu. <\/p>\n\n\n\n<p class=\"has-black-color has-text-color has-background\" style=\"background-color:#cf2d2d0f;font-size:19px\">Aiz visa t\u0101 sl\u0113pjas <strong>Ci\u0101nas meln\u0101 \u0113na<\/strong>. Ja m\u0113s visu to saprotam, tad ar\u012b ir izskaidrojams k\u0101p\u0113c: <strong>Latviju ES<\/strong> p\u0101rst\u0101v<strong> 100% krimin\u0101lelementi, <\/strong>kuri saist\u012bti ar biju\u0161aj\u0101m<strong> KGB<\/strong> kontrol\u0113t\u0101m strukt\u016br\u0101m ? <\/p>\n\n\n\n<p class=\"has-black-color has-text-color has-background\" style=\"background-color:#cf2d2d0f;font-size:19px\">Tev, latviet, ir j\u0101saprot, ka nek\u0101das mistikas nepast\u0101v, visam ir savs izskaidrojums. T\u0101p\u0113c t\u0101du <strong>L. Granti\u0146u <\/strong>ar vi\u0146a <strong>LRTT <\/strong>neieredz visi, s\u0101kot no <strong>Lato Lapsas<\/strong> un beidzot ar nac. varo\u0146iem no <strong>VL!<\/strong>, nemaz jau nerun\u0101jot par valdo\u0161o <strong>E. Levita 4. maija noziedznieku bandu<\/strong>. Par \u0161o <strong>&#8220;jaut\u0101jumu&#8221;<\/strong> akt\u012bvi interes\u0113j\u0101s v\u0113sturnieks, profesors<strong> Indulis Ronis<\/strong>. T\u0101p\u0113c cionistu uzdevum\u0101 <strong>Lato Lapsa<\/strong> sav\u0101 gr\u0101mat\u0101<strong> L. Granti\u0146u<\/strong> un<strong> I. Roni<\/strong> nod\u0113v\u0113ja par <strong>GAR\u0100 V\u0100JAJIEM.<\/strong> T\u0101p\u0113c vi\u0146\u0161 tika noslepkavots un t\u0101p\u0113c ar\u012b <strong>L. Granti\u0146u <\/strong>un vi\u0146a <em>www.tautastribunals.eu<\/em> cen\u0161as likvid\u0113t ! Pats no sevis, latviet, <strong>L. Lapsa<\/strong> to nedar\u012bja !!! \u0160odien \u0161is <strong>Ci\u0101nas &#8220;propellers&#8221; <\/strong>p\u016b\u0161 miglu ac\u012bs ar sav\u0101m puspaties\u012bb\u0101m, lai tiktu pie varas gro\u017eiem n\u0101ko\u0161aj\u0101 v\u0113stures etap\u0101 ! <\/p>\n\n\n\n<p class=\"has-black-color has-text-color has-background\" style=\"background-color:#cf2d2d0f;font-size:19px\">Atk\u0101rtoju, latviet, visam ir savs izskaidrojums, ir tikai j\u0101sp\u0113j to saskat\u012bt. Te ir ar\u012b izskaidrojums, k\u0101p\u0113c <strong>&#8220;v\u0113sturnieks&#8221; Stranga<\/strong> noslepkavoja savu kol\u0113\u0123i <strong>P\u0101vul\u0101nu<\/strong>.<\/p>\n\n\n\n<p class=\"has-white-color has-black-background-color has-text-color has-background\" style=\"font-size:30px\">No LRTT arh\u012bva: <\/p>\n\n\n\n<p class=\"has-black-color has-text-color has-background\" style=\"background-color:#cf2d2d29;font-size:19px\"><strong>Indulis Ronis: <\/strong>Pateicoties Linarta Granti\u0146a kunga laipnai pret\u012bmn\u0101k\u0161anai pilns \u0161\u012b LU studentiem patiesi tra\u0123isk\u0101 dokumenta teksts ir public\u0113ts m\u016bsu Jauno Br\u012bv\u012bbas C\u012b\u0146u pirmo Taur\u0113t\u0101ju \u2014 cilv\u0113kties\u012bbu aizst\u0101v\u012bbas grupas <strong>Helsinki -86<\/strong> vietn\u0113 <strong>\u201cLatvijas Republikas Tautas Tribun\u0101ls\u201d<\/strong>. K\u0101 redzams, tad es tur sniedzu ofici\u0101lu inform\u0101ciju ar\u012b par<strong> slepkavu Aivaru Strangu <\/strong>\u2014 LU profesora amat\u0101.<br>Diem\u017e\u0113l, no Valsts prezidenta un Saeimas kanceleju ier\u0113d\u0146u atbild\u0113m izriet\u0113ja, ka Latvijai nav ne prezidenta, ne Saeimas priek\u0161\u0113d\u0113t\u0101ja, jo man tika pazi\u0146ots <em>(pap\u012bra form\u0101t\u0101)<\/em>, ka prezidenta kungs un priek\u0161s\u0113d\u0113t\u0101jas kundze \u0161o <strong>\u0101rk\u0101rt\u0113jo inform\u0101ciju tikai pie\u0146\u0113mu\u0161i \u201czin\u0101\u0161anai\u201d. <\/strong>Ja labtic\u012bgi pie\u0146em, ka ier\u0113d\u0146i patiesi ir atbild\u0113ju\u0161i Valsts prezidenta un Saeimas priek\u0161s\u0113d\u0113t\u0101jas uzdevum\u0101, tad tas noz\u012bm\u0113 to, ka abas min\u0113t\u0101s amatpersonas ir akcept\u0113ju\u0161as faktu, ka viens Latvijas habilit\u0113tais v\u0113stures doktors par slepkavu nosauc otru t\u0101du pa\u0161u augst\u0101k\u0101s kvalifik\u0101cijas v\u0113sturnieku, <strong>bet neseko nek\u0101da r\u012bc\u012bba<\/strong>. <\/p>\n\n\n\n<p class=\"has-black-color has-text-color has-background\" style=\"background-color:#cf2d2d29;font-size:19px\">Las\u012bt visu: <\/p>\n\n\n\n<figure class=\"wp-block-embed is-type-wp-embed is-provider-embed wp-block-embed-embed\"><div class=\"wp-block-embed__wrapper\">\n<blockquote class=\"wp-embedded-content\" data-secret=\"F2lpTgPsUj\"><a href=\"https:\/\/tautastribunals.eu\/?p=14461\">I. Ronis. Profesors- slepkava A. Stranga<\/a><\/blockquote><iframe class=\"wp-embedded-content\" sandbox=\"allow-scripts\" security=\"restricted\" style=\"position: absolute; clip: rect(1px, 1px, 1px, 1px);\" title=\"&#8220;I. Ronis. Profesors- slepkava A. Stranga&#8221; &#8212; \" src=\"https:\/\/tautastribunals.eu\/?p=14461&#038;embed=true#?secret=GrxHWJmzfE#?secret=F2lpTgPsUj\" data-secret=\"F2lpTgPsUj\" width=\"500\" height=\"282\" frameborder=\"0\" marginwidth=\"0\" marginheight=\"0\" scrolling=\"no\"><\/iframe>\n<\/div><\/figure>\n\n\n\n<figure class=\"wp-block-image size-full is-resized\"><img decoding=\"async\" loading=\"lazy\" src=\"https:\/\/tautastribunals.eu\/wp-content\/uploads\/2018\/12\/I.Ronis_.-L.Granti\u0146\u0161.LRTT_.-Helsinki-86.-R\u012bga3-2.png\" alt=\"\" class=\"wp-image-48108\" width=\"1450\" height=\"223\" srcset=\"https:\/\/tautastribunals.eu\/wp-content\/uploads\/2018\/12\/I.Ronis_.-L.Granti\u0146\u0161.LRTT_.-Helsinki-86.-R\u012bga3-2.png 696w, https:\/\/tautastribunals.eu\/wp-content\/uploads\/2018\/12\/I.Ronis_.-L.Granti\u0146\u0161.LRTT_.-Helsinki-86.-R\u012bga3-2-300x46.png 300w\" sizes=\"(max-width: 1450px) 100vw, 1450px\" \/><\/figure>\n\n\n\n<p><\/p>\n\n\n\n<p><\/p>\n\n\n\n<figure class=\"wp-block-image size-large is-resized\"><img decoding=\"async\" loading=\"lazy\" src=\"https:\/\/tautastribunals.eu\/wp-content\/uploads\/2016\/11\/Urbanovi\u010ds.-Aivars-Stranga-Inesis-Feldmanis.-Jansons-KoylovskisReiniks-Maiz\u012btis-Indulis-RonisLRTT.-Granti\u0146\u0161.-800x576.PNG\" alt=\"\" class=\"wp-image-35671\" width=\"1450\" height=\"1044\" srcset=\"https:\/\/tautastribunals.eu\/wp-content\/uploads\/2016\/11\/Urbanovi\u010ds.-Aivars-Stranga-Inesis-Feldmanis.-Jansons-KoylovskisReiniks-Maiz\u012btis-Indulis-RonisLRTT.-Granti\u0146\u0161.-800x576.PNG 800w, https:\/\/tautastribunals.eu\/wp-content\/uploads\/2016\/11\/Urbanovi\u010ds.-Aivars-Stranga-Inesis-Feldmanis.-Jansons-KoylovskisReiniks-Maiz\u012btis-Indulis-RonisLRTT.-Granti\u0146\u0161.-300x216.PNG 300w, https:\/\/tautastribunals.eu\/wp-content\/uploads\/2016\/11\/Urbanovi\u010ds.-Aivars-Stranga-Inesis-Feldmanis.-Jansons-KoylovskisReiniks-Maiz\u012btis-Indulis-RonisLRTT.-Granti\u0146\u0161..PNG 938w\" sizes=\"(max-width: 1450px) 100vw, 1450px\" \/><\/figure>\n\n\n\n<p class=\"has-text-align-center\" style=\"font-size:25px\"><a href=\"https:\/\/www.facebook.com\/photo?fbid=5781774645256938&amp;set=pcb.5781779841923085\">https:\/\/www.facebook.com\/photo?fbid=5781774645256938&amp;set=pcb.5781779841923085<\/a><\/p>\n\n\n\n<figure class=\"wp-block-image size-full is-resized\"><img decoding=\"async\" loading=\"lazy\" src=\"https:\/\/tautastribunals.eu\/wp-content\/uploads\/2023\/03\/attels-1.png\" alt=\"\" class=\"wp-image-63926\" width=\"1450\" height=\"1174\" srcset=\"https:\/\/tautastribunals.eu\/wp-content\/uploads\/2023\/03\/attels-1.png 442w, https:\/\/tautastribunals.eu\/wp-content\/uploads\/2023\/03\/attels-1-300x243.png 300w\" sizes=\"(max-width: 1450px) 100vw, 1450px\" \/><\/figure>\n\n\n\n<p><\/p>\n\n\n\n<figure class=\"wp-block-image size-large is-resized\"><img decoding=\"async\" loading=\"lazy\" src=\"https:\/\/tautastribunals.eu\/wp-content\/uploads\/2023\/03\/attels-2-800x433.png\" alt=\"\" class=\"wp-image-63930\" width=\"1450\" height=\"785\" srcset=\"https:\/\/tautastribunals.eu\/wp-content\/uploads\/2023\/03\/attels-2-800x433.png 800w, https:\/\/tautastribunals.eu\/wp-content\/uploads\/2023\/03\/attels-2-300x163.png 300w, https:\/\/tautastribunals.eu\/wp-content\/uploads\/2023\/03\/attels-2-768x416.png 768w, https:\/\/tautastribunals.eu\/wp-content\/uploads\/2023\/03\/attels-2.png 1080w\" sizes=\"(max-width: 1450px) 100vw, 1450px\" \/><\/figure>\n\n\n\n<p>18.03.23<\/p>\n\n\n\n<p><\/p>\n\n\n\n<p><\/p>\n\n\n\n<p><\/p>\n\n\n\n<p><\/p>\n","protected":false},"excerpt":{"rendered":"<p>Zviedrijas \u201ctum\u0161\u0101 pag\u0101tne\u201d. \u201cZviedrija bija starp pirmaj\u0101m, kas atzina padomju okup\u0101ciju Baltijas valst\u012bs\u201d Piev\u0113r\u0161oties baltie\u0161u karav\u012bru izdo\u0161anai PSRS, kas notika 1945.gad\u0101, zviedrs nor\u0101d\u012bja, ka t\u0101 bijusi Zviedrijas \u0101rpolitikas \u201ctum\u0161ais br\u012bdis\u201d. Vi\u0146\u0161 piebilda, ka Stokholma&#46;&#46;&#46;<\/p>\n","protected":false},"author":1,"featured_media":59054,"comment_status":"open","ping_status":"open","sticky":false,"template":"","format":"standard","meta":[],"categories":[1],"tags":[],"_links":{"self":[{"href":"https:\/\/tautastribunals.eu\/index.php?rest_route=\/wp\/v2\/posts\/63922"}],"collection":[{"href":"https:\/\/tautastribunals.eu\/index.php?rest_route=\/wp\/v2\/posts"}],"about":[{"href":"https:\/\/tautastribunals.eu\/index.php?rest_route=\/wp\/v2\/types\/post"}],"author":[{"embeddable":true,"href":"https:\/\/tautastribunals.eu\/index.php?rest_route=\/wp\/v2\/users\/1"}],"replies":[{"embeddable":true,"href":"https:\/\/tautastribunals.eu\/index.php?rest_route=%2Fwp%2Fv2%2Fcomments&post=63922"}],"version-history":[{"count":21,"href":"https:\/\/tautastribunals.eu\/index.php?rest_route=\/wp\/v2\/posts\/63922\/revisions"}],"predecessor-version":[{"id":63948,"href":"https:\/\/tautastribunals.eu\/index.php?rest_route=\/wp\/v2\/posts\/63922\/revisions\/63948"}],"wp:featuredmedia":[{"embeddable":true,"href":"https:\/\/tautastribunals.eu\/index.php?rest_route=\/wp\/v2\/media\/59054"}],"wp:attachment":[{"href":"https:\/\/tautastribunals.eu\/index.php?rest_route=%2Fwp%2Fv2%2Fmedia&parent=63922"}],"wp:term":[{"taxonomy":"category","embeddable":true,"href":"https:\/\/tautastribunals.eu\/index.php?rest_route=%2Fwp%2Fv2%2Fcategories&post=63922"},{"taxonomy":"post_tag","embeddable":true,"href":"https:\/\/tautastribunals.eu\/index.php?rest_route=%2Fwp%2Fv2%2Ftags&post=63922"}],"curies":[{"name":"wp","href":"https:\/\/api.w.org\/{rel}","templated":true}]}}