{"id":63874,"date":"2023-03-14T19:10:07","date_gmt":"2023-03-14T17:10:07","guid":{"rendered":"https:\/\/tautastribunals.eu\/?p=63874"},"modified":"2023-03-14T19:10:07","modified_gmt":"2023-03-14T17:10:07","slug":"b-smildzina-naids-un-meli-pret-latviesiem","status":"publish","type":"post","link":"https:\/\/tautastribunals.eu\/?p=63874","title":{"rendered":"B. Smildzi\u0146a. Naids un meli pret latvie\u0161iem"},"content":{"rendered":"\n<figure class=\"wp-block-image size-large is-resized\"><img decoding=\"async\" loading=\"lazy\" src=\"https:\/\/tautastribunals.eu\/wp-content\/uploads\/2023\/01\/H-86.Grantins.LRTT_-800x115.png\" alt=\"\" class=\"wp-image-63496\" width=\"1450\" height=\"208\" srcset=\"https:\/\/tautastribunals.eu\/wp-content\/uploads\/2023\/01\/H-86.Grantins.LRTT_-800x115.png 800w, https:\/\/tautastribunals.eu\/wp-content\/uploads\/2023\/01\/H-86.Grantins.LRTT_-300x43.png 300w, https:\/\/tautastribunals.eu\/wp-content\/uploads\/2023\/01\/H-86.Grantins.LRTT_-768x110.png 768w, https:\/\/tautastribunals.eu\/wp-content\/uploads\/2023\/01\/H-86.Grantins.LRTT_.png 1086w\" sizes=\"(max-width: 1450px) 100vw, 1450px\" \/><\/figure>\n\n\n\n<p><\/p>\n\n\n\n<p class=\"has-text-align-center has-white-color has-text-color has-background\" style=\"background-color:#0b3f2c;font-size:19px\">Tie\u0161i v\u0113l\u0113jos par \u0161o par\u0101d\u012bbu rakst\u012bt, ka \u0161\u012bs Saeimas izveidotais vald\u012bbas sast\u0101vs ir klaji naid\u012bgs Latvijas nacion\u0101lai valstij, bet to jau mag\u0101 veid\u0101 bija izdar\u012bjusi B. Smildzi\u0146a. Naid\u012bgums pret latvie\u0161iem izpau\u017eas visur un vis\u0101d\u0101s form\u0101s. Kaut vai: Iek\u0161lietu ministra c\u012b\u0146a par to, lai krievu band\u012bti- oligarhi, kuri apzogot savu tautu ir nopirku\u0161i ties\u012bbas apmesties Latvij\u0101 un izmukt no peln\u012bt\u0101 soda Krievij\u0101, tiktu pasarg\u0101ti no latvie\u0161u valodas uzm\u0101c\u012bbas. <\/p>\n\n\n\n<p class=\"has-text-align-center has-white-color has-text-color has-background\" style=\"background-color:#0b3f2c;font-size:19px\">Pav\u0113rojot L. Lapsas c\u012b\u0146u ar valsts izlaup\u012bt\u0101jiem, ar\u012b non\u0101kam pie secin\u0101juma, ka viss tiek dar\u012bts, lai izn\u012bcin\u0101tu Latviju k\u0101 nacion\u0101lu valsti. Viss tas aizs\u0101k\u0101s jau taj\u0101 laik\u0101, kad &#8220;n\u0101cijas t\u0113vs&#8221; E. Levits bija Tieslietu ministrs. <\/p>\n\n\n\n<p class=\"has-text-align-center has-white-color has-text-color has-background\" style=\"background-color:#0b3f2c;font-size:19px\">Viss Latvijas repres\u012bvais apar\u0101ts sast\u0101v liel\u0101koties no nelatvie\u0161iem, jaukte\u0146iem un komunistu \u010dekistu ielikte\u0146iem. Par to visu es 100%t\u012bgi p\u0101rliecin\u0101jos p\u0113c p\u0113d\u0113j\u0101 zv\u0113r\u012bg\u0101 aresta 2015. gad\u0101. Cietum\u0101 visi bija nelatvie\u0161i, kuri goda viet\u0101 tur\u0113ja F\u0113liksa \u0122er\u017einska portretu ! Par to ar\u012b st\u0101st\u012bja A. Bab\u0101ne sav\u0101s liec\u012bb\u0101s par kriev\u017e\u012bda Riharda Bunkas organiz\u0101ciju. \u0160is izdzimums tika padz\u012bts no cietuma administr\u0101cijas par veikto slepkav\u012bbu pret latvieti. <\/p>\n\n\n\n<figure class=\"wp-block-embed is-type-wp-embed is-provider-embed wp-block-embed-embed\"><div class=\"wp-block-embed__wrapper\">\n<blockquote class=\"wp-embedded-content\" data-secret=\"jAkIuEe6hD\"><a href=\"https:\/\/tautastribunals.eu\/?p=39910\">Astr\u012bdas Bab\u0101nes kundzes liec\u012bbas H- 86<\/a><\/blockquote><iframe class=\"wp-embedded-content\" sandbox=\"allow-scripts\" security=\"restricted\" style=\"position: absolute; clip: rect(1px, 1px, 1px, 1px);\" title=\"&#8220;Astr\u012bdas Bab\u0101nes kundzes liec\u012bbas H- 86&#8221; &#8212; \" src=\"https:\/\/tautastribunals.eu\/?p=39910&#038;embed=true#?secret=S7k5wqE3ok#?secret=jAkIuEe6hD\" data-secret=\"jAkIuEe6hD\" width=\"500\" height=\"282\" frameborder=\"0\" marginwidth=\"0\" marginheight=\"0\" scrolling=\"no\"><\/iframe>\n<\/div><\/figure>\n\n\n\n<p class=\"has-text-align-center has-white-color has-text-color has-background\" style=\"background-color:#0b3f2c;font-size:19px\">Viss, ko es \u0161eit saku, ir \u012bsten\u012bba, kas nav apstr\u012bdama un ir pier\u0101d\u0101ma ! Secin\u0101jums ir tikai viens, Latvij\u0101 patreiz valda ne\u017e\u0113l\u012bgs krievu mafijas klans !<\/p>\n\n\n\n<p class=\"has-black-color has-text-color has-background\" style=\"background-color:#7bdbb529;font-size:19px\">S\u0101ku iev\u0113rot jaunu manipul\u0101ciju, ka nu latvie\u0161i, kuri iest\u0101jas par sav\u0101m nac. v\u0113rt\u012bb\u0101m, sav\u0101 valst\u012b, tiek piel\u012bdzin\u0101ti un saukti par ko l\u012bdz\u012bgu Putina imp\u0113ristiem. Ka patiesi god\u012bgi aicin\u0101jumi, beidzot nostiprin\u0101t m\u016bsu ar Satversmi nostiprin\u0101tos likumus, ka tie efekt\u012bvi darbotos ar\u012b realit\u0101te, sagroz\u012bt\u0101, mel\u012bg\u0101 form\u0101 tiek saukti par totalit\u0101rismu vai pat nacismu. K\u0101 teikt, jauns m\u0113\u0123in\u0101jums m\u016bsu tautas neatkar\u012bbas centienus, kas ir ties\u012bbas uz savu valodu sav\u0101 valst\u012b un br\u012bv\u012bbu, pasp\u0113t atkal nocirst sakn\u0113.<\/p>\n\n\n\n<p class=\"has-black-color has-text-color has-background\" style=\"background-color:#7bdbb529;font-size:19px\">P\u0113c vi\u0146u pr\u0101ta Latvija latvie\u0161u tautai t\u0101 \u012bsti vairs nepieder, bet m\u0113s tagad, p\u0113c integr\u0101cijas politikas neizdo\u0161an\u0101s, mekl\u0113sim iemeslu jaunai iesp\u0113jai, kur nopludin\u0101t valsts kases miljonus savas r\u016bpalas turpin\u0101\u0161anai un tapsim veidoti k\u0101 kaut k\u0101da jauna vienota politiska n\u0101cija.<\/p>\n\n\n\n<p class=\"has-black-color has-text-color has-background\" style=\"background-color:#7bdbb529;font-size:19px\">Nu te viss top skaidrs, ka m\u016bsu jau \u0123ime\u0146u klanu izveidotajam ier\u0113d\u0146u un da\u017e\u0101du fondu person\u0101lam ir j\u0101nodro\u0161ina ar\u012b turpm\u0101k tur\u012bga, garant\u0113ti dro\u0161a baro\u0161an\u0101s n\u0101kotn\u0113, kas atkal tiks dar\u012bts uz m\u016bsu tautas labkl\u0101j\u012bbas r\u0113\u0137ina. Nek\u0101da politisk\u0101 atbild\u012bba, vai vainas atz\u012b\u0161ana par neizdo\u0161anos un milz\u012bgo naudas resursu iz\u0161\u0137\u0113rd\u0113\u0161\u0101nu netiks atz\u012bta. Viss tiks m\u0113\u0123in\u0101ts veikli, klusi paslauc\u012bt zem tepi\u0137a, k\u0101 maza, nenoz\u012bm\u012bga k\u013c\u016bda. Upps&#8230; nesan\u0101ca, bet nekas. Tagad jums b\u016bs jauna, politisk\u0101s n\u0101cijas sist\u0113ma, kas j\u0101rada, kam vajag l\u012bdzek\u013cus- pie\u0146emiet. Un &#8220;nacisti&#8221;, lai aizver mutes!<\/p>\n\n\n\n<p class=\"has-black-color has-text-color has-background\" style=\"background-color:#7bdbb529;font-size:19px\">Skumji, ka \u0161\u0101du neprofesion\u0101lu un tautu necien\u012bgi aizskaro\u0161u ideju, kas atkal m\u016bsu valsts ku\u0123a st\u016bri grie\u017e austrumu virzien\u0101, m\u0113\u0123ina realiz\u0113t it k\u0101 poz\u012bcij\u0101 eso\u0161ais liber\u0101lais un ar\u012b centriskais sp\u0101rns.<\/p>\n\n\n\n<p class=\"has-black-color has-text-color has-background\" style=\"background-color:#7bdbb529;font-size:19px\">Kuri \u0161o pamana, tos nosaucam pat putinam l\u012bdz\u012bgiem imp\u0113ristiem, un rull\u0113jam mier\u0101 tik t\u0101l\u0101k. Par valsti un sab. labkl\u0101j\u012bbu t\u0101diem nosp\u013cauties. Piedodiet, bet saku skarbi.<\/p>\n\n\n\n<p class=\"has-black-color has-text-color has-background\" style=\"background-color:#7bdbb529;font-size:19px\">Svar\u012bgi bija \u0161o gaism\u0101 nest, ka m\u0113s atkal netiekam caur meliem ievilkti jaun\u0101 slazd\u0101. Saglab\u0101sim modr\u012bbu. M\u016bsu valstij, sabiedr\u012bbai laba, labkl\u0101j\u012bga n\u0101kotne priek\u0161\u0101.<\/p>\n\n\n\n<p class=\"has-black-color has-text-color has-background\" style=\"background-color:#7bdbb529;font-size:19px\">Uz stingriem pamatiem ce\u013cas stipra valsts ar sevi cieno\u0161u, izgl\u012btotu sabiedr\u012bba, kur\u0101 katra tauta, katrs at\u0161\u0137ir\u012bgais tiek cien\u012bts, neapdraudot t\u0101s pamattautu, kas Latvij\u0101 ir latvie\u0161i, kurai ir dz\u012bvas<img decoding=\"async\" loading=\"lazy\" alt=\"\u261d\ufe0f\" src=\"https:\/\/static.xx.fbcdn.net\/images\/emoji.php\/v9\/tc7\/1.5\/16\/261d.png\" width=\"16\" height=\"16\"> starp citu, l\u012bbie\u0161u saknes! Viss no Satversmes, ja kas. M\u016bs nevajag vienot kaut k\u0101d\u0101 politisk\u0101 n\u0101cij\u0101. Ja cien\u012bsim pamatu, p\u0101r\u0113jam n\u0101ks padoms un viss sak\u0101rtosies bez spaidiem, meliem un manipul\u0101cij\u0101m.<\/p>\n\n\n\n<p class=\"has-black-color has-text-color has-background\" style=\"background-color:#7bdbb529;font-size:19px\">Dievs, sv\u0113t\u012b Latviju!<\/p>\n\n\n\n<p class=\"has-black-color has-text-color has-background\" style=\"background-color:#7bdbb529;font-size:19px\">Saules m\u016b\u017eu Latvijai!<\/p>\n\n\n\n<p>14.03.23<\/p>\n\n\n\n<p><\/p>\n\n\n\n<p><\/p>\n\n\n\n<p><\/p>\n\n\n\n<p><\/p>\n","protected":false},"excerpt":{"rendered":"<p>Tie\u0161i v\u0113l\u0113jos par \u0161o par\u0101d\u012bbu rakst\u012bt, ka \u0161\u012bs Saeimas izveidotais vald\u012bbas sast\u0101vs ir klaji naid\u012bgs Latvijas nacion\u0101lai valstij, bet to jau mag\u0101 veid\u0101 bija izdar\u012bjusi B. Smildzi\u0146a. Naid\u012bgums pret latvie\u0161iem izpau\u017eas visur un vis\u0101d\u0101s&#46;&#46;&#46;<\/p>\n","protected":false},"author":1,"featured_media":62948,"comment_status":"open","ping_status":"open","sticky":false,"template":"","format":"standard","meta":[],"categories":[1],"tags":[],"_links":{"self":[{"href":"https:\/\/tautastribunals.eu\/index.php?rest_route=\/wp\/v2\/posts\/63874"}],"collection":[{"href":"https:\/\/tautastribunals.eu\/index.php?rest_route=\/wp\/v2\/posts"}],"about":[{"href":"https:\/\/tautastribunals.eu\/index.php?rest_route=\/wp\/v2\/types\/post"}],"author":[{"embeddable":true,"href":"https:\/\/tautastribunals.eu\/index.php?rest_route=\/wp\/v2\/users\/1"}],"replies":[{"embeddable":true,"href":"https:\/\/tautastribunals.eu\/index.php?rest_route=%2Fwp%2Fv2%2Fcomments&post=63874"}],"version-history":[{"count":6,"href":"https:\/\/tautastribunals.eu\/index.php?rest_route=\/wp\/v2\/posts\/63874\/revisions"}],"predecessor-version":[{"id":63889,"href":"https:\/\/tautastribunals.eu\/index.php?rest_route=\/wp\/v2\/posts\/63874\/revisions\/63889"}],"wp:featuredmedia":[{"embeddable":true,"href":"https:\/\/tautastribunals.eu\/index.php?rest_route=\/wp\/v2\/media\/62948"}],"wp:attachment":[{"href":"https:\/\/tautastribunals.eu\/index.php?rest_route=%2Fwp%2Fv2%2Fmedia&parent=63874"}],"wp:term":[{"taxonomy":"category","embeddable":true,"href":"https:\/\/tautastribunals.eu\/index.php?rest_route=%2Fwp%2Fv2%2Fcategories&post=63874"},{"taxonomy":"post_tag","embeddable":true,"href":"https:\/\/tautastribunals.eu\/index.php?rest_route=%2Fwp%2Fv2%2Ftags&post=63874"}],"curies":[{"name":"wp","href":"https:\/\/api.w.org\/{rel}","templated":true}]}}