{"id":63847,"date":"2023-03-11T15:28:01","date_gmt":"2023-03-11T13:28:01","guid":{"rendered":"https:\/\/tautastribunals.eu\/?p=63847"},"modified":"2023-03-11T15:35:58","modified_gmt":"2023-03-11T13:35:58","slug":"kas-noticis-ar-skolam-un-skoleniem","status":"publish","type":"post","link":"https:\/\/tautastribunals.eu\/?p=63847","title":{"rendered":"Kas noticis ar skol\u0101m un skol\u0113niem ?"},"content":{"rendered":"\n<figure class=\"wp-block-image size-large is-resized\"><img decoding=\"async\" loading=\"lazy\" src=\"https:\/\/tautastribunals.eu\/wp-content\/uploads\/2023\/01\/H-86.Grantins.LRTT_-800x115.png\" alt=\"\" class=\"wp-image-63496\" width=\"1450\" height=\"208\" srcset=\"https:\/\/tautastribunals.eu\/wp-content\/uploads\/2023\/01\/H-86.Grantins.LRTT_-800x115.png 800w, https:\/\/tautastribunals.eu\/wp-content\/uploads\/2023\/01\/H-86.Grantins.LRTT_-300x43.png 300w, https:\/\/tautastribunals.eu\/wp-content\/uploads\/2023\/01\/H-86.Grantins.LRTT_-768x110.png 768w, https:\/\/tautastribunals.eu\/wp-content\/uploads\/2023\/01\/H-86.Grantins.LRTT_.png 1086w\" sizes=\"(max-width: 1450px) 100vw, 1450px\" \/><\/figure>\n\n\n\n<p><\/p>\n\n\n\n<p class=\"has-text-align-center has-white-color has-vivid-red-background-color has-text-color has-background\" style=\"font-size:21px\">Nu k\u0101da \u0161\u012b &#8220;\u010dak\u0161a&#8221; var b\u016bt izgl\u012bt\u012bbas un zin\u0101tnes ministre ? T\u0101 ta\u010du ir vis\u012bst\u0101k\u0101 anekdote ! Jaut\u0101jums, kas ir tie, kuri \u0161o aitasgalvu ieliek t\u0101d\u0101 amat\u0101 ? Tie, kuri \u0161odien izlaupa Latviju un padzen latvie\u0161us no Latvijas. Padom\u0101 tikai, vi\u0146a esot zin\u0101tnes ministre ! T\u0101 ir \u0101rpr\u0101ta smirdo\u0146a, kas n\u0101k no J\u0113kaba ielas ! <\/p>\n\n\n\n<p class=\"has-text-align-center has-white-color has-black-background-color has-text-color has-background\" style=\"font-size:21px\">Tr\u012bsdesmit gadus Latvija nevar tikt va\u013c\u0101 no okupantu skol\u0101m, vai ar\u012b nev\u0113las to ?<\/p>\n\n\n\n<p class=\"has-text-align-center\" style=\"font-size:25px\"><a href=\"https:\/\/neatkariga.nra.lv\/izglitiba\/407705-anda-caksa-pilniga-pareja-uz-macibam-latviesu-valoda-si-gada-1-septembri-nenotiks\">Anda \u010cak\u0161a: Piln\u012bga p\u0101reja uz m\u0101c\u012bb\u0101m latvie\u0161u valod\u0101 \u0161\u012b gada 1. septembr\u012b nenotiks<\/a><\/p>\n\n\n\n<p class=\"has-black-color has-text-color has-background\" style=\"background-color:#7bdbb53b;font-size:19px\">Viss, kas notiek ar skol\u0101m un demogr\u0101fiju netiek skat\u012bts p\u0113c b\u016bt\u012bbas. Nekad atkl\u0101ti sabiedriskaj\u0101 pres\u0113 netiek analiz\u0113ti c\u0113lo\u0146i un sekas \u0161im procesam !!! K\u0101p\u0113c ? T\u0101p\u0113c, ka tad non\u0101ksim pie secin\u0101juma, ka visas p\u0113c<strong>Atmodas &#8220;saeimas&#8221; <\/strong>ir veiku\u0161as \u0101rpr\u0101ta genoc\u012bdu pret pamattautu- latvie\u0161iem. Visus \u0161os garos p\u0113c<strong>Atmodas<\/strong> gadus pie varas ir biju\u0161i vieni un tie pa\u0161i- t\u0101 teikt-<strong> rot\u0113ju\u0161ies<\/strong>. Te vi\u0146us padzen, te atkal no jauna iev\u0113l ! Nekur no <strong>Atmodas <\/strong>laikiem nav izgaisu\u0161i t\u0101di <strong>&#8220;person-\u0101\u017ei&#8221; k\u0101 \u0161leseri, lembergi, b\u0113rzi\u0146i, kri\u0161top\u0101ni, \u0161\u0137\u0113les, godma\u0146i, elertes, \u012bvani.<\/strong>..un neskait\u0101ms daudzums citu m\u0113slu no \u0161\u012bs sarkan\u0101s cionistu kontrol\u0113t\u0101s varzas ! <\/p>\n\n\n\n<figure class=\"wp-block-image is-resized\"><img decoding=\"async\" loading=\"lazy\" src=\"https:\/\/tautastribunals.eu\/wp-content\/uploads\/2020\/06\/Peters-godmanis-din\u0113vi\u010ds-\u0161kapars-\u0113lerte-ra\u017euks-kalniete-1-Kopie.jpg\" alt=\"\" class=\"wp-image-56454\" width=\"1450\" height=\"676\" srcset=\"https:\/\/tautastribunals.eu\/wp-content\/uploads\/2020\/06\/Peters-godmanis-din\u0113vi\u010ds-\u0161kapars-\u0113lerte-ra\u017euks-kalniete-1-Kopie.jpg 689w, https:\/\/tautastribunals.eu\/wp-content\/uploads\/2020\/06\/Peters-godmanis-din\u0113vi\u010ds-\u0161kapars-\u0113lerte-ra\u017euks-kalniete-1-Kopie-300x140.jpg 300w\" sizes=\"(max-width: 1450px) 100vw, 1450px\" \/><figcaption class=\"wp-element-caption\"><strong>\u0160\u012b sarkan\u0101 noziedznieku banda ar\u012b \u0161odien lemj latvie\u0161u likteni !<\/strong><\/figcaption><\/figure>\n\n\n\n<p><\/p>\n\n\n\n<p class=\"has-black-color has-text-color has-background\" style=\"background-color:#7bdbb53b;font-size:19px\">Kas ir cionisms un cionisti ? <\/p>\n\n\n\n<p class=\"has-black-color has-text-color has-background\" style=\"background-color:#7bdbb53b;font-size:19px\">Tie ir haz\u0101r\u017e\u012bdu ekstr\u0113misti-<strong> \u017e\u012bd- nacisti <\/strong>! Tie\u0161i vi\u0146i ir visagres\u012bv\u0101kie antisem\u012bti, <strong>vis\u012bst\u0101kie sem\u012btu slepkavas<\/strong> !!! Vai tad visa <strong>Latvijas <\/strong>prese netiek kontrol\u0113t\u0101 no vi\u0146iem ? Nevajag baid\u012bties no atkl\u0101tas valodas,- vi\u0146i neviens nav pieder\u012bgi latvie\u0161iem un <strong>DEMOKR\u0100TISKAI LATVIJAI <\/strong>! Vieni ir \u0123en\u0113tiskie haz\u0101ri- kriev\u017e\u012bdi, bet otri ir<strong> komunisti,<\/strong> kuri ir haz\u0101r\u017e\u012bdu<em>(kriev\u017e\u012bdu)<\/em> ideolo\u0123ijas- <strong>reakcion\u0101r\u0101 j\u016bdaisma atbalst\u012bt\u0101ji<\/strong>. Vi\u0146i- komunisti, visi ir pieskait\u0101mi slepkav\u0101m. <\/p>\n\n\n\n<p class=\"has-black-color has-text-color has-background\" style=\"background-color:#7bdbb53b;font-size:19px\">\u0100rzem\u0113s, lai izb\u0113gtu no asumiem, \u0161\u012b sarkan\u0101 izdzimte\u0146u banda tiek d\u0113v\u0113ta par<strong> kleptokr\u0101tiem<\/strong>. \u0160o v\u0101rdu var sadal\u012bt tr\u012bs komponent\u0113s: <strong>zag\u013ci, slepkavas un me\u013ci <\/strong>! <\/p>\n\n\n\n<p class=\"has-black-color has-text-color has-background\" style=\"background-color:#7bdbb53b;font-size:19px\">Viss latviskais tiek ne\u017e\u0113l\u012bgi izn\u012bcin\u0101ts ! V\u0113l \u0161odien Latvij\u0101 tr\u016bkst b\u0113rnu d\u0101rzi latvie\u0161iem ! <\/p>\n\n\n\n<p class=\"has-text-align-center has-white-color has-vivid-red-background-color has-text-color has-background\" style=\"font-size:22px\">Ja tas nav genoc\u012bds no \u0161o valdo\u0161o puses,<strong> tad, kas ir genoc\u012bds<\/strong> ?<\/p>\n\n\n\n<p class=\"has-text-align-center has-white-color has-vivid-red-background-color has-text-color has-background\" style=\"font-size:22px\">Jaut\u0101jums paliek atkl\u0101ts: kur\u0161 kurina naidu p\u0113d\u0113jos 30 gadus, L. Granti\u0146\u0161 vai \u0161\u012b sarkan\u0101 noziedznieku banda ?<\/p>\n\n\n\n<p class=\"has-white-color has-text-color has-background\" style=\"background-color:#093726;font-size:25px\">M\u0101rti\u0146\u0161 Luters par \u017e\u012bdiem: <\/p>\n\n\n\n<p class=\"has-black-color has-text-color has-background\" style=\"background-color:#7bdbb50f;font-size:19px\">Tan\u012b autors izsaka savus uzskatus par \u017e\u012bdiem. Vi\u0146a spriedums tan\u012b zi\u0146\u0101 p\u0101rsteidz, ka jau 16. gs. vi\u0146\u0161 pareizi <strong>nov\u0113rt\u0113jis \u017e\u012bdu kait\u012bgumu<\/strong>.<strong> M\u0101rti\u0146\u0161 Luters \u0161in\u012b <\/strong>zi\u0146\u0101 uzskat\u0101ms k\u0101<strong> pravietis.<\/strong> Lasot vi\u0146a pras\u012bbas un padomus \u017e\u012bdu jaut\u0101jum\u0101 \u0161\u0137iet, ka tie rakst\u012bti m\u016bsu laikiem. Jau toreiz \u017e\u012bdi ar savu iztur\u0113\u0161anos biju\u0161i tik necie\u0161ami, ka tos piln\u0101 m\u0113r\u0101 var\u0113ja nicin\u0101t. <strong>M\u0101rti\u0146\u0161 Luters<\/strong>, kas veica lielo reform\u0101cijas darbu, <strong>uzs\u0101ka ar\u012b c\u012b\u0146u ar \u017e\u012bdiem.<\/strong><br>\u0145emot v\u0113r\u0101 to, ka \u017e\u012bdi uzskata sevi par kaut k\u0101du <strong>izredz\u0113tu tautu<\/strong> un <strong>apdraud visas p\u0101r\u0113j\u0101s tautas virs zemes<\/strong>, <strong>M\u0101rti\u0146am Luteram<\/strong> lik\u0101s nepiecie\u0161ami <strong>br\u012bdin\u0101t v\u0101cie\u0161us st\u0101ties sakar\u0101 ar \u017e\u012bdiem<\/strong>. L\u016bk, galven\u0101s vi\u0146a apcer\u0113juma domas:<\/p>\n\n\n\n<p class=\"has-black-color has-text-color has-background\" style=\"background-color:#7bdbb50f;font-size:19px\">\u201c\u017d\u012bdi <strong>liel\u0101s<\/strong>, ka <strong>vi\u0146i esot krietn\u0101kie cilv\u0113ki pasaul\u0113<\/strong>. M\u0113s, goji, t.i. pag\u0101ni, turpretim vi\u0146u <strong>ac\u012bs neesam cilv\u0113ki<\/strong>, bet labi v\u0113l, ka tie m\u016bs atz\u012bst par <strong>niec\u012bgiem t\u0101rpiem<\/strong>. Sav\u0101s sinagog\u0101s vi\u0146i pateicas <strong>Dievam<\/strong>, ka nav goji, bet <strong>Izrae\u013ca \u013caudis<\/strong>. Visi citi nav cilv\u0113ki, bet p\u012bles un peles attiec\u012bb\u0101 pret vi\u0146iem. T\u0101 vi\u0146i liel\u0101s, bet <strong>paties\u012bb\u0101 ir liel\u012bgi un iedom\u012bgi bl\u0113\u017ei<\/strong>, ka pat l\u012bdz \u0161ai dienai nesp\u0113j nek\u0101 cita, ka vien sevi slav\u0113t un visus citus niev\u0101t. Vi\u0146i ir <strong>\u012bstie me\u013ci<\/strong> un <strong>asins su\u0146i<\/strong>, kas ar saviem meliem bez <strong>apst\u0101jas sagroz\u012bju\u0161i un viltoju\u0161i rakstus<\/strong>. Vi\u0146u ilgas un cer\u012bbas tiecas p\u0113c t\u0101, lai var\u0113tu reiz ar mums, pag\u0101niem, t\u0101pat r\u012bkoties k\u0101 <strong>Persij\u0101 Esteres <\/strong>laik\u0101. Ak, cik vi\u0146iem m\u012b\u013ca <strong>Esteres gr\u0101mata<\/strong>, kas vi\u0146us noska\u0146o asinsk\u0101r\u012bg\u0101, <strong>atrieb\u012bg\u0101 un slepkav\u012bg\u0101 alkum\u0101<\/strong><em>(alkat\u012bgum\u0101)<\/em> un cer\u012bb\u0101!<br>Vi\u0146i iedom\u0101jas sevi par <strong>Dieva tautu<\/strong> t\u0101d\u0113\u013c, ka vi\u0146u uzdevums esot<strong> nokaut un \u017e\u0146augt pag\u0101nus<\/strong>. C\u0113l\u0101kais darbs b\u016b\u0161ot tas, ka vi\u0146u gaid\u012btais <strong>mesija <\/strong>ar <strong>savu zobenu nokau\u0161ot un nogalin\u0101\u0161ot visu pasauli<\/strong>.<br>Vi\u0146i atsaucas uz savu<strong> bausl\u012bbu<\/strong> un <strong>likum\u012bbas taisn\u012bbu<\/strong>, bet cik reiz vi\u0146i p\u0113c saviem pa\u0161u rakstiem nav atk\u0101pu\u0161ies no bausl\u012bbas, tic\u012bbas un taisn\u012bbas un nav dz\u012bvoju\u0161i t\u0101, k\u0101 dz\u012bvo velni, <strong>kam vi\u0146i ir l\u012bdz\u012bgi<\/strong>? Tie ir ar visu \u013caunumu pies\u0101tin\u0101ti: <em>ar skopumu, skaud\u012bbu un naidu sav\u0101 starp\u0101, ar liel\u012bbu, lepnumu, aug\u013co\u0161anu un l\u0101d\u0113\u0161anu pret mums, pag\u0101niem<\/em>. T\u0101 k\u0101 vi\u0146i liel\u0101s, var liel\u012bties<em> slepkavas, zag\u013ci, kr\u0101pnieki, k\u0101 ar\u012b visi p\u0101r\u0113jie \u013caunie \u013caudis<\/em>, proti, ar to, ka vi\u0146i ir <strong>sv\u0113t\u0101 Dieva tauta<\/strong> un vi\u0146iem ir bau\u0161\u013ci, ko vi\u0146i netur.<br>Sargies, <strong>kristieti<\/strong>, no <strong>\u017e\u012bdiem <\/strong>un zini, ka sinagogas nav nekas cits,<strong> k\u0101 velna per\u0113klis<\/strong>, kur\u0101 perin\u0101s <em>pa\u0161uzslava, uzp\u016bt\u012bba, meli, zaimi, kur Dievu un cilv\u0113kus pe\u013c tik ind\u012bgi un r\u016bgti, k\u0101 to dara pa\u0161i velni.<\/em><br>Vi\u0146i gaida mesiju, ko vi\u0146i sauc par <strong>\u201eHembdath\u201d,<\/strong> t.i. visu pag\u0101nu mantu. Gaid\u0101mais mesija noz\u012bm\u0113 t\u0101tad pag\u0101nu zeltu, sudrabu un d\u0101rgakme\u0146us, kas \u017e\u012bdiem j\u0101sagr\u0101bj un ar ko <strong>vi\u0146iem j\u0101valda p\u0101r ne\u017e\u012bdiem<\/strong>. Zem saules nav bijis <strong>skop\u0101kas un naudask\u0101r\u012bg\u0101kas tautas par \u017e\u012bdiem<\/strong>.<\/p>\n\n\n\n<p><a href=\"https:\/\/tautastribunals.eu\/?p=16800\">https:\/\/tautastribunals.eu\/?p=16800<\/a><\/p>\n\n\n\n<p>11.03.23<\/p>\n\n\n\n<p><\/p>\n\n\n\n<p><\/p>\n\n\n\n<p><\/p>\n\n\n\n<p><\/p>\n\n\n\n<p><\/p>\n\n\n\n<p><\/p>\n","protected":false},"excerpt":{"rendered":"<p>Nu k\u0101da \u0161\u012b &#8220;\u010dak\u0161a&#8221; var b\u016bt izgl\u012bt\u012bbas un zin\u0101tnes ministre ? T\u0101 ta\u010du ir vis\u012bst\u0101k\u0101 anekdote ! Jaut\u0101jums, kas ir tie, kuri \u0161o aitasgalvu ieliek t\u0101d\u0101 amat\u0101 ? Tie, kuri \u0161odien izlaupa Latviju un&#46;&#46;&#46;<\/p>\n","protected":false},"author":1,"featured_media":63324,"comment_status":"open","ping_status":"open","sticky":false,"template":"","format":"standard","meta":[],"categories":[1],"tags":[],"_links":{"self":[{"href":"https:\/\/tautastribunals.eu\/index.php?rest_route=\/wp\/v2\/posts\/63847"}],"collection":[{"href":"https:\/\/tautastribunals.eu\/index.php?rest_route=\/wp\/v2\/posts"}],"about":[{"href":"https:\/\/tautastribunals.eu\/index.php?rest_route=\/wp\/v2\/types\/post"}],"author":[{"embeddable":true,"href":"https:\/\/tautastribunals.eu\/index.php?rest_route=\/wp\/v2\/users\/1"}],"replies":[{"embeddable":true,"href":"https:\/\/tautastribunals.eu\/index.php?rest_route=%2Fwp%2Fv2%2Fcomments&post=63847"}],"version-history":[{"count":8,"href":"https:\/\/tautastribunals.eu\/index.php?rest_route=\/wp\/v2\/posts\/63847\/revisions"}],"predecessor-version":[{"id":63859,"href":"https:\/\/tautastribunals.eu\/index.php?rest_route=\/wp\/v2\/posts\/63847\/revisions\/63859"}],"wp:featuredmedia":[{"embeddable":true,"href":"https:\/\/tautastribunals.eu\/index.php?rest_route=\/wp\/v2\/media\/63324"}],"wp:attachment":[{"href":"https:\/\/tautastribunals.eu\/index.php?rest_route=%2Fwp%2Fv2%2Fmedia&parent=63847"}],"wp:term":[{"taxonomy":"category","embeddable":true,"href":"https:\/\/tautastribunals.eu\/index.php?rest_route=%2Fwp%2Fv2%2Fcategories&post=63847"},{"taxonomy":"post_tag","embeddable":true,"href":"https:\/\/tautastribunals.eu\/index.php?rest_route=%2Fwp%2Fv2%2Ftags&post=63847"}],"curies":[{"name":"wp","href":"https:\/\/api.w.org\/{rel}","templated":true}]}}