{"id":63789,"date":"2023-03-02T18:35:45","date_gmt":"2023-03-02T16:35:45","guid":{"rendered":"https:\/\/tautastribunals.eu\/?p=63789"},"modified":"2023-03-04T12:03:22","modified_gmt":"2023-03-04T10:03:22","slug":"l-grantins-ka-muzigais-noziedznieks-tiesasot-bez-vina-klatbutnes","status":"publish","type":"post","link":"https:\/\/tautastribunals.eu\/?p=63789","title":{"rendered":"L. Granti\u0146\u0161 k\u0101 m\u016b\u017e\u012bgais noziedznieks (ties\u0101\u0161ot bez vi\u0146a kl\u0101tb\u016btnes)"},"content":{"rendered":"\n<figure class=\"wp-block-image size-large is-resized\"><img decoding=\"async\" loading=\"lazy\" src=\"https:\/\/tautastribunals.eu\/wp-content\/uploads\/2023\/01\/H-86.Grantins.LRTT_-1-800x115.png\" alt=\"\" class=\"wp-image-63520\" width=\"1450\" height=\"208\" srcset=\"https:\/\/tautastribunals.eu\/wp-content\/uploads\/2023\/01\/H-86.Grantins.LRTT_-1-800x115.png 800w, https:\/\/tautastribunals.eu\/wp-content\/uploads\/2023\/01\/H-86.Grantins.LRTT_-1-300x43.png 300w, https:\/\/tautastribunals.eu\/wp-content\/uploads\/2023\/01\/H-86.Grantins.LRTT_-1-768x110.png 768w, https:\/\/tautastribunals.eu\/wp-content\/uploads\/2023\/01\/H-86.Grantins.LRTT_-1.png 1086w\" sizes=\"(max-width: 1450px) 100vw, 1450px\" \/><\/figure>\n\n\n\n<p><\/p>\n\n\n\n<p class=\"has-white-color has-text-color has-background\" style=\"background-color:#114834;font-size:19px\">Labdien,<\/p>\n\n\n\n<p class=\"has-white-color has-text-color has-background\" style=\"background-color:#114834;font-size:19px\">Inform\u0113ju, ka \u0161odien tiesa nol\u0113ma atjaunot krimin\u0101lprocesa izties\u0101\u0161anu un noz\u012bm\u0113ja tiesas s\u0113di uz 13.03.2023 pl.10:00.<\/p>\n\n\n\n<p class=\"has-white-color has-text-color has-background\" style=\"background-color:#114834;font-size:19px\">B\u016btiski atz\u012bm\u0113t, ka tiesa nol\u0113ma izties\u0101t krimin\u0101llietu bez J\u016bsu l\u012bdzdal\u012bbas taj\u0101, pamatojoties uz Latvijas Republikas Krimin\u0101lprocesa likuma 465.panta pirm\u0101s da\u013cas otro punktu, kas skan \u0161\u0101di:<\/p>\n\n\n\n<p class=\"has-white-color has-text-color has-background\" style=\"background-color:#114834;font-size:19px\">465.pants. Krimin\u0101llietas izties\u0101\u0161ana aps\u016bdz\u0113t\u0101 promb\u016btn\u0113 (in absentia)<br>(1) Krimin\u0101llietu tiesa var izties\u0101t aps\u016bdz\u0113t\u0101 promb\u016btn\u0113 (in absentia) vien\u0101 no \u0161\u0101diem gad\u012bjumiem:<br>2) aps\u016bdz\u0113tais atrodas \u0101rvalst\u012b un vi\u0146a iera\u0161anos ties\u0101 nav iesp\u0113jams nodro\u0161in\u0101t.<\/p>\n\n\n\n<p class=\"has-white-color has-text-color has-background\" style=\"background-color:#114834;font-size:19px\">Tiesa izskaidroja, ka \u0161\u0101ds l\u0113mums ir pie\u0146emts, jo ir izsmeltas visas tiesas iesp\u0113jas nodro\u0161in\u0101t J\u016bsu piedal\u012b\u0161anos tiesas proces\u0101, ta\u010du bez rezult\u0101ta. No savas puses l\u016bdzu turpin\u0101t krimin\u0101lprocesa aptur\u0113\u0161anu, ta\u010du \u0161is l\u016bgums tika noraid\u012bts.<\/p>\n\n\n\n<p class=\"has-white-color has-text-color has-background\" style=\"background-color:#114834;font-size:19px\">L\u012bdz ar ko n\u0101kamaj\u0101 tiesas s\u0113d\u0113 pl\u0101nots, ka prokurors nolas\u012bs un uztur\u0113s aps\u016bdz\u012bbu, notiks pier\u0101d\u012bjumu p\u0101rbaude un tiks lemts vai var pabeigt tiesas izmekl\u0113\u0161anu, lai p\u0101rietu pie tiesas debat\u0113m.<\/p>\n\n\n\n<p class=\"has-white-color has-text-color has-background\" style=\"background-color:#114834;font-size:19px\">No savas puses pl\u0101noju iepaz\u012bties ties\u0101 v\u0113lreiz ar visas lietas 3 s\u0113jumu materi\u0101liem, lai gatavotos n\u0101kamai tiesas s\u0113dei.<\/p>\n\n\n\n<p class=\"has-white-color has-text-color has-background\" style=\"background-color:#114834;font-size:19px\">Ar cie\u0146u,<\/p>\n\n\n\n<p class=\"has-white-color has-text-color has-background\" style=\"background-color:#114834;font-size:19px\">J\u0101nis Vilders<\/p>\n\n\n\n<p class=\"has-black-color has-text-color has-background\" style=\"background-color:#7bdbb514;font-size:19px\">L. Granti\u0146\u0161<\/p>\n\n\n\n<p class=\"has-black-color has-text-color has-background\" style=\"background-color:#7bdbb514;font-size:19px\">Ir vienk\u0101r\u0161i apbr\u012bnas v\u0113rta \u0161\u012bs sarkan\u0101s varzas neatlaid\u012bg\u0101<strong> &#8220;c\u012b\u0146a&#8221;<\/strong> pret to, kur\u0161 bija <strong>Padomju imp\u0113rijas<\/strong> akt\u012bv\u0101kais gr\u0101v\u0113js un akt\u012bv\u0101s <strong>Atmodas aizs\u0101c\u0113js Latvij\u0101<\/strong>. Lai noties\u0101tu<strong> L. Granti\u0146u,<\/strong> tiek iesaist\u012bti neiedom\u0101jams skaits da\u017eneda\u017e\u0101du iest\u0101\u017eu <strong>&#8220;speci\u0101listi&#8221;<\/strong>, kuri j\u0101apmaks\u0101 no nodok\u013cu maks\u0101t\u0101ju, proti, no<strong> vienk\u0101r\u0161\u0101 Latvijas pilso\u0146u<\/strong>, kabat\u0101m. Cik ieg\u016btu medic\u012bna, ja visi \u0161ie l\u012bdzek\u013ci tiktu p\u0101rskait\u012bti tai ? <\/p>\n\n\n\n<p class=\"has-black-color has-text-color has-background\" style=\"background-color:#7bdbb514;font-size:19px\">Visi \u0161ie censo\u0146i ir pieskait\u0101mi t\u0101 saucamajiem<strong> \u0122EN\u0112TISKAJIEM ATKRITUMIEM<\/strong>. Ar cilv\u0113ku un cilv\u0113c\u012bbu vi\u0146iem nav nekas kop\u012bgs. Piem: nu kas kop\u012bgs ar cilv\u0113c\u012bbu var b\u016bt t\u0101dam <strong>E. Levitam<\/strong>, kur\u0161 vienperson\u012bgi, atrodoties <strong>Briseles &#8220;koridoros&#8221;<\/strong>, izrakst\u012bja pretlikum\u012bgo mana aresta pav\u0113li, kura p\u0113c \u0161\u012b zv\u0113r\u012bg\u0101 aresta nekad, nekur un nevienam netika uzr\u0101d\u012bta ? Netika uzr\u0101d\u012bta t\u0101p\u0113c, ka uz politiskajiem <strong>&#8220;noziedzniekiem&#8221;<\/strong> t\u0101ds <strong>PUNKTS<\/strong> neattiecas. T\u0101tad,<strong> E. Levits <\/strong>veica k\u0101rt\u0113jo noziegumu ! <\/p>\n\n\n\n<p class=\"has-black-color has-text-color has-background\" style=\"background-color:#7bdbb514;font-size:19px\">Kas attiecas uz tiesu, tad t\u0101 cent\u0101s mani pierun\u0101t uz nekl\u0101tienes s\u0113di ar <strong>VIDEOTILTA <\/strong>starpniec\u012bbu. Es tai piekritu tikai t\u0101d\u0101 gad\u012bjum\u0101, ka \u0161aj\u0101 ties\u0101 piedal\u012btos<strong> Latvijas telev\u012bzija ar tie\u0161raidi<\/strong>, ar\u012b aps\u016bdz\u012bbas c\u0113l\u0113ji un tie eksperti, kuri sav\u0101s ekspert\u012bz\u0113s mani nod\u0113v\u0113ja par noziedznieku- nacion\u0101l\u0101 naida kurin\u0101t\u0101ju un darboni past\u0101vo\u0161\u0101s varas varm\u0101c\u012bgai likvid\u0113\u0161anai. Tiesa, protams, manus noteikumus <strong>&#8220;aizmirsa&#8221;<\/strong> izskat\u012bt, jo tad latvie\u0161u tautas priek\u0161\u0101 paskaidrojumi b\u016btu j\u0101sniedz t\u0101diem izdzimumiem k\u0101<strong> Rihards Bunka <\/strong>un <strong>Aivars Borovkovs<\/strong>, k\u0101 ar\u012b ekspertiem <strong>\u0112rikam Tre\u013cam <\/strong>un<strong> Ilonai Kronbergai<\/strong> ! <\/p>\n\n\n\n<p class=\"has-text-align-center has-white-color has-vivid-red-background-color has-text-color has-background\" style=\"font-size:22px\">E. Tre\u013ca secin\u0101jums, sakar\u0101 ar karu Ukrain\u0101, ir piln\u012bgi sevi apstiprin\u0101jis. \u0160odien visi saprot, ka krievi ir ne tikai zv\u0113ri, bet piln\u012bgi izdzimumi. Un, kas attiecas uz ebrejiem ? Vai tad tele\u0161ova favor\u012bts Solovjovs un Kedmi no Izra\u0113las, nav ebreji ? Vai vi\u0146i neaicina fiziski izn\u012bcin\u0101t ukrai\u0146us ? Un, vai di\u017eais aps\u016bdz\u012bb\u0101s c\u0113l\u0113js Rihards Bunka neapsveica V. Putinu par Krimas aneksiju ?<\/p>\n\n\n\n<p class=\"has-text-align-center has-white-color has-vivid-red-background-color has-text-color has-background\" style=\"font-size:28px\"> Jaut\u0101jums tiesnesei Mo\u013c\u0146ikai, kad L. Granti\u0146\u0161 ir aicin\u0101jis izn\u012bcin\u0101t krievus un ebrejus ?<\/p>\n\n\n\n<figure class=\"wp-block-image size-full is-resized\"><img decoding=\"async\" loading=\"lazy\" src=\"https:\/\/tautastribunals.eu\/wp-content\/uploads\/2023\/02\/Eriks-TrelsI.-Saulite.-R.-PolaksLRTT.jpg\" alt=\"\" class=\"wp-image-63796\" width=\"1450\" height=\"490\"\/><\/figure>\n\n\n\n<p><\/p>\n\n\n\n<figure class=\"wp-block-image size-full is-resized\"><img decoding=\"async\" loading=\"lazy\" src=\"https:\/\/tautastribunals.eu\/wp-content\/uploads\/2023\/02\/8.-Eriks-Trels..png\" alt=\"\" class=\"wp-image-63798\" width=\"1450\" height=\"868\"\/><\/figure>\n\n\n\n<p><\/p>\n\n\n\n<p><\/p>\n\n\n\n<p class=\"has-black-color has-text-color has-background\" style=\"background-color:#7bdbb514;font-size:19px\">Paradoks vis\u0101 taj\u0101 ir tas, ka neviens no vi\u0146iem nav latvietis ! Visa \u0161\u012b varza kalpo starptautiskajam cionismam. Ja m\u0113s skat\u0101mies p\u0113c uzv\u0101rdiem, tad t\u0101ds pats jaut\u0101jums rodas ar\u012b par tiesas sast\u0101vu,- tiesnesi un prokurori ?  <\/p>\n\n\n\n<p class=\"has-black-color has-text-color has-background\" style=\"background-color:#7bdbb514;font-size:19px\">\u0160odien visi \u0161ie<strong> Latvijas bendes <\/strong>ir paliku\u0161i tram\u012bgi, jo k\u0101da cita banda- ar <strong>Lato Lapsu<\/strong> priek\u0161gal\u0101, ir pieteikusi bezkompromisa c\u012b\u0146u pret <strong>L. Levita <\/strong>vad\u012bto varzu<strong> <\/strong>! Tas, protams, ir apsveicami, ka noziedznieki izkaujas, jo n\u0101k gaism\u0101 neiedom\u0101jams skaits noziegumu, kuri l\u012bdz \u0161im ir glab\u0101ju\u0161ies \u0161o band\u012btu<strong> &#8220;\u0161\u016bpl\u0101d\u0113s&#8221;<\/strong> !  <\/p>\n\n\n\n<p class=\"has-black-color has-text-color has-background\" style=\"background-color:#7bdbb514;font-size:19px\">M\u0113s ar\u012b zin\u0101m, ka gan<strong> L. Lapsas,<\/strong> gan <strong>E. Levita<\/strong> bandai <strong>L. Granti\u0146\u0161<\/strong>&#8211;<strong> H- 86 &amp; LRTT<\/strong> un<strong> latvie\u0161u tauta <\/strong>ir ienaidnieki<strong> nr- 1 <\/strong>! Abi ir patalo\u0123iski me\u013ci, kas ir s\u0101tanisma pamatu pamats ! <\/p>\n\n\n\n<p class=\"has-black-color has-text-color has-background\" style=\"background-color:#7bdbb514;font-size:19px\">Kam interes\u0113, tad \u0161eit par \u0161iem de\u0123ener\u0101tiem vair\u0101k: <\/p>\n\n\n\n<figure class=\"wp-block-embed is-type-wp-embed is-provider-iegult wp-block-embed-iegult\"><div class=\"wp-block-embed__wrapper\">\n<blockquote class=\"wp-embedded-content\" data-secret=\"ftiasiZ1lZ\"><a href=\"https:\/\/tautastribunals.eu\/?p=40461\">Par idiota R. Bunkas bandas absurdu(A. Bab\u0101nes liec\u012bbu gaism\u0101)<\/a><\/blockquote><iframe class=\"wp-embedded-content\" sandbox=\"allow-scripts\" security=\"restricted\" style=\"position: absolute; clip: rect(1px, 1px, 1px, 1px);\" title=\"&#8220;Par idiota R. Bunkas bandas absurdu(A. Bab\u0101nes liec\u012bbu gaism\u0101)&#8221; &#8212; \" src=\"https:\/\/tautastribunals.eu\/?p=40461&#038;embed=true#?secret=wXAhJRvuPi#?secret=ftiasiZ1lZ\" data-secret=\"ftiasiZ1lZ\" width=\"500\" height=\"282\" frameborder=\"0\" marginwidth=\"0\" marginheight=\"0\" scrolling=\"no\"><\/iframe>\n<\/div><\/figure>\n\n\n\n<p>02.03.23<\/p>\n\n\n\n<p><\/p>\n","protected":false},"excerpt":{"rendered":"<p>Labdien, Inform\u0113ju, ka \u0161odien tiesa nol\u0113ma atjaunot krimin\u0101lprocesa izties\u0101\u0161anu un noz\u012bm\u0113ja tiesas s\u0113di uz 13.03.2023 pl.10:00. B\u016btiski atz\u012bm\u0113t, ka tiesa nol\u0113ma izties\u0101t krimin\u0101llietu bez J\u016bsu l\u012bdzdal\u012bbas taj\u0101, pamatojoties uz Latvijas Republikas Krimin\u0101lprocesa likuma 465.panta&#46;&#46;&#46;<\/p>\n","protected":false},"author":1,"featured_media":63512,"comment_status":"open","ping_status":"open","sticky":false,"template":"","format":"standard","meta":[],"categories":[1],"tags":[],"_links":{"self":[{"href":"https:\/\/tautastribunals.eu\/index.php?rest_route=\/wp\/v2\/posts\/63789"}],"collection":[{"href":"https:\/\/tautastribunals.eu\/index.php?rest_route=\/wp\/v2\/posts"}],"about":[{"href":"https:\/\/tautastribunals.eu\/index.php?rest_route=\/wp\/v2\/types\/post"}],"author":[{"embeddable":true,"href":"https:\/\/tautastribunals.eu\/index.php?rest_route=\/wp\/v2\/users\/1"}],"replies":[{"embeddable":true,"href":"https:\/\/tautastribunals.eu\/index.php?rest_route=%2Fwp%2Fv2%2Fcomments&post=63789"}],"version-history":[{"count":12,"href":"https:\/\/tautastribunals.eu\/index.php?rest_route=\/wp\/v2\/posts\/63789\/revisions"}],"predecessor-version":[{"id":63817,"href":"https:\/\/tautastribunals.eu\/index.php?rest_route=\/wp\/v2\/posts\/63789\/revisions\/63817"}],"wp:featuredmedia":[{"embeddable":true,"href":"https:\/\/tautastribunals.eu\/index.php?rest_route=\/wp\/v2\/media\/63512"}],"wp:attachment":[{"href":"https:\/\/tautastribunals.eu\/index.php?rest_route=%2Fwp%2Fv2%2Fmedia&parent=63789"}],"wp:term":[{"taxonomy":"category","embeddable":true,"href":"https:\/\/tautastribunals.eu\/index.php?rest_route=%2Fwp%2Fv2%2Fcategories&post=63789"},{"taxonomy":"post_tag","embeddable":true,"href":"https:\/\/tautastribunals.eu\/index.php?rest_route=%2Fwp%2Fv2%2Ftags&post=63789"}],"curies":[{"name":"wp","href":"https:\/\/api.w.org\/{rel}","templated":true}]}}