{"id":63743,"date":"2023-02-18T11:00:46","date_gmt":"2023-02-18T09:00:46","guid":{"rendered":"https:\/\/tautastribunals.eu\/?p=63743"},"modified":"2023-02-18T11:09:33","modified_gmt":"2023-02-18T09:09:33","slug":"r-bruners-atbilde-lasitajai-kamene","status":"publish","type":"post","link":"https:\/\/tautastribunals.eu\/?p=63743","title":{"rendered":"R. Bruners. Atbilde las\u012bt\u0101jai &#8220;kamene&#8221;"},"content":{"rendered":"\n<figure class=\"wp-block-image size-large is-resized\"><img decoding=\"async\" loading=\"lazy\" src=\"https:\/\/tautastribunals.eu\/wp-content\/uploads\/2020\/09\/1.-Rids-Bruners.L.Grantins.J.Ziverts.Latvija.LRTT_-768x144-2.png\" alt=\"\" class=\"wp-image-57801\" width=\"1450\" height=\"272\" srcset=\"https:\/\/tautastribunals.eu\/wp-content\/uploads\/2020\/09\/1.-Rids-Bruners.L.Grantins.J.Ziverts.Latvija.LRTT_-768x144-2.png 768w, https:\/\/tautastribunals.eu\/wp-content\/uploads\/2020\/09\/1.-Rids-Bruners.L.Grantins.J.Ziverts.Latvija.LRTT_-768x144-2-300x56.png 300w\" sizes=\"(max-width: 1450px) 100vw, 1450px\" \/><\/figure>\n\n\n\n<p class=\"has-black-color has-text-color has-background\" style=\"background-color:#e9f5f0;font-size:19px\">Piekr\u012btot J\u016bsu 14.febru\u0101ra koment\u0101riem, man tom\u0113r b\u016btu iebildumi pret J\u016bsu 12.febru\u0101r\u012b<span class=\"has-inline-color has-vivid-cyan-blue-color\"> <\/span>rakst\u012bto \u201cJa nedz\u012bvojat Latvij\u0101, jums varb\u016bt nav piln\u012bgas skaidr\u012bbas par te notieko\u0161o. T\u0101p\u0113c uzmanieties ar to, ko jums st\u0101sta k\u0101di \u201c<strong>labv\u0113\u013ci<\/strong>\u201d\u201d.<\/p>\n\n\n\n<p class=\"has-black-color has-text-color has-background\" style=\"background-color:#e9f5f0;font-size:19px\">Konkr\u0113ti man nav neviena \u201c<strong>labv\u0113\u013ca<\/strong>\u201d, un man neviens neko \u201c<strong>nest\u0101sta<\/strong>\u201d. \u201c<strong>Piln\u012bgas skaidr\u012bbas<\/strong>\u201d par notieko\u0161o Latvij\u0101 man, protams, nav un es ar\u012b nepretend\u0113ju uz to. God\u012bgi sakot, mani neinteres\u0113 \u0161\u013caksti un vi\u013c\u0146o\u0161an\u0101s, ko rada d\u012b\u0137\u012b iemests akmens. Man pietiek ar to, ka zinu \u0161o to par pa\u0161u akmeni un akme\u0146a met\u0113ju.<\/p>\n\n\n\n<p class=\"has-black-color has-text-color has-background\" style=\"background-color:#e9f5f0;font-size:19px\">Lai neb\u016btu abstrakti, par\u0101d\u012b\u0161u vienu piem\u0113ru no \u0161\u012b raksta, lai nav t\u0101lu j\u0101mekl\u0113. Es rakst\u012bju, ka b\u016btiskas izmai\u0146as Lapsas dz\u012bv\u0113 notika 2020.gad\u0101, lai gan pats Lapsa min\u0113ja 2021.gada nogali, kad dz\u012bve zaud\u0113ja j\u0113gu. Manu raksti\u0146u <strong>LRTT <\/strong>public\u0113ja 9.febru\u0101r\u012b, bet jau 12.febru\u0101r\u012b Lapsa ierun\u0101ja n\u0101kamo video, kur\u0101 preciz\u0113ja, ka probl\u0113mas s\u0101ku\u0161\u0101s tie\u0161i 2020.gad\u0101.<\/p>\n\n\n\n<figure class=\"wp-block-embed is-type-video is-provider-youtube wp-block-embed-youtube wp-embed-aspect-16-9 wp-has-aspect-ratio\"><div class=\"wp-block-embed__wrapper\">\n<div class=\"video-container\"><iframe loading=\"lazy\" title=\"Ja reiz \u201cpils\u0113t\u0101 run\u0101\u201d, man laikam ir j\u0101izskaidro da\u017eas varb\u016bt k\u0101dam svar\u012bgas lietas\" width=\"500\" height=\"281\" src=\"https:\/\/www.youtube.com\/embed\/0byU7nf3RMI?feature=oembed&#038;wmode=opaque\" frameborder=\"0\" allow=\"accelerometer; autoplay; clipboard-write; encrypted-media; gyroscope; picture-in-picture; web-share\" allowfullscreen><\/iframe><\/div>\n<\/div><\/figure>\n\n\n\n<p class=\"has-black-color has-text-color has-background\" style=\"background-color:#f1faf6;font-size:19px\">Situ\u0101cijai att\u012bstoties, s\u0101k noskaidroties, ka Lapsa tika \u201c<strong>pas\u016bt\u012bts<\/strong>\u201d tie\u0161i 2020.gada s\u0101kum\u0101 <a href=\"https:\/\/pietiek.com\/raksti\/laikraksts__diena__kas_un_ka_pasutija_lato_lapsu_un_jurgi_liepnieku\/\"><span class=\"has-inline-color has-vivid-cyan-blue-color\">https:\/\/pietiek.com\/raksti\/laikraksts__diena__kas_un_ka_pasutija_lato_lapsu_un_jurgi_liepnieku\/<\/span><\/a> . Par to video materi\u0101l\u0101 st\u0101sta ar\u012b pats Lapsa:<\/p>\n\n\n\n<figure class=\"wp-block-embed is-type-video is-provider-youtube wp-block-embed-youtube wp-embed-aspect-16-9 wp-has-aspect-ratio\"><div class=\"wp-block-embed__wrapper\">\n<div class=\"video-container\"><iframe loading=\"lazy\" title=\"\u201cKas un k\u0101 pas\u016bt\u012bja Lato Lapsu un Jur\u0123i Liepnieku\u201d - ko noz\u012bm\u0113 \u201cDienas\u201d publik\u0101cija un kas b\u016bs t\u0101l\u0101k\" width=\"500\" height=\"281\" src=\"https:\/\/www.youtube.com\/embed\/MKFewZ-7dfM?feature=oembed&#038;wmode=opaque\" frameborder=\"0\" allow=\"accelerometer; autoplay; clipboard-write; encrypted-media; gyroscope; picture-in-picture; web-share\" allowfullscreen><\/iframe><\/div>\n<\/div><\/figure>\n\n\n\n<p class=\"has-black-color has-text-color has-background\" style=\"background-color:#f0fbf7;font-size:19px\">Skaidrs, ka t\u0101da l\u012bme\u0146a pas\u016bt\u012bjums n\u0101k no valsts augst\u0101k\u0101s vad\u012bbas. Tas ir, no t\u0101m sf\u0113r\u0101m, ko piln\u012bb\u0101 kontrol\u0113 ebreji.<\/p>\n\n\n\n<p class=\"has-black-color has-text-color has-background\" style=\"background-color:#f0fbf7;font-size:19px\">Var\u0113tu ieteikt palas\u012bt manis rakst\u012bto. Varb\u016bt atkl\u0101siet sev daudz jauna un interesanta. Ja Jums rodas jaut\u0101jumi par noris\u0113m Latvij\u0101 un citur pasaul\u0113, l\u016bdzu jaut\u0101jiet :)<\/p>\n\n\n\n<p>18.02.23<\/p>\n\n\n\n<p><\/p>\n","protected":false},"excerpt":{"rendered":"<p>Piekr\u012btot J\u016bsu 14.febru\u0101ra koment\u0101riem, man tom\u0113r b\u016btu iebildumi pret J\u016bsu 12.febru\u0101r\u012b rakst\u012bto \u201cJa nedz\u012bvojat Latvij\u0101, jums varb\u016bt nav piln\u012bgas skaidr\u012bbas par te notieko\u0161o. T\u0101p\u0113c uzmanieties ar to, ko jums st\u0101sta k\u0101di \u201clabv\u0113\u013ci\u201d\u201d. Konkr\u0113ti man&#46;&#46;&#46;<\/p>\n","protected":false},"author":1,"featured_media":57801,"comment_status":"open","ping_status":"open","sticky":false,"template":"","format":"standard","meta":[],"categories":[1,11],"tags":[],"_links":{"self":[{"href":"https:\/\/tautastribunals.eu\/index.php?rest_route=\/wp\/v2\/posts\/63743"}],"collection":[{"href":"https:\/\/tautastribunals.eu\/index.php?rest_route=\/wp\/v2\/posts"}],"about":[{"href":"https:\/\/tautastribunals.eu\/index.php?rest_route=\/wp\/v2\/types\/post"}],"author":[{"embeddable":true,"href":"https:\/\/tautastribunals.eu\/index.php?rest_route=\/wp\/v2\/users\/1"}],"replies":[{"embeddable":true,"href":"https:\/\/tautastribunals.eu\/index.php?rest_route=%2Fwp%2Fv2%2Fcomments&post=63743"}],"version-history":[{"count":7,"href":"https:\/\/tautastribunals.eu\/index.php?rest_route=\/wp\/v2\/posts\/63743\/revisions"}],"predecessor-version":[{"id":63752,"href":"https:\/\/tautastribunals.eu\/index.php?rest_route=\/wp\/v2\/posts\/63743\/revisions\/63752"}],"wp:featuredmedia":[{"embeddable":true,"href":"https:\/\/tautastribunals.eu\/index.php?rest_route=\/wp\/v2\/media\/57801"}],"wp:attachment":[{"href":"https:\/\/tautastribunals.eu\/index.php?rest_route=%2Fwp%2Fv2%2Fmedia&parent=63743"}],"wp:term":[{"taxonomy":"category","embeddable":true,"href":"https:\/\/tautastribunals.eu\/index.php?rest_route=%2Fwp%2Fv2%2Fcategories&post=63743"},{"taxonomy":"post_tag","embeddable":true,"href":"https:\/\/tautastribunals.eu\/index.php?rest_route=%2Fwp%2Fv2%2Ftags&post=63743"}],"curies":[{"name":"wp","href":"https:\/\/api.w.org\/{rel}","templated":true}]}}