{"id":63715,"date":"2023-02-09T15:51:11","date_gmt":"2023-02-09T13:51:11","guid":{"rendered":"https:\/\/tautastribunals.eu\/?p=63715"},"modified":"2023-02-09T15:53:02","modified_gmt":"2023-02-09T13:53:02","slug":"r-bruners-represijas-pastiprinas","status":"publish","type":"post","link":"https:\/\/tautastribunals.eu\/?p=63715","title":{"rendered":"R. Bruners. Represijas pastiprin\u0101s"},"content":{"rendered":"\n<figure class=\"wp-block-image size-large is-resized\"><img decoding=\"async\" loading=\"lazy\" src=\"https:\/\/tautastribunals.eu\/wp-content\/uploads\/2020\/09\/1.-Rids-Bruners.L.Grantins.J.Ziverts.Latvija.LRTT_-768x144-2.png\" alt=\"\" class=\"wp-image-57801\" width=\"1450\" height=\"272\" srcset=\"https:\/\/tautastribunals.eu\/wp-content\/uploads\/2020\/09\/1.-Rids-Bruners.L.Grantins.J.Ziverts.Latvija.LRTT_-768x144-2.png 768w, https:\/\/tautastribunals.eu\/wp-content\/uploads\/2020\/09\/1.-Rids-Bruners.L.Grantins.J.Ziverts.Latvija.LRTT_-768x144-2-300x56.png 300w\" sizes=\"(max-width: 1450px) 100vw, 1450px\" \/><\/figure>\n\n\n\n<p><\/p>\n\n\n\n<p class=\"has-text-align-center has-white-color has-text-color has-background\" style=\"background-color:#0d5d40;font-size:26px\">R. Bruners. Represijas pastiprin\u0101s<\/p>\n\n\n\n<p class=\"has-black-color has-text-color has-background\" style=\"background-color:#edfaf5;font-size:19px\">V\u0113lot sp\u0113ku un iztur\u012bbu <strong>Linardam Granti\u0146am <\/strong>saist\u012bb\u0101 ar k\u0101rt\u0113jo tiesu, tom\u0113r gribas tic\u0113t, ka izn\u0101kums b\u016bs t\u0101ds pats k\u0101 iepriek\u0161. Proti \u2013 nek\u0101ds. T\u0101p\u0113c grib\u0113tu piev\u0113rsties citai personiskai tra\u0123\u0113dijai, par ko pav\u0113st\u012bja<strong> Lato Lapsa <\/strong>emocion\u0101l\u0101 uzrun\u0101<\/p>\n\n\n\n<figure class=\"wp-block-embed is-type-video is-provider-youtube wp-block-embed-youtube wp-embed-aspect-16-9 wp-has-aspect-ratio\"><div class=\"wp-block-embed__wrapper\">\n<div class=\"video-container\"><iframe loading=\"lazy\" title=\"\u201cEgil Levit, es j\u016bs aps\u016bdzu,\u201d - t\u0101 s\u0101ksies n\u0101kamais ieraksts. Te - da\u017ei v\u0101rdi maniem ienaidniekiem.\" width=\"500\" height=\"281\" src=\"https:\/\/www.youtube.com\/embed\/9v7ywcpvb04?feature=oembed&#038;wmode=opaque\" frameborder=\"0\" allow=\"accelerometer; autoplay; clipboard-write; encrypted-media; gyroscope; picture-in-picture; web-share\" allowfullscreen><\/iframe><\/div>\n<\/div><\/figure>\n\n\n\n<p class=\"has-black-color has-text-color has-background\" style=\"background-color:#e7f5ef;font-size:19px\"><strong>Lato Lapsu <\/strong>personiski nepaz\u012bstu, nekad neesmu ar vi\u0146u ticies, sarun\u0101jies un sarakst\u012bjies.<\/p>\n\n\n\n<p class=\"has-black-color has-text-color has-background\" style=\"background-color:#e7f5ef;font-size:19px\">Paties\u012bbu sakot, kaut ko l\u012bdz\u012bgu biju gaid\u012bjis jau iepriek\u0161. Kad sist\u0113ma izn\u012bcina cilv\u0113ku, to dara pamaz\u0101m. No s\u0101kuma z\u016bd j\u0113ga dar\u0101majam darbam, tad paz\u016bd lieti\u0161\u0137ie kontakti un noder\u012bgi pazi\u0146as. Tad paz\u016bd ien\u0101kumi, rodas probl\u0113mas ar tuviem cilv\u0113kiem, b\u0113rniem, radiem un draugiem. Tos nomaina p\u0101ris li\u0161\u0137\u012bgi b\u013codlai\u017eas. Tad par\u0101d\u0101s margin\u0101\u013ci un krimin\u0101\u013ci \u2026 Nezinu, kur\u0101 stadij\u0101 patlaban ir <strong>Lapsa<\/strong>, ta\u010du tas kr\u0101jas k\u0101 \u016bdens trauk\u0101. Pilienu pa pilienam, l\u012bdz k\u0101du dienu trauks iet p\u0101ri mal\u0101m.<\/p>\n\n\n\n<p class=\"has-black-color has-text-color has-background\" style=\"background-color:#e7f5ef;font-size:19px\">Lapsa saka, ka dz\u012bvei j\u0113ga ir pazudusi pirms pusotra gada, tas ir, 2021. gada oktobr\u012b. P\u0113c manas inform\u0101cijas sprie\u017eot, likten\u012bg\u0101s izmai\u0146as vi\u0146a dz\u012bv\u0113 notika apm\u0113ram gadu iepriek\u0161. Tas ir, 2020. gad\u0101. Tas izklaus\u0101s neticami, bet \u0161aj\u0101 laik\u0101 vi\u0146\u0161 tika pasludin\u0101ts par antisem\u012btu.<\/p>\n\n\n\n<p class=\"has-black-color has-text-color has-background\" style=\"background-color:#e7f5ef;font-size:19px\">Protams, cilv\u0113ka dz\u012bv\u0113 ir daudz un da\u017e\u0101di notikumi, kuri pa\u0161am \u0161\u0137iet vair\u0101k vai maz\u0101k svar\u012bgi. Dom\u0101ju, ka visu paties\u012bbu l\u012bdz galam nezina ar\u012b pats <strong>Lato. <\/strong>Tom\u0113r attiec\u012bb\u0101 uz vi\u0146a profesion\u0101lo darb\u012bbu k\u0101 \u017eurn\u0101listam, izmekl\u0113t\u0101jam un rakstniekam, manis min\u0113tais faktors var\u0113tu b\u016bt noteico\u0161ais.<\/p>\n\n\n\n<p class=\"has-black-color has-text-color has-background\" style=\"background-color:#e7f5ef;font-size:19px\">Sist\u0113ma bija devusi vi\u0146am p\u0101r\u0101k lielu va\u013cu, izvirzoties k\u0101 sabiedrisk\u0101s domas l\u012bderim. K\u0101p\u0113c t\u0101da labv\u0113l\u012bba ? Ja \u012bsum\u0101 formul\u0113jam port\u0101la <strong>PIETIEK<\/strong> ideolo\u0123iju, tad vadmot\u012bvs var\u0113tu skan\u0113t apm\u0113ram t\u0101 \u201cvisiem sp\u0113kiem c\u012bn\u0101mies ar sek\u0101m, bet nemekl\u0113jam c\u0113lo\u0146us\u201d.<\/p>\n\n\n\n<p class=\"has-black-color has-text-color has-background\" style=\"background-color:#e7f5ef;font-size:19px\">Tas \u013cauj port\u0101lam absorb\u0113t liel\u0101ko da\u013cu no da\u017eneda\u017e\u0101dajiem taisn\u012bbas mekl\u0113t\u0101jiem un c\u012bn\u012bt\u0101jiem. No sist\u0113mas viedok\u013ca raugoties, ir lietder\u012bgi tur\u0113t tos kaut kur vien\u0101 viet\u0101, zin\u0101t katra iesp\u0113jas un robe\u017eas, ja nepiecie\u0161ams \u2013 veikt korekcijas, izlaist uzkr\u0101ju\u0161os tvaiku u.c.<\/p>\n\n\n\n<p class=\"has-black-color has-text-color has-background\" style=\"background-color:#e7f5ef;font-size:19px\">Savu personisko poz\u012bciju attiec\u012bb\u0101 uz dar\u0101mo darbu Lapsa ir formul\u0113jis vair\u0101kk\u0101rt. \u201cEs varu nepiekrist tavam viedoklim, bet esmu gatavs iet c\u012b\u0146\u0101 par to, lai tev b\u016btu ties\u012bbas \u0161o viedokli izteikt\u201d un \u201ces pal\u012bdz\u0113\u0161u cilv\u0113kam, kuru n\u0101k izn\u012bcin\u0101t vi\u0146a uzskatu (pieder\u012bbas) d\u0113\u013c t\u0101p\u0113c, lai b\u016btu k\u0101ds, kur\u0161 pal\u012bdz\u0113s man, kad n\u0101ks izn\u012bcin\u0101t mani\u201d. \u0160ie formul\u0113jumi nav autentiski cit\u0101ti, bet doma apm\u0113ram ir skaidra.<\/p>\n\n\n\n<p class=\"has-black-color has-text-color has-background\" style=\"background-color:#e7f5ef;font-size:19px\">T\u0101 ir god\u0101jama personisk\u0101 poz\u012bcija un lietder\u012bgs port\u0101ls, ko v\u0113l piebilst? Tikai to, ka ir uzskati, ko nedr\u012bkst paust, un ir fakti, ko nedr\u012bkst piemin\u0113t. Dom\u0101ju, ka savulaik m\u016bsu publicisti bija sa\u0146\u0113mu\u0161i attiec\u012bgu br\u012bdin\u0101jumu.<\/p>\n\n\n\n<p class=\"has-black-color has-text-color has-background\" style=\"background-color:#e7f5ef;font-size:19px\">Ko dar\u012bt \u0161aj\u0101 situ\u0101cij\u0101 ? Ir tikai divas iesp\u0113jas \u2013 iet l\u012bdz galam, vai iet boj\u0101. Tas ir, pievienoties tiem neskait\u0101majiem t\u016bksto\u0161iem br\u012bvdom\u0101t\u0101ju, kuri visos laikos un taut\u0101s ir iztur\u0113ju\u0161i savu personisko poz\u012bciju l\u012bdz galam.<\/p>\n\n\n\n<p class=\"has-black-color has-text-color has-background\" style=\"background-color:#e7f5ef;font-size:19px\">Tas noz\u012bm\u0113 zaud\u0113t visu, kas tev l\u012bdz \u0161im bijis d\u0101rgs un v\u0113rt\u012bgs, un s\u0101kt visu no nulles. K\u013c\u016bt par kaut ko l\u012bdz\u012bgu <strong>Linardam Granti\u0146am<\/strong> vai <strong>man,<\/strong> sasniedzot pa\u0161pietiekam\u012bbu ar savu ikdienas darbu. Pa\u0161pietiekam\u012bba dod iesp\u0113ju saglab\u0101t savu poz\u012bciju un pielietot to, atbilsto\u0161i saviem ieskatiem.<\/p>\n\n\n\n<p class=\"has-black-color has-text-color has-background\" style=\"background-color:#e7f5ef;font-size:19px\">Diez vai ir nosl\u0113pums tas, ka<strong> Lato Lapsa <\/strong>v\u0113las k\u013c\u016bt par valsts prezidentu. Ar to ar\u012b vajadz\u0113tu s\u0101kt.<\/p>\n\n\n\n<p class=\"has-black-color has-text-color has-background\" style=\"background-color:#e7f5ef;font-size:19px\">No tehnisk\u0101 viedok\u013ca, tas b\u016btu neizpild\u0101ms uzdevums. Patlaban prezidentu izv\u0113l deput\u0101ti, no kuriem liel\u0101k\u0101 da\u013ca ir s\u012bki bl\u0113\u017ei un algoti balamutes. Tie\u0161i tas kontingents, ko \u0146em priek\u0161\u0101 port\u0101ls<strong> PIETIEK.<\/strong><\/p>\n\n\n\n<p class=\"has-black-color has-text-color has-background\" style=\"background-color:#e7f5ef;font-size:19px\">Tom\u0113r ja skat\u0101mies p\u0113c b\u016bt\u012bbas, tad vajadz\u0113tu s\u0101kt ar prezidenta poz\u012bciju sav\u0101 uzved\u012bb\u0101. Ko noz\u012bm\u0113 \u201cprezidenta poz\u012bcija\u201d ? Daudz ko, bet s\u0101kt var\u0113tu ar eso\u0161\u0101 prezidenta <strong>Levita<\/strong> un ar\u012b citu augstu amatpersonu, kritiz\u0113\u0161anas atvirz\u012b\u0161anu otraj\u0101 pl\u0101n\u0101. Tas nenoz\u012bm\u0113, ka piem\u0113ram, <strong>Levits <\/strong>vai k\u0101ds cits nepelna <strong>kritiku. Prezidenta poz\u012bcija galvenok\u0101rt noz\u012bm\u0113 savas programmas formul\u0113\u0161anu un iev\u0113ro\u0161anu attiec\u012bb\u0101 uz pa\u0161iem svar\u012bg\u0101kajiem jaut\u0101jumiem Latvijas valst\u012b.<\/strong> T\u0101, lai m\u0113r\u0137a grupa to pa\u0146em, bet tehnisko pretendenta apstiprin\u0101\u0161anu atst\u0101t tehniskajam person\u0101lam.<\/p>\n\n\n\n<p class=\"has-black-color has-text-color has-background\" style=\"background-color:#e7f5ef;font-size:19px\">Vai c\u012b\u0146a ar sist\u0113mu sp\u0113j sniegt gaid\u0101mo baudu, par ko run\u0101 Lapsa sav\u0101 video? Es ar\u012b k\u0101dreiz dom\u0101ju, ka sist\u0113ma sniegs man \u0161\u0101du pakalpojumu. Realit\u0101te ir t\u0101da, ka c\u012bn\u012bt\u0101jam apk\u0101rt izveido purvu no ignor\u0113\u0161anas, bezdomu truluma, apvainojumiem, j\u0113l\u012bb\u0101m, pazemojumiem u.t.t. Ar katru soli tu grimsti dzi\u013c\u0101k, l\u012bdz br\u012bdim kad jebk\u0101da virz\u012bba k\u013c\u016bst neiesp\u0113jama.<\/p>\n\n\n\n<p class=\"has-black-color has-text-color has-background\" style=\"background-color:#e7f5ef;font-size:19px\">K\u0101ds var\u0113tu b\u016bt prezidenta kampa\u0146as rezult\u0101ts ? To mums vajadz\u0113tu noskaidrot, k\u0101 saka, l\u016bdzu uz priek\u0161u !<\/p>\n\n\n\n<p>09.02.23<\/p>\n\n\n\n<p><\/p>\n","protected":false},"excerpt":{"rendered":"<p>R. Bruners. Represijas pastiprin\u0101s V\u0113lot sp\u0113ku un iztur\u012bbu Linardam Granti\u0146am saist\u012bb\u0101 ar k\u0101rt\u0113jo tiesu, tom\u0113r gribas tic\u0113t, ka izn\u0101kums b\u016bs t\u0101ds pats k\u0101 iepriek\u0161. Proti \u2013 nek\u0101ds. T\u0101p\u0113c grib\u0113tu piev\u0113rsties citai personiskai tra\u0123\u0113dijai, par&#46;&#46;&#46;<\/p>\n","protected":false},"author":1,"featured_media":57801,"comment_status":"open","ping_status":"open","sticky":false,"template":"","format":"standard","meta":[],"categories":[1,11],"tags":[],"_links":{"self":[{"href":"https:\/\/tautastribunals.eu\/index.php?rest_route=\/wp\/v2\/posts\/63715"}],"collection":[{"href":"https:\/\/tautastribunals.eu\/index.php?rest_route=\/wp\/v2\/posts"}],"about":[{"href":"https:\/\/tautastribunals.eu\/index.php?rest_route=\/wp\/v2\/types\/post"}],"author":[{"embeddable":true,"href":"https:\/\/tautastribunals.eu\/index.php?rest_route=\/wp\/v2\/users\/1"}],"replies":[{"embeddable":true,"href":"https:\/\/tautastribunals.eu\/index.php?rest_route=%2Fwp%2Fv2%2Fcomments&post=63715"}],"version-history":[{"count":1,"href":"https:\/\/tautastribunals.eu\/index.php?rest_route=\/wp\/v2\/posts\/63715\/revisions"}],"predecessor-version":[{"id":63716,"href":"https:\/\/tautastribunals.eu\/index.php?rest_route=\/wp\/v2\/posts\/63715\/revisions\/63716"}],"wp:featuredmedia":[{"embeddable":true,"href":"https:\/\/tautastribunals.eu\/index.php?rest_route=\/wp\/v2\/media\/57801"}],"wp:attachment":[{"href":"https:\/\/tautastribunals.eu\/index.php?rest_route=%2Fwp%2Fv2%2Fmedia&parent=63715"}],"wp:term":[{"taxonomy":"category","embeddable":true,"href":"https:\/\/tautastribunals.eu\/index.php?rest_route=%2Fwp%2Fv2%2Fcategories&post=63715"},{"taxonomy":"post_tag","embeddable":true,"href":"https:\/\/tautastribunals.eu\/index.php?rest_route=%2Fwp%2Fv2%2Ftags&post=63715"}],"curies":[{"name":"wp","href":"https:\/\/api.w.org\/{rel}","templated":true}]}}