{"id":63658,"date":"2023-01-31T19:20:13","date_gmt":"2023-01-31T17:20:13","guid":{"rendered":"https:\/\/tautastribunals.eu\/?p=63658"},"modified":"2023-01-31T19:20:14","modified_gmt":"2023-01-31T17:20:14","slug":"lasitajs-tikai-fakta-konstatacija-3","status":"publish","type":"post","link":"https:\/\/tautastribunals.eu\/?p=63658","title":{"rendered":"Las\u012bt\u0101js. Tikai fakta konstat\u0101cija"},"content":{"rendered":"\n<figure class=\"wp-block-image size-large is-resized\"><img decoding=\"async\" loading=\"lazy\" src=\"https:\/\/tautastribunals.eu\/wp-content\/uploads\/2019\/10\/www.tautastribunals.eu-12-5-800x112.png\" alt=\"\" class=\"wp-image-53522\" width=\"1450\" height=\"203\" srcset=\"https:\/\/tautastribunals.eu\/wp-content\/uploads\/2019\/10\/www.tautastribunals.eu-12-5-800x112.png 800w, https:\/\/tautastribunals.eu\/wp-content\/uploads\/2019\/10\/www.tautastribunals.eu-12-5-300x42.png 300w, https:\/\/tautastribunals.eu\/wp-content\/uploads\/2019\/10\/www.tautastribunals.eu-12-5-768x108.png 768w, https:\/\/tautastribunals.eu\/wp-content\/uploads\/2019\/10\/www.tautastribunals.eu-12-5.png 950w\" sizes=\"(max-width: 1450px) 100vw, 1450px\" \/><\/figure>\n\n\n\n<p class=\"has-black-color has-text-color has-background\" style=\"background-color:#e8f8f2;font-size:19px\">\u013boti interesanti bija palas\u012bt arh\u012bvu un konstat\u0113t, ka izteikt\u0101s \u0161aubas un v\u0101j\u0101s cer\u012bbas uz <strong>\u201cnacion\u0101\u013cu\u201d<\/strong> vien\u012bgo vadon\u012bti <strong>r. dzintaru <\/strong>un uz <strong>VL \u2013 NA<\/strong> vad\u012bbu ir izr\u0101d\u012bju\u0161\u0101s <strong>L. Granti\u0146am<\/strong> pravietiski prec\u012bzas !<br>Pap\u0113tiet pa\u0161i, kas lasa \u0161o vietni, piem. \u0161o seno <strong>LRTT <\/strong>publik\u0101ciju: <strong><a href=\"https:\/\/tautastribunals.eu\/?p=6970\"><span style=\"color:#9c35fd\" class=\"has-inline-color\">https:\/\/tautastribunals.eu\/?p=6970<\/span><\/a><\/strong><span class=\"has-inline-color has-vivid-purple-color\"><strong> <\/strong><\/span>un saprat\u012bsiet analo\u0123iju. M\u016bsu patriotisk\u0101k\u0101 un reiz ar\u012b liel\u0101k\u0101 tautas da\u013ca cer\u0113ja un tic\u0113ja, ka <strong>nacion\u0101\u013cu vado\u0146i<\/strong> patiesi cels latvisku <strong>Latviju,<\/strong> ka veicin\u0101s demokr\u0101tiski<strong> DDD<\/strong> un, ka<strong> BEIDZOT<\/strong> m\u016bsu varon\u012bgo sen\u010du zeme b\u016bs br\u012bva no <strong>pret\u012bgo barbaru \u2013 okupantu<\/strong> milzu varzas ! Un, ka sod\u0101mie kangari b\u016bs nomesti no ienes\u012bgajiem amatiem un sazagtais \u0161iem atkritumiem b\u016bs at\u0146emts un atdots vi\u0146u apzagtajai tautai. Bet viss notiek otr\u0101di, kangari un to atvases <strong>30.gadu garum\u0101 <\/strong>aiz\u0146em arvien ietekm\u012bg\u0101kus un ienes\u012bg\u0101kus amatus kop\u012bgi ar okupantiem, kas tiek bezgala nodev\u012bgi un piln\u012bgi prettiesiski naturaliz\u0113ti pilso\u0146os. Un caur kangaru varas un partiju, ar\u012b <strong>NA <\/strong>d\u0101vin\u0101to tiem pilson\u012bbu, okupanti sa\u0146em ties\u012bbas: <strong>lemt, apzagt un izr\u012bkot no tiem smagi cietu\u0161o Latvijas tautu<\/strong>, noziedz\u012bgajiem varturiem pat fikt\u012bvi nem\u0113\u0123inot <strong>noskaidrot Latvijas \u012bsteno pilso\u0146u viedokli.<\/strong> Nekaun\u012bgi neprasot tautai caur referendumu pie\u0161\u0137irt tikai loj\u0101lajiem no okupantu milzu bara m\u016bsu <strong>Latvijas pilson\u012bbu<\/strong> ! <\/p>\n\n\n\n<p class=\"has-black-color has-text-color has-background\" style=\"background-color:#e8f8f2;font-size:19px\">\u0160ie <strong>varne\u0161u nodev\u012bgie viep\u013ci pagaid\u012bs<\/strong>, kam\u0113r naturaliz\u0113to okupantu skaits sasniegs, vai p\u0101rsniegs pamatiedz\u012bvot\u0101ju skaitu un tad ar bezgala \u0161odien nicin\u0101majiem masu m\u0113dijiem, ar milzu pompu \u0161ie nelie\u0161i uzr\u012bkos referenduma cirku, lai pasaulei izbaz\u016bn\u0113tu par savas prettautiskas nodev\u012bbas <strong>\u201clikum\u012bgumu\u201d. <\/strong><\/p>\n\n\n\n<p class=\"has-black-color has-text-color has-background\" style=\"background-color:#e8f8f2;font-size:19px\">Par \u0161o pasaulei neredzamo, tiem nosl\u0113pto baiso genoc\u012bdu un faktisku latvie\u0161u tautas gar\u012bgu un ment\u0101lu izn\u012bcin\u0101\u0161anu ir visiem <strong>Latvijas <\/strong>patriotiem, ar m\u016bsu draugiem un sabiedrotajiem <strong>j\u0101zi\u0146o it visur pasaul\u0113<\/strong>, visos iesp\u0113jamajos veidos, visos m\u0113d\u012bjos un vis\u0101s instanc\u0113s, kur vien tas iesp\u0113jams ! Vienlaikus ar\u012b j\u0101atbalsta, j\u0101pal\u012bdz ukrai\u0146u tautai t\u0101s smagaj\u0101 un nevienl\u012bdz\u012bgaj\u0101 c\u012b\u0146\u0101 ar gadsimta garum\u0101 <strong>krem\u013ca deform\u0113tajiem krievu zombijiem \u2013 asinsk\u0101riem, \u013cauniem cilv\u0113kveid\u012bgajiem lopiem uniform\u0101s<\/strong>, lai tuvin\u0101tu<strong> drosm\u012bgo ukrai\u0146u tautas uzvaru <\/strong>p\u0101r ar\u012b m\u016bsu<strong><span class=\"has-inline-color has-vivid-red-color\"> <\/span><\/strong><span style=\"color:#d12e3a\" class=\"has-inline-color\"><strong>m\u016b\u017eseno naidnieku, izcilu pretek\u013cu, slepkavu, zag\u013cu un briesmo\u0146u ordu<\/strong> <\/span>!<\/p>\n\n\n\n<p class=\"has-white-color has-vivid-red-background-color has-text-color has-background\" style=\"font-size:26px\">LRTT<\/p>\n\n\n\n<p class=\"has-text-align-center has-white-color has-text-color has-background\" style=\"background-color:#05482f;font-size:23px\">Atkal un atkal j\u0101atceras<em>(j\u0101ievieto rakst\u0101)<\/em><strong> \u013beva Tolstoja <\/strong>sac\u012bto par krieviem. <\/p>\n\n\n\n<figure class=\"wp-block-image size-large is-resized\"><img decoding=\"async\" loading=\"lazy\" src=\"https:\/\/tautastribunals.eu\/wp-content\/uploads\/2020\/10\/evs-Tolstojs-L.-Grantins-Bitenieks-BarissUlmanis1-800x262-1.jpg\" alt=\"\" class=\"wp-image-57896\" width=\"1450\" height=\"475\" srcset=\"https:\/\/tautastribunals.eu\/wp-content\/uploads\/2020\/10\/evs-Tolstojs-L.-Grantins-Bitenieks-BarissUlmanis1-800x262-1.jpg 800w, https:\/\/tautastribunals.eu\/wp-content\/uploads\/2020\/10\/evs-Tolstojs-L.-Grantins-Bitenieks-BarissUlmanis1-800x262-1-300x98.jpg 300w, https:\/\/tautastribunals.eu\/wp-content\/uploads\/2020\/10\/evs-Tolstojs-L.-Grantins-Bitenieks-BarissUlmanis1-800x262-1-768x252.jpg 768w\" sizes=\"(max-width: 1450px) 100vw, 1450px\" \/><\/figure>\n\n\n\n<p class=\"has-white-color has-text-color has-background\" style=\"background-color:#05482f;font-size:19px\">Kas attiecas uz maniem pare\u0123ojumiem, tad es t\u0101pat k\u0101 viss lielais vairums s\u0101kuma notic\u0113ju \u0161iem viltus <strong>&#8220;patriotiem&#8221;<\/strong>, bet laic\u012bgi atj\u0113dzos. Bet neko dar\u012bt, lab\u0101k v\u0113l\u0101k nek\u0101 nekad to atz\u012bt. <\/p>\n\n\n\n<p class=\"has-white-color has-text-color has-background\" style=\"background-color:#05482f;font-size:19px\">Tic\u012bba cilv\u0113kiem ir laba lieta, jo bez t\u0101s mums nedz\u012bvot. \u0160aj\u0101 gad\u012bjuma runa jau vairs nav par<strong> &#8220;tic\u012bgajiem&#8221;,<\/strong> bet pa\u0161iem <strong>nac. varo\u0146iem:<\/strong> kas vi\u0146us sagaida ? Meli nevar ilgt m\u016b\u017e\u012bbu, par tiem j\u0101maks\u0101 ! K\u0101da cena ir nodev\u012bbai, nevienam nav j\u0101paskaidro. Kas attiecas tie\u0161i uz <strong>dzintaristu<\/strong> nodev\u012bbu, tad t\u0101 ir desmitk\u0101rt\u012bga. Vi\u0146i ar sav\u0101m salkanaj\u0101m run\u0101m iel\u012bda daudz cietu\u0161\u0101 latvie\u0161a sird\u012b un ieper\u0113ja taj\u0101 n\u0101v\u012bgu stafilakoka bacili. Daudzi v\u0113l \u0161odien tic \u0161\u012bm glumajam preteklim-<strong> dzintaram <\/strong>no <strong>M. Fulfsona &#8220;cilts&#8221;<\/strong>. Rad\u012bjumi ar haz\u0101risko g\u0113nu, nav pieskait\u0101mi pie cilv\u0113ku rases.<\/p>\n\n\n\n<p class=\"has-white-color has-text-color has-background\" style=\"background-color:#05482f;font-size:19px\">Visliel\u0101k\u0101 tra\u0123\u0113dija sl\u0113pjas taj\u0101, ka <strong>Dievs nepiedod ar\u012b l\u0113ttic\u012bgajiem<\/strong>. \u012asten\u012bba jau nav runa par kaut k\u0101du mistisku<strong> Dievu,<\/strong> bet par pa\u0161u primit\u012bv\u0101ko<strong> ES\u012aBAS LIKUMU: &#8220;Ko s\u0113ji, to ar\u012b p\u013causi&#8221;<\/strong>. Te vairs nestr\u0101d\u0101 <strong>S\u0101tana v\u0101rsmas,<\/strong> ka<strong> Dievs ir M\u012aLEST\u012aBA<\/strong>. B\u016bs j\u0101sa\u0146em sods par sek\u0101m. Bija tas apzin\u012bgi vai neapzin\u012bgi, tas<strong> LIKUMAM <\/strong>neinteres\u0113. <\/p>\n\n\n\n<p class=\"has-white-color has-text-color has-background\" style=\"background-color:#05482f;font-size:19px\"><strong>S\u0101tana &#8220;v\u0101rsma&#8221;<\/strong>, ka<strong> Dievs <\/strong>ir m\u012blest\u012bba, ir vis\u012bst\u0101k\u0101s lamatas l\u0113ttic\u012bgajiem- tiek netie\u0161i pasac\u012bts: <strong>dari ta\u010du ko gribi, jo Dievs ir m\u012blest\u012bba un tev viss taps piedots<\/strong>&#8230; , bet \u012bsten\u012bba ir tie\u0161i pret\u0113ja.<\/p>\n\n\n\n<figure class=\"wp-block-image size-large is-resized\"><img decoding=\"async\" loading=\"lazy\" src=\"https:\/\/tautastribunals.eu\/wp-content\/uploads\/2012\/07\/Rihards-Bunka-un-Imants-Par\u0101dnieks.jpg\" alt=\"\" class=\"wp-image-10201\" width=\"995\" height=\"745\"\/><figcaption><strong><span class=\"has-inline-color has-vivid-red-color\">\u0160eit m\u0113s redzam NA \u012bsto seju Par\u0101dnieka &#8220;form\u0101t\u0101&#8221;. Vi\u0146\u0161 ir kop\u0101 ar Rihardu Bunku, kur\u0161 ir vis\u012bst\u0101kais un asi\u0146ain\u0101kais latvie\u0161u tautas ienaidnieks. Par to Liecina ar\u012b Astr\u012bda Bab\u0101ne. Visi \u0161eit redzamie ir L. Granti\u0146a &#8220;krimin\u0101llietas&#8221; autori !<\/span><\/strong> <strong><span class=\"has-inline-color has-black-color\">Noziedznieki V\u012btoli\u0146\u0161, Bunka un Par\u0101dnieks.<\/span><\/strong><\/figcaption><\/figure>\n\n\n\n<p class=\"has-text-align-center has-white-color has-black-background-color has-text-color has-background\" style=\"font-size:24px\">\u0160eit, \u0161aj\u0101 video, m\u0113s skaidri redzam, ka Par\u0101dnieks ir VDD(DP) vad\u012bts un st\u016br\u0113ts latvie\u0161u tautas kangars. Tas noz\u012bm\u0113 ar\u012b to, ka visa NA viena vien\u012bga provokatoru banda. Runa ir par vad\u012bbu, bet ne apmu\u013c\u0137oto ierindas latvieti.<\/p>\n\n\n\n<figure class=\"wp-block-embed is-type-video is-provider-youtube wp-block-embed-youtube wp-embed-aspect-16-9 wp-has-aspect-ratio\"><div class=\"wp-block-embed__wrapper\">\n<div class=\"video-container\"><iframe loading=\"lazy\" title=\"16 \u043c\u0430\u0440\u0442\u0430: \u0438\u043d\u0441\u0442\u0440\u0443\u043a\u0442\u043e\u0440\u0430 \u0431\u0430\u0442\u0430\u043b\u044c\u043e\u043d\u0430 &quot;\u0410\u0437\u043e\u0432&quot; \u043d\u0435 \u043f\u0443\u0441\u0442\u0438\u043b\u0438 \u043d\u0430 \u0448\u0435\u0441\u0442\u0432\u0438\u0435\" width=\"500\" height=\"281\" src=\"https:\/\/www.youtube.com\/embed\/v0sz0P44fxc?start=154&#038;feature=oembed&#038;wmode=opaque\" frameborder=\"0\" allow=\"accelerometer; autoplay; clipboard-write; encrypted-media; gyroscope; picture-in-picture; web-share\" allowfullscreen><\/iframe><\/div>\n<\/div><\/figure>\n\n\n\n<p class=\"has-text-align-center has-white-color has-black-background-color has-text-color has-background\" style=\"font-size:24px\">Un, vai \u0161is mirklis nenor\u0101da, kuriem kalpo di\u017eie &#8220;NACION\u0100LISTI, TAUTAS SIRDSAPZI\u0145A ?&#8221;<\/p>\n\n\n\n<figure class=\"wp-block-image size-large is-resized\"><img decoding=\"async\" loading=\"lazy\" src=\"https:\/\/tautastribunals.eu\/wp-content\/uploads\/2022\/06\/Dzintars-Raivis.Lembergs-Aivars.-Grantins-Linards.LRTT_-762x800.png\" alt=\"\" class=\"wp-image-62443\" width=\"1450\" height=\"1522\" srcset=\"https:\/\/tautastribunals.eu\/wp-content\/uploads\/2022\/06\/Dzintars-Raivis.Lembergs-Aivars.-Grantins-Linards.LRTT_-762x800.png 762w, https:\/\/tautastribunals.eu\/wp-content\/uploads\/2022\/06\/Dzintars-Raivis.Lembergs-Aivars.-Grantins-Linards.LRTT_-286x300.png 286w, https:\/\/tautastribunals.eu\/wp-content\/uploads\/2022\/06\/Dzintars-Raivis.Lembergs-Aivars.-Grantins-Linards.LRTT_-768x806.png 768w, https:\/\/tautastribunals.eu\/wp-content\/uploads\/2022\/06\/Dzintars-Raivis.Lembergs-Aivars.-Grantins-Linards.LRTT_.png 913w\" sizes=\"(max-width: 1450px) 100vw, 1450px\" \/><\/figure>\n\n\n\n<p>31,01.23<\/p>\n\n\n\n<p><\/p>\n","protected":false},"excerpt":{"rendered":"<p>\u013boti interesanti bija palas\u012bt arh\u012bvu un konstat\u0113t, ka izteikt\u0101s \u0161aubas un v\u0101j\u0101s cer\u012bbas uz \u201cnacion\u0101\u013cu\u201d vien\u012bgo vadon\u012bti r. dzintaru un uz VL \u2013 NA vad\u012bbu ir izr\u0101d\u012bju\u0161\u0101s L. Granti\u0146am pravietiski prec\u012bzas !Pap\u0113tiet pa\u0161i, kas&#46;&#46;&#46;<\/p>\n","protected":false},"author":1,"featured_media":50721,"comment_status":"open","ping_status":"open","sticky":false,"template":"","format":"standard","meta":[],"categories":[1],"tags":[],"_links":{"self":[{"href":"https:\/\/tautastribunals.eu\/index.php?rest_route=\/wp\/v2\/posts\/63658"}],"collection":[{"href":"https:\/\/tautastribunals.eu\/index.php?rest_route=\/wp\/v2\/posts"}],"about":[{"href":"https:\/\/tautastribunals.eu\/index.php?rest_route=\/wp\/v2\/types\/post"}],"author":[{"embeddable":true,"href":"https:\/\/tautastribunals.eu\/index.php?rest_route=\/wp\/v2\/users\/1"}],"replies":[{"embeddable":true,"href":"https:\/\/tautastribunals.eu\/index.php?rest_route=%2Fwp%2Fv2%2Fcomments&post=63658"}],"version-history":[{"count":6,"href":"https:\/\/tautastribunals.eu\/index.php?rest_route=\/wp\/v2\/posts\/63658\/revisions"}],"predecessor-version":[{"id":63675,"href":"https:\/\/tautastribunals.eu\/index.php?rest_route=\/wp\/v2\/posts\/63658\/revisions\/63675"}],"wp:featuredmedia":[{"embeddable":true,"href":"https:\/\/tautastribunals.eu\/index.php?rest_route=\/wp\/v2\/media\/50721"}],"wp:attachment":[{"href":"https:\/\/tautastribunals.eu\/index.php?rest_route=%2Fwp%2Fv2%2Fmedia&parent=63658"}],"wp:term":[{"taxonomy":"category","embeddable":true,"href":"https:\/\/tautastribunals.eu\/index.php?rest_route=%2Fwp%2Fv2%2Fcategories&post=63658"},{"taxonomy":"post_tag","embeddable":true,"href":"https:\/\/tautastribunals.eu\/index.php?rest_route=%2Fwp%2Fv2%2Ftags&post=63658"}],"curies":[{"name":"wp","href":"https:\/\/api.w.org\/{rel}","templated":true}]}}