{"id":63218,"date":"2022-11-28T19:11:14","date_gmt":"2022-11-28T17:11:14","guid":{"rendered":"https:\/\/tautastribunals.eu\/?p=63218"},"modified":"2022-11-28T19:11:15","modified_gmt":"2022-11-28T17:11:15","slug":"armands-puce-nekas-vairak-ka-cionistu-sturets-genetiskais-atkritums","status":"publish","type":"post","link":"https:\/\/tautastribunals.eu\/?p=63218","title":{"rendered":"Armands Pu\u010de ? Nekas vair\u0101k k\u0101 cionistu st\u016br\u0113ts \u0122EN\u0112TISKAIS ATKRITUMS"},"content":{"rendered":"\n<figure class=\"wp-block-image size-large is-resized\"><img decoding=\"async\" loading=\"lazy\" src=\"https:\/\/tautastribunals.eu\/wp-content\/uploads\/2020\/08\/Helsinki-86.-LRTT.-Granti\u0146\u0161.Bord\u0101ns.Stuk\u0101ns-2.png\" alt=\"\" class=\"wp-image-56986\" width=\"1450\" height=\"159\"\/><\/figure>\n\n\n\n<figure class=\"wp-block-image size-large is-resized\"><img decoding=\"async\" loading=\"lazy\" src=\"https:\/\/tautastribunals.eu\/wp-content\/uploads\/2022\/11\/Armands-Puce.Grantins.LRTT_-800x532.png\" alt=\"\" class=\"wp-image-63219\" width=\"1450\" height=\"964\" srcset=\"https:\/\/tautastribunals.eu\/wp-content\/uploads\/2022\/11\/Armands-Puce.Grantins.LRTT_-800x532.png 800w, https:\/\/tautastribunals.eu\/wp-content\/uploads\/2022\/11\/Armands-Puce.Grantins.LRTT_-300x199.png 300w, https:\/\/tautastribunals.eu\/wp-content\/uploads\/2022\/11\/Armands-Puce.Grantins.LRTT_-768x511.png 768w, https:\/\/tautastribunals.eu\/wp-content\/uploads\/2022\/11\/Armands-Puce.Grantins.LRTT_.png 1167w\" sizes=\"(max-width: 1450px) 100vw, 1450px\" \/><\/figure>\n\n\n\n<p class=\"has-text-align-center\" style=\"font-size:23px\"><a href=\"https:\/\/www.pietiek.com\/raksti\/apbrinoju_puces_profesionalitati,_ar_kadu_vins_atmasko_raini\/\">https:\/\/www.pietiek.com\/raksti\/apbrinoju_puces_profesionalitati,_ar_kadu_vins_atmasko_raini\/<\/a><\/p>\n\n\n\n<p class=\"has-text-align-center has-white-color has-black-background-color has-text-color has-background\" style=\"font-size:23px\">Par \u0161o TIPU LRTT jau ir rakst\u012bjis:<\/p>\n\n\n\n<figure class=\"wp-block-embed is-type-wp-embed is-provider-iegult wp-block-embed-iegult\"><div class=\"wp-block-embed__wrapper\">\n<blockquote class=\"wp-embedded-content\" data-secret=\"jLgIh4OPF6\"><a href=\"https:\/\/tautastribunals.eu\/?p=48258\">Armands Pu\u010de un vi\u0146a \u010dekas &#8220;komanda&#8221; !<\/a><\/blockquote><iframe class=\"wp-embedded-content\" sandbox=\"allow-scripts\" security=\"restricted\" style=\"position: absolute; clip: rect(1px, 1px, 1px, 1px);\" title=\"&#8220;Armands Pu\u010de un vi\u0146a \u010dekas &#8220;komanda&#8221; !&#8221; &#8212; \" src=\"https:\/\/tautastribunals.eu\/?p=48258&#038;embed=true#?secret=jLgIh4OPF6\" data-secret=\"jLgIh4OPF6\" width=\"500\" height=\"282\" frameborder=\"0\" marginwidth=\"0\" marginheight=\"0\" scrolling=\"no\"><\/iframe>\n<\/div><\/figure>\n\n\n\n<p class=\"has-white-color has-black-background-color has-text-color has-background\" style=\"font-size:19px\">K\u0101p\u0113c un kam bija vajadz\u012bga t\u0101da gr\u0101mata par Raini ? To pietieko\u0161i saprotami pasaka k\u0101ds koment\u0113t\u0101js, kas ar\u012b ir LRTT viedoklis:<\/p>\n\n\n\n<h3>Sol\u012b      <small>23.11.2022. 16:49<\/small><\/h3>\n\n\n\n<p class=\"has-black-color has-text-color has-background\" style=\"background-color:#f9e1e7;font-size:19px\">Gr\u0101mata rakst\u012bta pla\u0161\u0101m mas\u0101m. \u013boti labi las\u0101s. M\u0113r\u0137is sasniegts. Ta\u010du ir viens bet. Kura tauta raksta par sevi sliktu? Ar sav\u0101m pietic\u012bg\u0101m zin\u0101\u0161an\u0101m ie\u0161aujas pr\u0101t\u0101 tikai t\u0101di rakst\u012bt\u0101ji kuri p\u0113c b\u016bt\u012bbas sve\u0161tautie\u0161i uzdodas par pamatn\u0101ciju. Tie gan \u0161austa krustu \u0161\u0137\u0113rsu. Manupr\u0101t, \u0161obr\u012bd darbojas sp\u0113c\u012bgi \u0101r\u0113jie sp\u0113ki kuru uzdevums graut Latvie\u0161u pa\u0161apzi\u0146u, izkrop\u013cot dz\u012bveszi\u0146u un iedvest mazv\u0113rt\u012bbu.<\/p>\n\n\n\n<p class=\"has-black-color has-text-color has-background\" style=\"background-color:#f4fefa;font-size:19px\"><strong>A. Pu\u010de<\/strong> ir t\u0101ds pats <strong><em>latviec <\/em><\/strong>k\u0101 <strong>M. Ruks,<\/strong> kur\u0161 tik dzi\u013ci iel\u012bda antisem\u012btiskajiem<strong> \u017e\u012bdiem a- atver\u0113,<\/strong> ka v\u0113l l\u012bdz \u0161ai dienai nav izl\u012bdis&#8230; . Atcer\u0113simies, ko \u0161is m\u0113sls rakst\u012bja par latvie\u0161iem<a href=\"https:\/\/tautastribunals.eu\/?p=54728\"><kbd><em><span style=\"color:#2406e5\" class=\"has-inline-color\">(atver)<\/span><\/em><\/kbd><\/a><kbd><span class=\"has-inline-color has-black-color\">.<\/span><\/kbd><strong><span class=\"has-inline-color has-vivid-cyan-blue-color\"><kbd> <\/kbd><\/span><\/strong><\/p>\n\n\n\n<p class=\"has-black-color has-text-color has-background\" style=\"background-color:#f4fefa;font-size:19px\"><strong>A. Pu\u010de <\/strong>ir no t\u0101s pa\u0161as \u0161lakas. <strong>Vi\u0146a<\/strong> un<strong> vi\u0146a &#8220;tautas&#8221;<\/strong> uzdevums ir noniecin\u0101t m\u016bsu tautu. To vi\u0146\u0161 veic ar uzviju un entuziasmu. Tas nenotiek par pliku velti. Par to tiek sa\u0146emti <strong>sudraba<\/strong> <strong>J\u016bdasa gra\u0161i<\/strong> da\u017e\u0101dos iesai\u0146ojumos. Vi\u0146\u0161 ar\u012b ir viens tiem <strong><em><span style=\"color:#1206e5\" class=\"has-inline-color\"><a href=\"https:\/\/tautastribunals.eu\/?p=63209\">dzemd\u012bbu nama PRODUKTIEM<\/a>,<\/span><\/em><\/strong> par kuriem rakst\u012bja<strong> Indulis Ronis.<\/strong> <\/p>\n\n\n\n<p class=\"has-black-color has-text-color has-background\" style=\"background-color:#f4fefa;font-size:19px\">Vai bija k\u0101ds iemesls rakst\u012bt v\u0113l par <strong>Raini<\/strong>, par kuru m\u0113s visi jau pietieko\u0161i daudz zin\u0101m. <strong>Rainis <\/strong>bija t\u0101<strong> laika &amp; telpas<\/strong> produkts, kad gruva visas imp\u0113rijas un tautas atguva br\u012bv\u012bbu. Vi\u0146\u0161 bija soci\u0101ldemokr\u0101ts, kas bija piln\u012bgi norm\u0101li. Vi\u0146a devums latvie\u0161u tautas <strong>APZI\u0145AI <\/strong>ir milz\u012bgs un te p\u0113k\u0161\u0146i atrodas viens smird\u012bgs <strong>ZEMES T\u0100RPS,<\/strong> kur\u0161 cen\u0161as to visu izn\u012bcin\u0101t ! <\/p>\n\n\n\n<p class=\"has-black-color has-text-color has-background\" style=\"background-color:#f4fefa;font-size:19px\">\u0160im m\u0113slam, kuram v\u0101rds ir <strong>Pu\u010de<\/strong>, nav ties\u012bbas atrasties starp cilv\u0113kiem, kur nu v\u0113l starp latvie\u0161iem. Katra god\u012bga cilv\u0113ka uzdevums ir atmaskot \u0161os <strong>4. maija kli\u0137es<\/strong> noziedzniekus un iesp\u013caut vi\u0146iem purn\u0101. <\/p>\n\n\n\n<p class=\"has-black-color has-text-color has-background\" style=\"background-color:#f4fefa;font-size:19px\">Gan jau pien\u0101ks t\u0101 diena, kad vi\u0146a \u013caunums apr\u012bs vi\u0146u pa\u0161u, kop\u0101 ar visiem<strong> jahvistiem<\/strong>.<\/p>\n\n\n\n<p class=\"has-text-align-center has-white-color has-vivid-red-background-color has-text-color has-background has-medium-font-size\"><strong>P.S. <\/strong>Vai nav interesanti tas, ka vi\u0146\u0161 p\u0113c<strong> &#8220;ie\u0137er\u0161an\u0101s kr\u0101g\u0101&#8221; <\/strong>\u010dekistam un slepkavam <strong>Savickim<\/strong>, v\u0113l kl\u012bst pa \u0161o pasauli ? Ja aiz vi\u0146a nest\u0101v\u0113tu <strong>&#8220;Ci\u0101nas gudrie&#8221;<\/strong>, vi\u0146u sen jau t\u0101rpi b\u016btu sagrauzu\u0161i !<\/p>\n\n\n\n<figure class=\"wp-block-image size-large is-resized\"><img decoding=\"async\" loading=\"lazy\" src=\"https:\/\/tautastribunals.eu\/wp-content\/uploads\/2022\/11\/Maris-Ruks.Armands-Poce.Grantins.LRTT_.png\" alt=\"\" class=\"wp-image-63235\" width=\"1450\" height=\"1144\" srcset=\"https:\/\/tautastribunals.eu\/wp-content\/uploads\/2022\/11\/Maris-Ruks.Armands-Poce.Grantins.LRTT_.png 455w, https:\/\/tautastribunals.eu\/wp-content\/uploads\/2022\/11\/Maris-Ruks.Armands-Poce.Grantins.LRTT_-300x237.png 300w\" sizes=\"(max-width: 1450px) 100vw, 1450px\" \/><\/figure>\n\n\n\n<p>28.11.22<\/p>\n\n\n\n<p><\/p>\n","protected":false},"excerpt":{"rendered":"<p>https:\/\/www.pietiek.com\/raksti\/apbrinoju_puces_profesionalitati,_ar_kadu_vins_atmasko_raini\/ Par \u0161o TIPU LRTT jau ir rakst\u012bjis: K\u0101p\u0113c un kam bija vajadz\u012bga t\u0101da gr\u0101mata par Raini ? To pietieko\u0161i saprotami pasaka k\u0101ds koment\u0113t\u0101js, kas ar\u012b ir LRTT viedoklis: Sol\u012b 23.11.2022. 16:49 Gr\u0101mata rakst\u012bta&#46;&#46;&#46;<\/p>\n","protected":false},"author":1,"featured_media":29823,"comment_status":"open","ping_status":"open","sticky":false,"template":"","format":"standard","meta":[],"categories":[1],"tags":[],"_links":{"self":[{"href":"https:\/\/tautastribunals.eu\/index.php?rest_route=\/wp\/v2\/posts\/63218"}],"collection":[{"href":"https:\/\/tautastribunals.eu\/index.php?rest_route=\/wp\/v2\/posts"}],"about":[{"href":"https:\/\/tautastribunals.eu\/index.php?rest_route=\/wp\/v2\/types\/post"}],"author":[{"embeddable":true,"href":"https:\/\/tautastribunals.eu\/index.php?rest_route=\/wp\/v2\/users\/1"}],"replies":[{"embeddable":true,"href":"https:\/\/tautastribunals.eu\/index.php?rest_route=%2Fwp%2Fv2%2Fcomments&post=63218"}],"version-history":[{"count":13,"href":"https:\/\/tautastribunals.eu\/index.php?rest_route=\/wp\/v2\/posts\/63218\/revisions"}],"predecessor-version":[{"id":63239,"href":"https:\/\/tautastribunals.eu\/index.php?rest_route=\/wp\/v2\/posts\/63218\/revisions\/63239"}],"wp:featuredmedia":[{"embeddable":true,"href":"https:\/\/tautastribunals.eu\/index.php?rest_route=\/wp\/v2\/media\/29823"}],"wp:attachment":[{"href":"https:\/\/tautastribunals.eu\/index.php?rest_route=%2Fwp%2Fv2%2Fmedia&parent=63218"}],"wp:term":[{"taxonomy":"category","embeddable":true,"href":"https:\/\/tautastribunals.eu\/index.php?rest_route=%2Fwp%2Fv2%2Fcategories&post=63218"},{"taxonomy":"post_tag","embeddable":true,"href":"https:\/\/tautastribunals.eu\/index.php?rest_route=%2Fwp%2Fv2%2Ftags&post=63218"}],"curies":[{"name":"wp","href":"https:\/\/api.w.org\/{rel}","templated":true}]}}