{"id":63209,"date":"2022-11-26T20:53:42","date_gmt":"2022-11-26T18:53:42","guid":{"rendered":"https:\/\/tautastribunals.eu\/?p=63209"},"modified":"2022-11-26T20:58:01","modified_gmt":"2022-11-26T18:58:01","slug":"parmainas-vini-naski-telo-patriotus","status":"publish","type":"post","link":"https:\/\/tautastribunals.eu\/?p=63209","title":{"rendered":"P\u0101rmai\u0146as: Vi\u0146i naski t\u0113lo patriotus"},"content":{"rendered":"\n<figure class=\"wp-block-image size-large is-resized\"><img decoding=\"async\" loading=\"lazy\" src=\"https:\/\/tautastribunals.eu\/wp-content\/uploads\/2020\/08\/Helsinki-86.-LRTT.-Granti\u0146\u0161.Bord\u0101ns.Stuk\u0101ns-3.png\" alt=\"\" class=\"wp-image-56989\" width=\"1450\" height=\"159\"\/><\/figure>\n\n\n\n<p class=\"has-black-color has-text-color has-background\" style=\"background-color:#e6f9f2;font-size:19px\">Vair\u0101kums joproj\u0101m izv\u0113las nedzird\u0113t tos, kuri jau gadu desmitiem br\u012bdina, ka ir j\u0101atjauno tiesiskums, bet deokup\u0101cija un dekoloniz\u0101cija ir latvie\u0161u tautas dz\u012bv\u012bbas un n\u0101ves jaut\u0101jums.<br>Atk\u0101pe v\u0113stur\u0113:<br>2018.gada 12.decembris \/ forums Vi\u013c\u0146\u0101.<\/p>\n\n\n\n<figure class=\"wp-block-embed is-type-video is-provider-youtube wp-block-embed-youtube wp-embed-aspect-16-9 wp-has-aspect-ratio\"><div class=\"wp-block-embed__wrapper\">\n<div class=\"video-container\"><iframe loading=\"lazy\" title=\"\u0427\u0442\u043e \u0434\u0435\u043b\u0430\u0442\u044c \u0441 \u0440\u0443\u0441\u0441\u043a\u0438\u043c \u0440\u0435\u0439\u0445\u043e\u043c\" width=\"500\" height=\"281\" src=\"https:\/\/www.youtube.com\/embed\/yYhq7Ld2RGI?feature=oembed&#038;wmode=opaque\" frameborder=\"0\" allow=\"accelerometer; autoplay; clipboard-write; encrypted-media; gyroscope; picture-in-picture\" allowfullscreen><\/iframe><\/div>\n<\/div><\/figure>\n\n\n\n<p class=\"has-black-color has-text-color has-background\" style=\"background-color:#e6f7f0;font-size:19px\">K\u0101 redzam ar\u012b pirms \u010detriem gadiem, vair\u0101kums izv\u0113l\u0113j\u0101s neieklaus\u012bties tajos, kuri paz\u012bst mentalit\u0101ti <strong>\u201cvisu taut\u012bbu krieviem\u201d.<\/strong> Bet uz \u0161odienu maksa par nedzird\u0113\u0161anu m\u0113r\u0101ma simtos t\u016bksto\u0161u l\u012b\u0137u, miljoniem b\u0113g\u013cu, sabombard\u0113tas pils\u0113tas un visa<strong> Ukraina <\/strong>iesl\u012bgusi tums\u0101. <\/p>\n\n\n\n<p class=\"has-black-color has-text-color has-background\" style=\"background-color:#e6f7f0;font-size:19px\">Vai tie\u0161\u0101m katram latvietim j\u0101izbauda uz savas \u0101das, lai n\u0101ktu pie saj\u0113gas, kas paties\u012bb\u0101 ir \u0161\u012b kl\u012bsto\u0161\u0101 orda ar saviem pakalpi\u0146iem, sal\u012bdu\u0161iem vis\u0101s valsts strukt\u016br\u0101s. Ar ied\u0113tiem dzeguz\u0113niem, kuri <strong>naski t\u0113lo patriotus<\/strong>, g\u0101\u017eot okupek\u013cus un vis\u0101di cit\u0101di aktiviz\u0113joties, lai nov\u0113rstu uzman\u012bbu pirms asinspirts sar\u012bko\u0161anas, kur\u0101 orda k\u0101rt\u0113jo reizi grib\u0113s pier\u012bties latvie\u0161u asinis.<\/p>\n\n\n\n<p class=\"has-black-color has-text-color has-background\" style=\"background-color:#e6f7f0;font-size:19px\"><br><strong>P.S<\/strong>. uz Jums las\u012bt\u0101j, teiktais noteikti neattiecas, jo esat \u013coti gudrs un izgl\u012btojies komunistu\/\u010dekistu 100% kontrol\u0113taj\u0101s m\u0101c\u012bbu iest\u0101d\u0113s.<\/p>\n\n\n\n<p class=\"has-white-color has-black-background-color has-text-color has-background\" style=\"font-size:26px\">Maza LRTT piebilde<\/p>\n\n\n\n<p class=\"has-black-color has-text-color has-background\" style=\"background-color:#fbe3e9;font-size:19px\">Nedom\u0101ju, ka latvietis to v\u0113las izbaud\u012bt uz savas \u0101das. Tas viss <strong>Latvij\u0101<\/strong> nav tik vienk\u0101r\u0161i k\u0101 izskat\u0101s. Neviens latvietis <strong>Latvij\u0101 <\/strong>nav pie <strong>VARAS GRO\u017dIEM<\/strong>. Visi <strong>L\u0112M\u0112JI<\/strong> un <strong>VARAS STRUKT\u016aRU P\u0100RST\u0100VJI<\/strong> ir jaukte\u0146i vai dzemd\u012bbu namos samain\u012btie un r\u016bp\u012bgi re\u0123istr\u0113tie. Kad sasniegu\u0161i vajadz\u012bgo vecumu, tie tiek ieb\u012bd\u012bti\/ izb\u012bd\u012bti <strong>VAJADZ\u012aGAJAM M\u0112R\u0136IM<\/strong>. <\/p>\n\n\n\n<p class=\"has-black-color has-text-color has-background\" style=\"background-color:#fbe3e9;font-size:19px\">Par to visu rakst\u012bja <strong>Indulis Ronis<\/strong>. Viens no t\u0101diem <strong>&#8220;samain\u012btajiem&#8221; <\/strong>ir<strong> Aivars Garda. <\/strong>Zinot, k\u0101di vizu\u0101li izskat\u012bj\u0101s vi\u0146\u0101 <strong>&#8220;vec\u0101ki&#8221;,<\/strong> tad nerodas nek\u0101das \u0161aubas, ka vi\u0146\u0161 nav savu vec\u0101ku \u012bstais b\u0113rns. K\u0101das izcelsmes izdzimumi ir<strong> &#8220;br\u0101\u013ci&#8221; Rihards Bunka <\/strong>&amp; <strong>Aivars Borovkovs <\/strong>? K\u0101du cilv\u0113c\u012bbu<strong> &#8220;j\u016bs&#8221; <\/strong>no \u0161iem<strong> &#8220;tautie\u0161iem&#8221;<\/strong> gribat sagaid\u012bt ? <\/p>\n\n\n\n<p class=\"has-black-color has-text-color has-background\" style=\"background-color:#fbe3e9;font-size:19px\">\u0160is ir s\u0101tanisma laikmets ! <\/p>\n\n\n\n<p class=\"has-white-color has-black-background-color has-text-color has-background\" style=\"font-size:22px\">Paskatoties uz \u0161iem purniem ir skaidrs- k\u0101dus &#8220;latvie\u0161us&#8221; vi\u0146i p\u0101rst\u0101v&#8230; .<\/p>\n\n\n\n<figure class=\"wp-block-image size-large is-resized\"><img decoding=\"async\" loading=\"lazy\" src=\"https:\/\/tautastribunals.eu\/wp-content\/uploads\/2021\/02\/Laimonis-L.-Grantins.-E.Kramins.-Levits.-Karins-Kopie-800x602.png\" alt=\"\" class=\"wp-image-59750\" width=\"1450\" height=\"1091\" srcset=\"https:\/\/tautastribunals.eu\/wp-content\/uploads\/2021\/02\/Laimonis-L.-Grantins.-E.Kramins.-Levits.-Karins-Kopie-800x602.png 800w, https:\/\/tautastribunals.eu\/wp-content\/uploads\/2021\/02\/Laimonis-L.-Grantins.-E.Kramins.-Levits.-Karins-Kopie-300x226.png 300w, https:\/\/tautastribunals.eu\/wp-content\/uploads\/2021\/02\/Laimonis-L.-Grantins.-E.Kramins.-Levits.-Karins-Kopie-768x578.png 768w, https:\/\/tautastribunals.eu\/wp-content\/uploads\/2021\/02\/Laimonis-L.-Grantins.-E.Kramins.-Levits.-Karins-Kopie.png 807w\" sizes=\"(max-width: 1450px) 100vw, 1450px\" \/><\/figure>\n\n\n\n<figure class=\"wp-block-image size-large is-resized\"><img decoding=\"async\" loading=\"lazy\" src=\"https:\/\/tautastribunals.eu\/wp-content\/uploads\/2018\/11\/BorovkovsGodmanisUlmanisGranti\u0146\u0161.LRTT_-1-800x338.png\" alt=\"\" class=\"wp-image-47438\" width=\"1450\" height=\"613\" srcset=\"https:\/\/tautastribunals.eu\/wp-content\/uploads\/2018\/11\/BorovkovsGodmanisUlmanisGranti\u0146\u0161.LRTT_-1-800x338.png 800w, https:\/\/tautastribunals.eu\/wp-content\/uploads\/2018\/11\/BorovkovsGodmanisUlmanisGranti\u0146\u0161.LRTT_-1-300x127.png 300w, https:\/\/tautastribunals.eu\/wp-content\/uploads\/2018\/11\/BorovkovsGodmanisUlmanisGranti\u0146\u0161.LRTT_-1-768x325.png 768w, https:\/\/tautastribunals.eu\/wp-content\/uploads\/2018\/11\/BorovkovsGodmanisUlmanisGranti\u0146\u0161.LRTT_-1.png 1476w\" sizes=\"(max-width: 1450px) 100vw, 1450px\" \/><\/figure>\n\n\n\n<p>26.11.22<\/p>\n\n\n\n<p><\/p>\n","protected":false},"excerpt":{"rendered":"<p>Vair\u0101kums joproj\u0101m izv\u0113las nedzird\u0113t tos, kuri jau gadu desmitiem br\u012bdina, ka ir j\u0101atjauno tiesiskums, bet deokup\u0101cija un dekoloniz\u0101cija ir latvie\u0161u tautas dz\u012bv\u012bbas un n\u0101ves jaut\u0101jums.Atk\u0101pe v\u0113stur\u0113:2018.gada 12.decembris \/ forums Vi\u013c\u0146\u0101. K\u0101 redzam ar\u012b pirms&#46;&#46;&#46;<\/p>\n","protected":false},"author":1,"featured_media":47754,"comment_status":"open","ping_status":"open","sticky":false,"template":"","format":"standard","meta":[],"categories":[1],"tags":[],"_links":{"self":[{"href":"https:\/\/tautastribunals.eu\/index.php?rest_route=\/wp\/v2\/posts\/63209"}],"collection":[{"href":"https:\/\/tautastribunals.eu\/index.php?rest_route=\/wp\/v2\/posts"}],"about":[{"href":"https:\/\/tautastribunals.eu\/index.php?rest_route=\/wp\/v2\/types\/post"}],"author":[{"embeddable":true,"href":"https:\/\/tautastribunals.eu\/index.php?rest_route=\/wp\/v2\/users\/1"}],"replies":[{"embeddable":true,"href":"https:\/\/tautastribunals.eu\/index.php?rest_route=%2Fwp%2Fv2%2Fcomments&post=63209"}],"version-history":[{"count":5,"href":"https:\/\/tautastribunals.eu\/index.php?rest_route=\/wp\/v2\/posts\/63209\/revisions"}],"predecessor-version":[{"id":63215,"href":"https:\/\/tautastribunals.eu\/index.php?rest_route=\/wp\/v2\/posts\/63209\/revisions\/63215"}],"wp:featuredmedia":[{"embeddable":true,"href":"https:\/\/tautastribunals.eu\/index.php?rest_route=\/wp\/v2\/media\/47754"}],"wp:attachment":[{"href":"https:\/\/tautastribunals.eu\/index.php?rest_route=%2Fwp%2Fv2%2Fmedia&parent=63209"}],"wp:term":[{"taxonomy":"category","embeddable":true,"href":"https:\/\/tautastribunals.eu\/index.php?rest_route=%2Fwp%2Fv2%2Fcategories&post=63209"},{"taxonomy":"post_tag","embeddable":true,"href":"https:\/\/tautastribunals.eu\/index.php?rest_route=%2Fwp%2Fv2%2Ftags&post=63209"}],"curies":[{"name":"wp","href":"https:\/\/api.w.org\/{rel}","templated":true}]}}