{"id":63175,"date":"2022-11-22T22:35:43","date_gmt":"2022-11-22T20:35:43","guid":{"rendered":"https:\/\/tautastribunals.eu\/?p=63175"},"modified":"2022-11-22T22:35:44","modified_gmt":"2022-11-22T20:35:44","slug":"gobzema-gaudas","status":"publish","type":"post","link":"https:\/\/tautastribunals.eu\/?p=63175","title":{"rendered":"Gobzema gaudas"},"content":{"rendered":"\n<figure class=\"wp-block-image size-large is-resized\"><img decoding=\"async\" loading=\"lazy\" src=\"https:\/\/tautastribunals.eu\/wp-content\/uploads\/2020\/08\/Helsinki-86.-LRTT.-Granti\u0146\u0161.Bord\u0101ns.Stuk\u0101ns-2.png\" alt=\"\" class=\"wp-image-56986\" width=\"1450\" height=\"159\"\/><\/figure>\n\n\n\n<p><\/p>\n\n\n\n<h4 class=\"has-text-align-center\"><a href=\"https:\/\/www.pietiek.com\/raksti\/valsts_ir_slikta,_cilveki_ir_slikti,_pensionari_ir_slikti,_veletaji_ir_slikti,_lacplesa_diena_ir_slikta,_es_gan_esmu_lielisks\/\"><span style=\"color:#0d5239\" class=\"has-inline-color\">Aldis Gobzems:<\/span> Valsts ir slikta, cilv\u0113ki ir slikti, pension\u0101ri ir slikti, v\u0113l\u0113t\u0101ji ir slikti, L\u0101\u010dpl\u0113\u0161a diena ir slikta, es gan esmu lielisks<\/a><\/h4>\n\n\n\n<p><small><em><span class=\"has-inline-color has-black-color\">Aldis Gobzems<\/span><\/em><\/small><\/p>\n\n\n\n<p class=\"has-white-color has-vivid-red-background-color has-text-color has-background\" style=\"font-size:30px\">LRTT koment\u0101rs- cionistu manipul\u0101cija<\/p>\n\n\n\n<p class=\"has-black-color has-text-color has-background\" style=\"background-color:#fcebf0;font-size:19px\">Lai man neb\u016btu \u012bsum\u0101 j\u0101atg\u0101dina, kas ir <strong>Gobzems,<\/strong> ievieto\u0161u k\u0101du koment\u0101ru, kas piln\u012bb\u0101 aizst\u0101s manis dom\u0101to ievadu: <\/p>\n\n\n\n<h3 class=\"has-white-color has-black-background-color has-text-color has-background\">Tipiski   <small>13.11.2022. 09:44<\/small><\/h3>\n\n\n\n<p class=\"has-white-color has-black-background-color has-text-color has-background\" style=\"font-size:19px\">Gobzems savas probl\u0113m\u0101s, k\u0101 parasti, atkal vaino visus citus- stulbo vald\u012bbu (kaut pats bija vald\u012bb\u0101), stulbo tautu (kaut pats tak \u010domoj\u0101s ar visiem tautas sl\u0101\u0146iem un visu laiku lika bildes, kur\u0101 novad\u0101 ar ko vi\u0146\u0161 barots un k\u0101 ap\u0123\u0113rbts), bet perfektais Aldis ar uzka\u010d\u0101to presi un p\u016bkaino treni\u0146t\u0113rpu ne pie k\u0101 nav vain\u012bgs. Jo vi\u0146\u0161 ir tik super\u012bgs, ka vi\u0146u visiem ir j\u0101m\u012bl vienk\u0101r\u0161i t\u0101pat vien. Jebkuram dom\u0101jo\u0161am cilv\u0113kam bija skaidrs, ka no tevis nek\u0101ds valstsv\u012brs nesan\u0101ks, bet tu biji saklaus\u012bjies savu elektor\u0101tu, kuram tikai viena rieva smadzen\u0113s un tev lik\u0101s , ka t\u0101 ir visa tauta. Tu labi s\u0101ki, bet nu \u0161it\u0101 visu sadirst, tur vajag talantu. Neviens tevi nav nodevis, tu pats esi vain\u012bgs. \u012asts v\u012brietis to b\u016btu atzinis, bet tu esi b\u0101ba.<\/p>\n\n\n\n<p class=\"has-black-color has-text-color has-background\" style=\"background-color:#f9f0f2;font-size:19px\">Var\u0113tu jau par \u0161o atkritumu nerun\u0101t, ja vi\u0146\u0161 p\u0113c izg\u0101\u0161an\u0101s tur\u0113tu muti&#8230; . Te jau ir jaut\u0101jums: vai vi\u0146am smadzen\u0113s ir pat t\u0101 viena rieva, par kuru run\u0101 k\u0101ds koment\u0113t\u0101js. Vi\u0146\u0161 l\u012bdz \u0161im br\u012bdim v\u0113l nav sapratis, ka ir ticis izmantots, lai \u0161\u0137eltu sabiedr\u012bbu un pie teik\u0161anas paliktu tie,<strong> kurus vi\u0146\u0161 tik me\u017eon\u012bgi \u0161obr\u012bd aprej<\/strong> ! Visi tie<strong> KR\u0100SOTIE AUTOBUSI, <\/strong>bez attiec\u012bgo <strong>ORG\u0100NU <\/strong>atbalsta, vi\u0146am neb\u016btu biju\u0161i pieejami. <\/p>\n\n\n\n<p class=\"has-black-color has-text-color has-background\" style=\"background-color:#f9f0f2;font-size:19px\">\u0160eit notika tas pats standarta variants no <strong>cionistu puses<\/strong>, kas tika izsp\u0113l\u0113ts<strong> V\u0101cij\u0101<\/strong> pirmsp\u0113d\u0113j\u0101s v\u0113l\u0113\u0161an\u0101s. Tautai jau toreiz bija atriebusies <strong>Merkele<\/strong>. Aptauja r\u0101dija, ka vi\u0146a tiks padz\u012bta ar tot\u0101lu negodu. Lai tas nenotiktu, tad <strong>SPD <\/strong>k\u0101 kandid\u0101tu izvirz\u012bja biju\u0161o<strong> EU <\/strong>prezidentu- ekscentrisko tot\u0101lo pamu\u013c\u0137i, <strong>Martinu \u0160ulcu<\/strong> ! Izn\u0101ca tikai sa\u0137ert galvu un balsot par to pa\u0161u \u0161t\u0101zisti<em> &#8220;meiteni&#8221;<\/em><strong>&#8211; Merkeli<\/strong>. <\/p>\n\n\n\n<p class=\"has-black-color has-text-color has-background\" style=\"background-color:#f9f0f2;font-size:19px\">Dro\u0161i vien pats <strong>Gobzems <\/strong>to v\u0113l nav apj\u0113dzis. Nu ne jau no zila gaisa \u010dekas darbinieks <strong>Lato Lapsa<\/strong>, bez vi\u0146a piekri\u0161anas un pie tam v\u0113l ar <strong>TENDENCIOZU<\/strong> virsrakstu, to visu public\u0113ja sav\u0101 vietn\u0113.<strong> Gobzems <\/strong>tiek patais\u012bts par gal\u012bgu \u0101kstu<em>(vi\u0146\u0161, protams, t\u0101ds ar\u012b ir)<\/em>, lai turpm\u0101k vairs nemais\u012btos pa k\u0101j\u0101m. <\/p>\n\n\n\n<p class=\"has-black-color has-text-color has-background\" style=\"background-color:#f9f0f2;font-size:19px\">Neaizmirs\u012bsim k\u0101 \u0161is \u0101ksts, kop\u0101 ar latvie\u0161u tautas slepkavu<strong> A. Borovkovu<\/strong>, piepras\u012bja<strong> V\u0101cijas vald\u012bbai <\/strong>izdot <strong>L. Granti\u0146u <\/strong>ties\u0101\u0161anai <strong>Latvij\u0101<\/strong> ! P\u0113d\u0113j\u0101s v\u0113l\u0113\u0161anas par\u0101da, ka <strong>Latvij\u0101 <\/strong>visu nosaka cionisti. To ar\u012b \u013coti piesardz\u012bg\u0101 veid\u0101 pasac\u012bja J. Bord\u0101ns- sakot, ka vismaz \u010detras partijas ir saist\u012btas ar <strong>Krieviju<\/strong>. <strong>Krievija<\/strong>, ka zin\u0101m, ir<strong> Izra\u0113las &#8220;darba instruments&#8221; <\/strong>! <\/p>\n\n\n\n<p class=\"has-black-color has-text-color has-background\" style=\"background-color:#f9f0f2;font-size:19px\">Visliel\u0101kie<strong> Latvijas izlaup\u012bt\u0101ji <\/strong>palika pie varas !<\/p>\n\n\n\n<p class=\"has-white-color has-vivid-red-background-color has-text-color has-background\" style=\"font-size:30px\">Iz LRTT arh\u012bva par Gobzemu: <\/p>\n\n\n\n<figure class=\"wp-block-embed is-type-wp-embed is-provider-iegult wp-block-embed-iegult\"><div class=\"wp-block-embed__wrapper\">\n<blockquote class=\"wp-embedded-content\" data-secret=\"zcyImjzObB\"><a href=\"https:\/\/tautastribunals.eu\/?p=8608\">M\u0101te &#8220;gaid\u012bja&#8221; d\u0113lu, bet piedzima s\u016bc<\/a><\/blockquote><iframe class=\"wp-embedded-content\" sandbox=\"allow-scripts\" security=\"restricted\" style=\"position: absolute; clip: rect(1px, 1px, 1px, 1px);\" title=\"&#8220;M\u0101te &#8220;gaid\u012bja&#8221; d\u0113lu, bet piedzima s\u016bc&#8221; &#8212; \" src=\"https:\/\/tautastribunals.eu\/?p=8608&#038;embed=true#?secret=zcyImjzObB\" data-secret=\"zcyImjzObB\" width=\"500\" height=\"282\" frameborder=\"0\" marginwidth=\"0\" marginheight=\"0\" scrolling=\"no\"><\/iframe>\n<\/div><\/figure>\n\n\n\n<p class=\"has-text-align-center\" style=\"font-size:22px\"><a href=\"http:\/\/www.diena.lv\/latvija\/viedokli\/gobzems-piedod-ka-esmu-par-tevi-domajis-ka-par-okupantu-13932046\">http:\/\/www.diena.lv\/latvija\/viedokli\/gobzems-piedod-ka-esmu-par-tevi-domajis-ka-par-okupantu-13932046<\/a><\/p>\n\n\n\n<p class=\"has-black-color has-text-color\" style=\"font-size:19px\">Paklausieties, ko<strong> Gobzems<\/strong>, \u0161is gar\u012bgais kastr\u0101ts, liek dar\u012bt latvietim:<\/p>\n\n\n\n<p class=\"has-black-color has-text-color\" style=\"font-size:19px\"><strong>\u201cT\u0101d\u0113\u013c es v\u0113los l\u016bgt latvietim pieiet kl\u0101t krievam un pateikt :<\/strong><em> \u201cPiedod, ka esmu par Tevi dom\u0101jis k\u0101 par okupantu, k\u0101 nelieti un valsts nodev\u0113ju, ka esmu tur\u0113jis aizvainojumu, pat ar\u012b tad, ja man ir bijis pamats. &nbsp;Zini, man \u013coti pat\u012bk Pu\u0161kina dzeja, bet varb\u016bt ar\u012b Tu v\u0113lies iepaz\u012bt Raini vai izcilo Imantu Ziedoni. Es \u013coti gribu Tevi pa\u0146emt l\u012bdzi uz Dziesmusv\u0113tkiem, lai ar\u012b Tev ir iesp\u0113ja nok\u013c\u016bt taj\u0101 ener\u0123ijas kodolreaktor\u0101. Tu zini, es tik \u013coti m\u012blu savu zemi un savu valodu, ka esmu gatavs velt\u012bt laiku, lai pal\u012bdz\u0113tu to Tev apg\u016bt, lai pal\u012bdz\u0113tu Tev iem\u012bl\u0113t latvisko. Es v\u0113los draudz\u0113ties ar Tevi, \u0161odien un vienm\u0113r\u201d.\u201d<\/em><\/p>\n\n\n\n<p>22.11.22<\/p>\n","protected":false},"excerpt":{"rendered":"<p>Aldis Gobzems: Valsts ir slikta, cilv\u0113ki ir slikti, pension\u0101ri ir slikti, v\u0113l\u0113t\u0101ji ir slikti, L\u0101\u010dpl\u0113\u0161a diena ir slikta, es gan esmu lielisks Aldis Gobzems LRTT koment\u0101rs- cionistu manipul\u0101cija Lai man neb\u016btu \u012bsum\u0101 j\u0101atg\u0101dina, kas&#46;&#46;&#46;<\/p>\n","protected":false},"author":1,"featured_media":61306,"comment_status":"open","ping_status":"open","sticky":false,"template":"","format":"standard","meta":[],"categories":[1],"tags":[],"_links":{"self":[{"href":"https:\/\/tautastribunals.eu\/index.php?rest_route=\/wp\/v2\/posts\/63175"}],"collection":[{"href":"https:\/\/tautastribunals.eu\/index.php?rest_route=\/wp\/v2\/posts"}],"about":[{"href":"https:\/\/tautastribunals.eu\/index.php?rest_route=\/wp\/v2\/types\/post"}],"author":[{"embeddable":true,"href":"https:\/\/tautastribunals.eu\/index.php?rest_route=\/wp\/v2\/users\/1"}],"replies":[{"embeddable":true,"href":"https:\/\/tautastribunals.eu\/index.php?rest_route=%2Fwp%2Fv2%2Fcomments&post=63175"}],"version-history":[{"count":10,"href":"https:\/\/tautastribunals.eu\/index.php?rest_route=\/wp\/v2\/posts\/63175\/revisions"}],"predecessor-version":[{"id":63206,"href":"https:\/\/tautastribunals.eu\/index.php?rest_route=\/wp\/v2\/posts\/63175\/revisions\/63206"}],"wp:featuredmedia":[{"embeddable":true,"href":"https:\/\/tautastribunals.eu\/index.php?rest_route=\/wp\/v2\/media\/61306"}],"wp:attachment":[{"href":"https:\/\/tautastribunals.eu\/index.php?rest_route=%2Fwp%2Fv2%2Fmedia&parent=63175"}],"wp:term":[{"taxonomy":"category","embeddable":true,"href":"https:\/\/tautastribunals.eu\/index.php?rest_route=%2Fwp%2Fv2%2Fcategories&post=63175"},{"taxonomy":"post_tag","embeddable":true,"href":"https:\/\/tautastribunals.eu\/index.php?rest_route=%2Fwp%2Fv2%2Ftags&post=63175"}],"curies":[{"name":"wp","href":"https:\/\/api.w.org\/{rel}","templated":true}]}}