{"id":6317,"date":"2011-07-12T21:58:02","date_gmt":"2011-07-12T18:58:02","guid":{"rendered":"http:\/\/tautastribunals.eu\/?p=6317"},"modified":"2011-07-12T21:58:02","modified_gmt":"2011-07-12T18:58:02","slug":"zatlers-iet-muntera-celu","status":"publish","type":"post","link":"https:\/\/tautastribunals.eu\/?p=6317","title":{"rendered":"Zatlers iet Muntera ce\u013cu"},"content":{"rendered":"<p><span style=\"color: #008000\"><strong><img decoding=\"async\" loading=\"lazy\" class=\"alignleft size-full wp-image-6319\" src=\"http:\/\/tautastribunals.eu\/wp-content\/uploads\/2011\/07\/H-86-22.jpg\" alt=\"H-86-2\" width=\"58\" height=\"54\" \/>Zatler<\/strong>, ja m\u012bli savu tautu, tad nedibini <strong><span style=\"text-decoration: underline\">jaunu partiju<\/span><\/strong> un ne\u0161\u0137el<strong>\u00a0TO<\/strong><em> (latvie\u0161u tautu)<\/em>\u00a0!<\/span><\/p>\n<p><span style=\"color: #008000\"><strong>======================================<\/strong><\/span><\/p>\n<h2><span style=\"color: #008000\">\u00a0Vai Zatlers ir latvie\u0161u tautas aizst\u0101vis ?<\/span><\/h2>\n<p><span style=\"color: #008000\">\u00a0<strong>Nu, protams, ka vi\u0146\u0161 nekad t\u0101ds nav bijis un ar\u012b nekad neb\u016bs. <\/strong><\/span><\/p>\n<p><span style=\"color: #008000\"><img decoding=\"async\" loading=\"lazy\" class=\"alignleft size-full wp-image-6323\" src=\"http:\/\/tautastribunals.eu\/wp-content\/uploads\/2011\/07\/aa112.jpg\" alt=\"aa112\" width=\"133\" height=\"194\" \/>Korupto <strong>\u0101rstu Zatleru<\/strong> prezidentos ievilka da\u017ei oligarhi, kuri cie\u0161i saist\u012bti ar biju\u0161o <strong>kompartijas nomenklat\u016bru<\/strong><em>(kgb slepkavu bandu).<\/em> Visa \u0161\u012b <strong>komunistiski krievisk\u0101 nomenklat\u016bra<\/strong> pa\u0161laik atrodas <strong><span style=\"text-decoration: underline\">DP pasp\u0101rn\u0113<\/span><\/strong>. <\/span><\/p>\n<p><span style=\"color: #808000\"><strong><span style=\"color: #000000\">Foto:<\/span><\/strong><span style=\"color: #3366ff\"> <em>\u0160is spruksti\u0146\u0161 dibin\u0101\u0161ot atkal vienu partiju ! Kamd\u0113\u013c nepievienojies VL!, ja esi patriots?<\/em><\/span><\/span><\/p>\n<p><span style=\"color: #008000\">Redzam\u0101kie t\u0101s biedri tepat vien kulst\u0101s pa vald\u012bbas koridoriem ar <strong>Brigmani, Peteru, Borovkovu, Ulmani, Godmani, K\u013cockinu<\/strong> un visu <strong>Latvijas &#8220;b\u0113rzi\u0146u&#8221;<\/strong> bandu, ieskaitot band\u012btu iebalsoto <strong>jauno prezidentu<\/strong> !<\/span><\/p>\n<p><span style=\"color: #008000\">Nu jau biju\u0161ais prezidents <strong>Zatlers <\/strong>esot non\u0101cis pie sl\u0113dziena, ka j\u0101nodibina vi\u0146a person\u012bg\u0101 partija. K\u0101p\u0113c tad ir vajadz\u012bga <strong>atkal !!!<\/strong>\u00a0viena partija ? Pr\u0101ta darbs tas nav, bet ja <strong>&#8220;n\u0101k&#8221;<\/strong> pav\u0113le, tad t\u0101 ir j\u0101pilda. \u0160o pav\u0113li dod pagr\u012bd\u0113 <strong>&#8220;nol\u012bdus\u012b&#8221;<\/strong> kompartija, kuras r\u012bc\u012bb\u0101 ir milzu l\u012bdzek\u013ci un kuras galven\u0101 m\u012btne atrodas <strong>Maskav\u0101<\/strong>. <\/span><\/p>\n<p><span style=\"color: #008000\">\u0160ie milzu l\u012bdzek\u013ci ir <strong><em><span style=\"text-decoration: underline\">nozagti latvie\u0161u tautai<\/span><\/em><\/strong> ar <strong>karginiem<\/strong> un <strong>godma\u0146iem<\/strong> priek\u0161gal\u0101. M\u016bsu <strong>Zatleri\u0146\u0161<\/strong> ta\u010du k\u0101 apdauz\u012bts r\u0101v\u0101s pie <strong>Putina<\/strong> uz Maskavu un spieda <span style=\"text-decoration: underline\"><strong>tam<\/strong> roku l\u012bdz elkonim<\/span>. <\/span><\/p>\n<p><span style=\"color: #008000\">Nekas<strong> T-\u0100-P-A-T Maskav\u0101<\/strong> netiek dar\u012bts !!! <\/span><\/p>\n<p><span style=\"color: #008000\">Lai tikai atceramies, ko <strong>Maskava<\/strong> &#8220;izdar\u012bja&#8221; ar <strong>Munteru <\/strong>? <\/span><\/p>\n<h2><span style=\"color: #008000\">Tas pats tiek turpin\u0101ts ar\u012b v\u0113l\u00a0\u0161odien. <\/span><\/h2>\n<p><span style=\"color: #008000\"><strong>Var teikt:<\/strong> <em><strong>&#8220;Kriev\u017e\u012bdu imp\u0113rij\u0101 viss pa vecam !&#8221;<\/strong><\/em> <\/span><\/p>\n<p><span style=\"color: #008000\">To, ka \u0161\u012b neliet\u012bg\u0101 <strong>Saeima<\/strong> tika atlaista ir tikai apsveicams. Bet runa ir par to, zem k\u0101da iegansta tas tika dar\u012bts ? Un, tad paveras pavisam cita aina. <strong>Saeimas<\/strong> atlai\u0161ana bija no <strong>Maskavas<\/strong> inspir\u0113ta<strong>. Zatlers<\/strong> ta\u010du nep\u0101rprotami izsac\u012bj\u0101s, ka v\u0113las redz\u0113t valdo\u0161aj\u0101 koal\u012bcij\u0101 ar\u012b <strong>SC <\/strong>!!! To pa\u0161u ar\u012b ska\u013ci baz\u016bn\u0113ja <strong>Anglij\u0101<\/strong> saverv\u0113tais <strong>Krievijas a\u0123ents<\/strong>, \u0161odien <strong>SAB <\/strong>vad\u012bt\u0101js <strong>J. Ka\u017eoci\u0146\u0161<\/strong> ! <strong>\u0100bolti\u0146a, \u0160tokenbergs<\/strong> un <strong>\u0112lerte <\/strong>v\u0113las to pa\u0161u ! <\/span><\/p>\n<h2><span style=\"color: #008000\"><img decoding=\"async\" loading=\"lazy\" class=\"alignleft size-full wp-image-6321\" src=\"http:\/\/tautastribunals.eu\/wp-content\/uploads\/2011\/07\/aa3.jpg\" alt=\"aa3\" width=\"295\" height=\"171\" \/>Viss ir smalki izpl\u0101nots, ka p\u0113c \u0101rk\u0101rtas v\u0113l\u0113\u0161an\u0101m Zatlera partija ies kop\u0101 ar SC.<\/span><\/h2>\n<p><span style=\"color: #008000\"><strong>Bet k\u0101 saka:<em><span style=\"text-decoration: underline\"> &#8220;Cilv\u0113ks dom\u0101, bet Dievs dara!&#8221;.<\/span><\/em><\/strong> <\/span><\/p>\n<p><span style=\"color: #008000\"><strong><span style=\"color: #000000\">Foto:<\/span><\/strong> <em><span style=\"color: #3366ff\">\u0160\u012b nebija parasta tik\u0161an\u0101s ! <\/span><\/em><\/span><\/p>\n<p><span style=\"color: #008000\"><em><span style=\"color: #3366ff\">Notika <strong>Muntera <\/strong>&#8220;tipa&#8221; vieno\u0161an\u0101s !!!<\/span><\/em><\/span><\/p>\n<p><span style=\"color: #008000\">Cer\u0113sim, ka <strong>Zatlera <\/strong>un <strong>Urbanovi\u010da<\/strong> pl\u0101ni izg\u0101z\u012bsies un abi reiz st\u0101sies <strong>neatkar\u012bg\u0101s Latvijas\u00a0TIESAS<\/strong> priek\u0161\u0101. Run\u0101jot par to pa\u0161u lo\u0123iku, <strong>Zatlers<\/strong> reiz izteic\u0101s, <strong><em>ka jau b\u0113rnud\u0101rzos<\/em><\/strong> b\u016btu b\u0113rniem j\u0101m\u0101c\u0101s latviski&#8230;. ,tad k\u0101p\u0113c t\u0101dam Zatleram, ja vi\u0146\u0161 b\u016btu <strong>Latvijas<\/strong> un <strong>latvie\u0161u valodas patriots<\/strong>, nepievienoties <strong>VISU LATVIJAI!<\/strong> ? <\/span><\/p>\n<p><span style=\"color: #008000\">Paskatieties tikai, k\u0101dus nelie\u0161us <strong>vi\u0146\u0161<\/strong> jau \u0161odien ap sevi pulc\u0113 ? <\/span><\/p>\n<p><span style=\"color: #008000\">Vi\u0146a komanda jau pirms <strong>partijas dibin\u0101\u0161anas<\/strong> s\u0101k ar <strong>melu g\u016bzmu<\/strong>: <a href=\"http:\/\/www.visulatvijai.lv\/news.php?readmore=1156319673\">http:\/\/www.visulatvijai.lv\/news.php?readmore=1156319673<\/a><\/span><\/p>\n<p><span style=\"color: #008000\">\u00a0<strong>LRTT<\/strong> iesaka katram paanaliz\u0113t <strong>Zatlera<\/strong><em> &#8220;politisk\u0101s gaitas&#8221;<\/em> pirms balsojam par vi\u0146a partiju.<\/span><\/p>\n<h2><span style=\"color: #008000\">Zatlers pats neko nelemj !<\/span><\/h2>\n<p><span style=\"color: #008000\"><strong>Zatlers<\/strong> ir latvie\u0161u tautas <strong><em><span style=\"text-decoration: underline\">\u0161\u0137\u0113l\u0113js <\/span><\/em><\/strong>un <strong><em><span style=\"text-decoration: underline\">nodev\u0113js,<\/span><\/em><\/strong> un k\u0101 t\u0101ds \u0161is <strong>politiskais klauns<\/strong> ar\u012b tiks ties\u0101ts.<\/span><\/p>\n<p><span style=\"color: #008000\"><em>LRTT\u00a0\u00a0\u00a0\u00a0 12.07.2011<\/em><\/span><\/p>\n","protected":false},"excerpt":{"rendered":"<p>Zatler, ja m\u012bli savu tautu, tad nedibini jaunu partiju un ne\u0161\u0137el\u00a0TO (latvie\u0161u tautu)\u00a0! ====================================== \u00a0Vai Zatlers ir latvie\u0161u tautas aizst\u0101vis ? \u00a0Nu, protams, ka vi\u0146\u0161 nekad t\u0101ds nav bijis un ar\u012b nekad neb\u016bs. Korupto&#46;&#46;&#46;<\/p>\n","protected":false},"author":6,"featured_media":0,"comment_status":"open","ping_status":"open","sticky":false,"template":"","format":"standard","meta":[],"categories":[1],"tags":[],"_links":{"self":[{"href":"https:\/\/tautastribunals.eu\/index.php?rest_route=\/wp\/v2\/posts\/6317"}],"collection":[{"href":"https:\/\/tautastribunals.eu\/index.php?rest_route=\/wp\/v2\/posts"}],"about":[{"href":"https:\/\/tautastribunals.eu\/index.php?rest_route=\/wp\/v2\/types\/post"}],"author":[{"embeddable":true,"href":"https:\/\/tautastribunals.eu\/index.php?rest_route=\/wp\/v2\/users\/6"}],"replies":[{"embeddable":true,"href":"https:\/\/tautastribunals.eu\/index.php?rest_route=%2Fwp%2Fv2%2Fcomments&post=6317"}],"version-history":[{"count":17,"href":"https:\/\/tautastribunals.eu\/index.php?rest_route=\/wp\/v2\/posts\/6317\/revisions"}],"predecessor-version":[{"id":6987,"href":"https:\/\/tautastribunals.eu\/index.php?rest_route=\/wp\/v2\/posts\/6317\/revisions\/6987"}],"wp:attachment":[{"href":"https:\/\/tautastribunals.eu\/index.php?rest_route=%2Fwp%2Fv2%2Fmedia&parent=6317"}],"wp:term":[{"taxonomy":"category","embeddable":true,"href":"https:\/\/tautastribunals.eu\/index.php?rest_route=%2Fwp%2Fv2%2Fcategories&post=6317"},{"taxonomy":"post_tag","embeddable":true,"href":"https:\/\/tautastribunals.eu\/index.php?rest_route=%2Fwp%2Fv2%2Ftags&post=6317"}],"curies":[{"name":"wp","href":"https:\/\/api.w.org\/{rel}","templated":true}]}}