{"id":63114,"date":"2022-11-05T11:56:57","date_gmt":"2022-11-05T09:56:57","guid":{"rendered":"https:\/\/tautastribunals.eu\/?p=63114"},"modified":"2022-11-05T11:56:57","modified_gmt":"2022-11-05T09:56:57","slug":"parmainas-ukrainas-zidins","status":"publish","type":"post","link":"https:\/\/tautastribunals.eu\/?p=63114","title":{"rendered":"P\u0101rmai\u0146as. Ukrainas \u017e\u012bdi\u0146\u0161"},"content":{"rendered":"\n<p class=\"has-text-align-center has-white-color has-black-background-color has-text-color has-background\" style=\"font-size:22px\">Ukrainas \u017e\u012bdi\u0146\u0161:<br>Jevreji massada bo\u013c\u0161e nepoi\u0123ot,<br>Vot moi mossada \u2013 \u017eidobanderovskij.<\/p>\n\n\n\n<figure class=\"wp-block-embed is-type-video is-provider-youtube wp-block-embed-youtube wp-embed-aspect-16-9 wp-has-aspect-ratio\"><div class=\"wp-block-embed__wrapper\">\n<div class=\"video-container\"><iframe loading=\"lazy\" title=\"&quot;\u042f \u0445\u043e\u0447\u0443, \u0447\u0442\u043e\u0431 \u0432\u044b \u043f\u043e\u043d\u044f\u043b\u0438, \u0447\u0442\u043e \u0437\u0434\u0435\u0441\u044c \u043f\u0440\u043e\u0438\u0441\u0445\u043e\u0434\u0438\u0442&quot; - \u0411\u043e\u0454\u0446\u044c \u0420\u043e\u043c\u0430\u043d &quot;\u041f\u043e\u0434\u043e\u043b&quot;\" width=\"500\" height=\"281\" src=\"https:\/\/www.youtube.com\/embed\/fRCCyvcTiEc?feature=oembed&#038;wmode=opaque\" frameborder=\"0\" allow=\"accelerometer; autoplay; clipboard-write; encrypted-media; gyroscope; picture-in-picture\" allowfullscreen><\/iframe><\/div>\n<\/div><\/figure>\n\n\n\n<p class=\"has-text-align-center\" style=\"font-size:29px\"><a href=\"https:\/\/youtu.be\/fRCCyvcTiEc\">https:\/\/youtu.be\/fRCCyvcTiEc<\/a><br><\/p>\n\n\n\n<p class=\"has-black-color has-text-color has-background\" style=\"background-color:#f1f6fb;font-size:19px\"><strong>\u201cP\u0101rmai\u0146as\u201d<\/strong> neuzskata p\u0101rmai\u0146as par k\u0101 k\u0101du konkr\u0113tu notikumu, kas iecels m\u016bs saul\u012bt\u0113, bet gan par bezgal\u012bgu procesu, kur\u0101 mijas tautas samierin\u0101\u0161an\u0101s periodi ar tautas pa\u0161apzi\u0146as uzplaiksn\u012bjumiem. P\u0101rmai\u0146as ir biju\u0161as pirms mums un b\u016bs p\u0113c mums, bet p\u0101rmai\u0146\u0101m vispirms j\u0101notiek m\u016bsu galv\u0101s. Un ir par maz saprast, ka nev\u0113lamies vairs dz\u012bvot k\u0101 l\u012bdz \u0161im, ir j\u0101saprot ko gribam, k\u0101 gribam un k\u0101p\u0113c nevaram k\u0101 gribam.<br>P\u0113d\u0113j\u0101s v\u0113l\u0113\u0161anas par\u0101d\u012bja, ka pat kar\u0161<strong> Ukrain\u0101<\/strong> un pa\u0161u atra\u0161an\u0101s <strong>Eiropas <\/strong>lejas gal\u0101, vair\u0101kumu apmierina un nek\u0101das p\u0101rmai\u0146as nav v\u0113lamas. Es to saucu par <strong>\u201ciedarbin\u0101t\u0101s sist\u0113mas pa\u0161pietiekam\u012bbu\u201d,<\/strong> tas ir st\u0101voklis, kad valst\u012b jau tik daudz cilv\u0113ku <strong>\u201csasm\u0113r\u0113ju\u0161ies\u201d<\/strong> vai ir vienaldz\u012bgi <em>(element\u0101rs emp\u0101tijas tr\u016bkums),<\/em> ka demokr\u0101tiski \u0161o pa\u0161apmierin\u0101to masu vairs uzvar\u0113t nav iesp\u0113jams. Protams, ne jau visi tie zag\u013ci un kr\u0101pnieki, liel\u0101k\u0101 da\u013ca ir vienaldz\u012bgo. T\u0101du masu var iecelt saul\u012bt\u0113 ar<strong> D\u0101nijas <\/strong>labkl\u0101j\u012bbas l\u012bmeni, bet p\u0113c da\u017eiem gadu desmitiem, vi\u0146i to b\u016bs to nodz\u012bvoju\u0161i l\u012bdz iepriek\u0161\u0113jam l\u012bmenim, jo sav\u0101s galvi\u0146\u0101s p\u0101rmai\u0146as nav v\u0113l\u0113ju\u0161ies. Iemesli tam var b\u016bt visda\u017e\u0101d\u0101kie, vieniem pat\u012bk okupanti, citus nospie\u017e savu vec\u0101ku gr\u0113ki pag\u0101tn\u0113, v\u0113l citiem pa\u0161u gr\u0113ki pret savu valsti un tautu, bet v\u0113l citi, t\u0101 saucamie <strong>homo sovjetikus<\/strong>, amorfa <em>(jucekl\u012bga) <\/em>\u013cau\u017eu masa bez viedok\u013ca un bez principiem, kuri nekad neko nesaprot un tikai cen\u0161as izdz\u012bvot.<br>Zinu, t\u016bl\u012bt dab\u016b\u0161u no valodas st\u016br\u012b\u0161a. <\/p>\n\n\n\n<p class=\"has-black-color has-text-color has-background\" style=\"background-color:#f1f6fb;font-size:19px\">Paldies, ka k\u0101ds v\u0113l r\u016bp\u0113jaties par valodu, kura ir katastrof\u0101l\u0101 st\u0101vokl\u012b p\u0113c 50 gadu p\u0101rkrievo\u0161anas un bezj\u0113dz\u012bgi uzspiest\u0101 anglicisma, kuram p\u0101ri v\u0113l valsts radio iedibin\u0101t\u0101 <strong>viegl\u0101 valoda priek\u0161 krievu okupantiem.<\/strong> Skol\u0101s jau veidojas savdab\u012bgs sur\u017eiks<em> (jauktenis) <\/em>k\u0101 <strong>Ukrain\u0101,<\/strong> tikai jau no trij\u0101m valod\u0101m, kuru norm\u0101ls cilv\u0113ks vairs nesaprot.<\/p>\n\n\n\n<p class=\"has-white-color has-black-background-color has-text-color has-background\" style=\"font-size:19px\"><br><strong>Pielikums:<\/strong><br>Vai<strong> Latvija <\/strong>tom\u0113r iesaist\u012bta kara noziegumos <strong>Ukrain\u0101 <\/strong>? Atgrie\u017eamies atkal pie <strong>Latvijas<\/strong> \u0101rlietu ministrijas un<strong> Aeroservice<\/strong> valdes priek\u0161s\u0113d\u0113t\u0101ja un paties\u0101 labuma guv\u0113ja<strong> Vja\u010deslava Golubeva dar\u012bjumiem<\/strong>.<br><br><\/p>\n\n\n\n<figure class=\"wp-block-embed is-type-video is-provider-youtube wp-block-embed-youtube wp-embed-aspect-16-9 wp-has-aspect-ratio\"><div class=\"wp-block-embed__wrapper\">\n<div class=\"video-container\"><iframe loading=\"lazy\" title=\"\u0414\u043e\u0441\u0456 \u043d\u0435\u0432\u0456\u0434\u043e\u043c\u0438\u0439 \u0437\u043b\u043e\u0447\u0438\u043d \u0437\u0440\u0430\u0434\u043d\u0438\u043a\u0430 \u0411\u043e\u0433\u0443\u0441\u043b\u0430\u0454\u0432\u0430. \u041a\u043e\u0433\u043e \u0437\u0434\u0430\u0441\u0442\u044c \u0432 \u0441\u0443\u0434\u0456 \u043e\u0447\u0456\u043b\u044c\u043d\u0438\u043a \u041c\u043e\u0442\u043e\u0440 \u0421\u0456\u0447\u0456?\" width=\"500\" height=\"281\" src=\"https:\/\/www.youtube.com\/embed\/TA_E6EXWTG0?feature=oembed&#038;wmode=opaque\" frameborder=\"0\" allow=\"accelerometer; autoplay; clipboard-write; encrypted-media; gyroscope; picture-in-picture\" allowfullscreen><\/iframe><\/div>\n<\/div><\/figure>\n\n\n\n<p class=\"has-white-color has-vivid-red-background-color has-text-color has-background\" style=\"font-size:30px\">LRTT<\/p>\n\n\n\n<p class=\"has-white-color has-vivid-red-background-color has-text-color has-background\" style=\"font-size:19px\">J\u0101, \u0161ie <strong>&#8220;golubevi&#8221;<\/strong> un <strong>&#8220;vja\u010deslavi&#8221;<\/strong> ir sab\u0101zti vis\u0101s iesp\u0113jam\u0101s un neiesp\u0113jam\u0101s viet\u0101s. \u0160ie <strong>haz\u0101ru drazas<\/strong>&#8211; visasi\u0146ain\u0101kie antisem\u012bti, ir k\u0101 m\u0113ris. Tie kuri seko l\u012bdzi notikumiem ir iev\u0113roju\u0161i, k\u0101 <strong>Izra\u0113la<\/strong> sabot\u0113 pal\u012bdz\u012bbu <strong>Ukrainai<\/strong>. Kam\u0113r <strong>Krievija<\/strong> un<strong> Izra\u0113la <\/strong>netiks demont\u0113tas no<strong> GLOBUSA,<\/strong> nekas nemain\u012bsies, pasaul\u0113 turpin\u0101sies l\u012bt nevain\u012bgu cilv\u0113ku asinis.<\/p>\n\n\n\n<figure class=\"wp-block-image size-large is-resized\"><img decoding=\"async\" loading=\"lazy\" src=\"https:\/\/tautastribunals.eu\/wp-content\/uploads\/2022\/08\/Budanovs.Zelenskij-Grantinbs.LRTT_-1.png\" alt=\"\" class=\"wp-image-62698\" width=\"1450\" height=\"883\" srcset=\"https:\/\/tautastribunals.eu\/wp-content\/uploads\/2022\/08\/Budanovs.Zelenskij-Grantinbs.LRTT_-1.png 800w, https:\/\/tautastribunals.eu\/wp-content\/uploads\/2022\/08\/Budanovs.Zelenskij-Grantinbs.LRTT_-1-300x183.png 300w, https:\/\/tautastribunals.eu\/wp-content\/uploads\/2022\/08\/Budanovs.Zelenskij-Grantinbs.LRTT_-1-768x468.png 768w\" sizes=\"(max-width: 1450px) 100vw, 1450px\" \/><\/figure>\n\n\n\n<p>05.11.22<\/p>\n","protected":false},"excerpt":{"rendered":"<p>Ukrainas \u017e\u012bdi\u0146\u0161:Jevreji massada bo\u013c\u0161e nepoi\u0123ot,Vot moi mossada \u2013 \u017eidobanderovskij. https:\/\/youtu.be\/fRCCyvcTiEc \u201cP\u0101rmai\u0146as\u201d neuzskata p\u0101rmai\u0146as par k\u0101 k\u0101du konkr\u0113tu notikumu, kas iecels m\u016bs saul\u012bt\u0113, bet gan par bezgal\u012bgu procesu, kur\u0101 mijas tautas samierin\u0101\u0161an\u0101s periodi ar tautas&#46;&#46;&#46;<\/p>\n","protected":false},"author":1,"featured_media":62696,"comment_status":"open","ping_status":"open","sticky":false,"template":"","format":"standard","meta":[],"categories":[1],"tags":[],"_links":{"self":[{"href":"https:\/\/tautastribunals.eu\/index.php?rest_route=\/wp\/v2\/posts\/63114"}],"collection":[{"href":"https:\/\/tautastribunals.eu\/index.php?rest_route=\/wp\/v2\/posts"}],"about":[{"href":"https:\/\/tautastribunals.eu\/index.php?rest_route=\/wp\/v2\/types\/post"}],"author":[{"embeddable":true,"href":"https:\/\/tautastribunals.eu\/index.php?rest_route=\/wp\/v2\/users\/1"}],"replies":[{"embeddable":true,"href":"https:\/\/tautastribunals.eu\/index.php?rest_route=%2Fwp%2Fv2%2Fcomments&post=63114"}],"version-history":[{"count":5,"href":"https:\/\/tautastribunals.eu\/index.php?rest_route=\/wp\/v2\/posts\/63114\/revisions"}],"predecessor-version":[{"id":63119,"href":"https:\/\/tautastribunals.eu\/index.php?rest_route=\/wp\/v2\/posts\/63114\/revisions\/63119"}],"wp:featuredmedia":[{"embeddable":true,"href":"https:\/\/tautastribunals.eu\/index.php?rest_route=\/wp\/v2\/media\/62696"}],"wp:attachment":[{"href":"https:\/\/tautastribunals.eu\/index.php?rest_route=%2Fwp%2Fv2%2Fmedia&parent=63114"}],"wp:term":[{"taxonomy":"category","embeddable":true,"href":"https:\/\/tautastribunals.eu\/index.php?rest_route=%2Fwp%2Fv2%2Fcategories&post=63114"},{"taxonomy":"post_tag","embeddable":true,"href":"https:\/\/tautastribunals.eu\/index.php?rest_route=%2Fwp%2Fv2%2Ftags&post=63114"}],"curies":[{"name":"wp","href":"https:\/\/api.w.org\/{rel}","templated":true}]}}