{"id":63031,"date":"2022-10-18T18:33:54","date_gmt":"2022-10-18T15:33:54","guid":{"rendered":"https:\/\/tautastribunals.eu\/?p=63031"},"modified":"2022-10-18T18:43:36","modified_gmt":"2022-10-18T15:43:36","slug":"par-kadu-mauku-gan-politisko-gan-tiri-sabiedriski-sadzivisko","status":"publish","type":"post","link":"https:\/\/tautastribunals.eu\/?p=63031","title":{"rendered":"Par k\u0101du mauku- gan politisko gan t\u012bri sabiedriski sadz\u012bvisko !"},"content":{"rendered":"\n<figure class=\"wp-block-image size-large is-resized\"><img decoding=\"async\" loading=\"lazy\" src=\"https:\/\/tautastribunals.eu\/wp-content\/uploads\/2020\/08\/Helsinki-86.-LRTT.-Granti\u0146\u0161.Bord\u0101ns.Stuk\u0101ns-7.png\" alt=\"\" class=\"wp-image-57111\" width=\"1450\" height=\"159\"\/><\/figure>\n\n\n\n<p class=\"has-text-align-center has-white-color has-text-color has-background has-medium-font-size\" style=\"background-color:#164a37\">Ir jau nep\u0101rprotami sac\u012bts <strong>&#8220;k\u0101d\u0101&#8221; Gr\u0101mat\u0101:<\/strong> Un p\u0113d\u0113j\u0101 laik\u0101 vi\u0146am- <strong>S\u0101tanam<\/strong>, tiks dota liela vara, bet uz \u012bsu laiku. Daudzas reizes, ja m\u0113s akt\u012bvi v\u0113rojam <strong>Pasaules notikumus, <\/strong>tad gandr\u012bz vai j\u0101s\u0101k dom\u0101t, ka<strong> SV\u0112TO RAKSTU APKOPOJUMS <\/strong>ir pamatots tie\u0161i uz notikumiem <strong>Latvij\u0101.<\/strong> Nu nevar Vi\u0146us<em>(\u0161os rakstus) <\/em>attiecin\u0101t uz <strong>Igauniju, Lietuvu, Somiju <\/strong>vai pat <strong>Mozambiku,<\/strong> bet uz<strong> Latviju un Krieviju<\/strong>&#8211; nu vienk\u0101r\u0161i v\u0101rds v\u0101rd\u0101.<\/p>\n\n\n\n<figure class=\"wp-block-image size-large is-resized\"><img decoding=\"async\" loading=\"lazy\" src=\"https:\/\/tautastribunals.eu\/wp-content\/uploads\/2022\/10\/Veidemane.Lapsa_.LRTT_-705x800.png\" alt=\"\" class=\"wp-image-63032\" width=\"1450\" height=\"1645\" srcset=\"https:\/\/tautastribunals.eu\/wp-content\/uploads\/2022\/10\/Veidemane.Lapsa_.LRTT_-705x800.png 705w, https:\/\/tautastribunals.eu\/wp-content\/uploads\/2022\/10\/Veidemane.Lapsa_.LRTT_-264x300.png 264w, https:\/\/tautastribunals.eu\/wp-content\/uploads\/2022\/10\/Veidemane.Lapsa_.LRTT_-768x872.png 768w, https:\/\/tautastribunals.eu\/wp-content\/uploads\/2022\/10\/Veidemane.Lapsa_.LRTT_.png 947w\" sizes=\"(max-width: 1450px) 100vw, 1450px\" \/><\/figure>\n\n\n\n<p class=\"has-text-align-center has-white-color has-text-color has-background has-medium-font-size\" style=\"background-color:#116546\">Kas tad ir \u0161\u012b <strong>E. Veidemane <\/strong>? Band\u012bta un<strong> Latvijas <\/strong>valsts mega- izlaup\u012bt\u0101ja jebreja <strong>A. Lemberga<\/strong> av\u012bzes galven\u0101<em>(galven\u0101, bet ne vietniece) <\/em>redaktore ! Solovjovveid\u012bg\u0101 propagandiste, kura non\u0101ks uz aps\u016bdz\u0113to sola<strong> H\u0101g\u0101<\/strong> !<\/p>\n\n\n\n<figure class=\"wp-block-image size-large is-resized\"><img decoding=\"async\" loading=\"lazy\" src=\"https:\/\/tautastribunals.eu\/wp-content\/uploads\/2018\/10\/Godmanis-Radz\u0113vi\u010dsUrbanovi\u010dsGranti\u0146\u0161.LRTTKalnieteVeidemane..png\" alt=\"\" class=\"wp-image-46929\" width=\"1450\" height=\"794\" srcset=\"https:\/\/tautastribunals.eu\/wp-content\/uploads\/2018\/10\/Godmanis-Radz\u0113vi\u010dsUrbanovi\u010dsGranti\u0146\u0161.LRTTKalnieteVeidemane..png 601w, https:\/\/tautastribunals.eu\/wp-content\/uploads\/2018\/10\/Godmanis-Radz\u0113vi\u010dsUrbanovi\u010dsGranti\u0146\u0161.LRTTKalnieteVeidemane.-300x164.png 300w\" sizes=\"(max-width: 1450px) 100vw, 1450px\" \/><\/figure>\n\n\n\n<p class=\"has-black-color has-text-color has-background\" style=\"background-color:#f0f7f4;font-size:19px\">Par vi\u0146u <strong>LRTT <\/strong>vietn\u0113 ir rakst\u012bts \u013coti daudz, bet tiem, kuri \u0161eit iegriezu\u0161ies pirmo reizi, atk\u0101rto\u0161u p\u0101ris teikumos. <strong>Akt\u012bv\u0101s Atmodas<\/strong> laika<strong> VDK<\/strong> \u0161tata darbiniece. <strong>Atmodas<\/strong> laik\u0101 kop\u0101 ar t\u0101du pa\u0161u <strong>VDK <\/strong>algotu darbinieku <strong>Ivaru Godmani<\/strong> pild\u012bja<strong> LPSR Augst\u0101k\u0101s Padomes<\/strong><em>(t\u0101tad, VDK)<\/em> nor\u0101d\u012bjumus. Dz\u012bvoja kop\u0101 un piekopa mauc\u012bbu ar <strong>Godmani<\/strong>. Pret\u012bga nodev\u012bbas kreat\u016bra, kura pat nekaun\u0113j\u0101s sarakst\u012bt <strong>\u201crom\u0101nu\u201d- \u201cV\u012brie\u0161i man\u0101 dz\u012bv\u0113\u201d<\/strong>. Atkl\u0101ti st\u0101st\u012bja radio raid\u012bjum\u0101, k\u0101 vi\u0146a slepeni film\u0113jusi<strong> Godmani,<\/strong> kad tas k\u0101 trusis <strong>\u201ddar\u012bjies uz vi\u0146as\u201d<\/strong> ! Kaut ko t\u0101du var at\u013cauties tikai orkas- haz\u0101r\u017e\u012bdi<em>(antisem\u012bti),<\/em> kuri \u0161odien slepkavo ukrai\u0146us. <\/p>\n\n\n\n<figure class=\"wp-block-image size-large is-resized\"><img decoding=\"async\" loading=\"lazy\" src=\"https:\/\/tautastribunals.eu\/wp-content\/uploads\/2020\/11\/I.-Godmanis-G.-Ulmanis-berzins-VVF-Latvija.jpg\" alt=\"\" class=\"wp-image-58634\" width=\"1450\" height=\"959\" srcset=\"https:\/\/tautastribunals.eu\/wp-content\/uploads\/2020\/11\/I.-Godmanis-G.-Ulmanis-berzins-VVF-Latvija.jpg 655w, https:\/\/tautastribunals.eu\/wp-content\/uploads\/2020\/11\/I.-Godmanis-G.-Ulmanis-berzins-VVF-Latvija-300x198.jpg 300w\" sizes=\"(max-width: 1450px) 100vw, 1450px\" \/><\/figure>\n\n\n\n<p class=\"has-black-color has-text-color has-background\" style=\"background-color:#f0f7f4;font-size:19px\">Piedal\u012bjusies sava civilv\u012bra <strong>Br\u012bzes \u201cnov\u0101k\u0161an\u0101\u201d,<\/strong> jo tas t\u0101pat k\u0101 <strong>Biruta Loze,<\/strong> tuv\u0101kaj\u0101s dien\u0101s tais\u012bj\u0101s laist klaj\u0101 patriotisku <strong>MJUZIKLU latvie\u0161u jaunatnei<\/strong>. Tas nedr\u012bkst\u0113ja notikt un kop\u0101 ar savu draugu- <strong>VDK <\/strong>darbinieku no <strong>5. noda\u013cas<\/strong><em>(5. noda\u013ca bija tie\u0161i atbild\u012bga par disidentu likvid\u0113\u0161anu)<\/em> <strong>Indriksonu,<\/strong> aizraid\u012bja <strong>Vi\u0146saul\u0113 Br\u012bzi<\/strong> ! <\/p>\n\n\n\n<figure class=\"wp-block-embed is-type-wp-embed is-provider-iegult wp-block-embed-iegult\"><div class=\"wp-block-embed__wrapper\">\n<blockquote class=\"wp-embedded-content\" data-secret=\"WlJwfY9dFf\"><a href=\"https:\/\/tautastribunals.eu\/?p=16497\">Par A. Br\u012bzes slepkav\u012bbu b\u016bs j\u0101maks\u0101 d\u0101rgi<\/a><\/blockquote><iframe class=\"wp-embedded-content\" sandbox=\"allow-scripts\" security=\"restricted\" style=\"position: absolute; clip: rect(1px, 1px, 1px, 1px);\" title=\"&#8220;Par A. Br\u012bzes slepkav\u012bbu b\u016bs j\u0101maks\u0101 d\u0101rgi&#8221; &#8212; \" src=\"https:\/\/tautastribunals.eu\/?p=16497&#038;embed=true#?secret=WlJwfY9dFf\" data-secret=\"WlJwfY9dFf\" width=\"500\" height=\"282\" frameborder=\"0\" marginwidth=\"0\" marginheight=\"0\" scrolling=\"no\"><\/iframe>\n<\/div><\/figure>\n\n\n\n<p class=\"has-black-color has-text-color has-background\" style=\"background-color:#f0f7f4;font-size:19px\">Haz\u0101riem un komunistiem- \u010dekistiem, cilv\u0113cisk\u0101s j\u016btas ir sve\u0161as, jo vi\u0146i p\u0101rst\u0101v <strong>s\u0101tanisko pasauli<\/strong>. \u0160odien \u0161ie \u0123en\u0113tiskie cilv\u0113ces atkritumi ir piln\u012bb\u0101 nodro\u0161in\u0101ju\u0161i savu dro\u0161\u012bbu <strong>Latvij\u0101. <\/strong>Visas vi\u0146u kori\u0123\u0113t\u0101s partijas ir ieguvu\u0161as nospiedo\u0161o vair\u0101kumu. \u0160ie dra\u0146ki ar entuziasmu cen\u0161as t\u0113lot <strong>Latvijas patriotus,<\/strong> t\u0101pat k\u0101 <strong>Ukrainas<\/strong> prezidents haz\u0101rs<strong> Ze\u013censkis<\/strong> ar savu draugu pus-haz\u0101ru <strong>Jermaku. <\/strong>\u0160is raksts par \u0161o drazu rad\u0101s t\u0101p\u0113c, ka <strong>Feisbuk\u0101 <\/strong>bija ievietots vi\u0146as<strong> GARA \u0161edevrs<\/strong>, kur katrs teikums bija pretrun\u0101 ar iepriek\u0161\u0113jo. Dom\u0101ts laikam priek\u0161 nacion\u0101l- jefi\u0146iem, par k\u0101diem \u0161\u012b samazga uzskata visus latvie\u0161us. T\u0101du trulumu var uzrakst\u012bt tikai idiots, vai provokators. \u0160in\u012b gad\u012bjum\u0101 ar p\u0101rliec\u012bbu varam sac\u012bt, ka vi\u0146a ir gan idiots, gan ar\u012b provokators. Ja vi\u0146a neb\u016btu idiots, tad tik seklu provok\u0101ciju neb\u016btu publiskojusi. <\/p>\n\n\n\n<p class=\"has-black-color has-text-color has-background\" style=\"background-color:#f0f7f4;font-size:19px\">Vi\u0146a piemin nabaga <strong>Bin Ladinu<\/strong>&#8211; pret\u012bm liekot <strong>Putinu.<\/strong> Apvaino <strong>Rietumus <\/strong>g\u013c\u0113vum\u0101, pat cit\u0113jot <strong>Piontkovski.<\/strong> Cit\u0113jums ir piln\u012bgi neviet\u0101, jo <strong>Piontkovskis<\/strong> to sac\u012bja pavisam cit\u0101 aspekt\u0101, bet nabaga <strong>latvietis vienk\u0101r\u0161ais<\/strong> ta\u010du to nezina un t\u0101p\u0113c var \u0161o provok\u0101ciju izplat\u012bt. Padom\u0101jiet, k\u0101 var sal\u012bdzin\u0101t <strong>Bin Ladinu,<\/strong> kuram bija tikai kala\u0161\u0146ikovi un <strong>\u201cmuca\u201d <\/strong>dinam\u012bts ar <strong>Putinu,<\/strong> kuram ir vair\u0101k atom bumbu, k\u0101 visai pasaulei kop\u0101 ? <\/p>\n\n\n\n<p class=\"has-black-color has-text-color has-background\" style=\"background-color:#f0f7f4;font-size:19px\"><strong>Rietumi <\/strong>pal\u012bdz <strong>Ukrainai<\/strong> neiedom\u0101jamos tempos ! Asto\u0146os m\u0113ne\u0161os <strong>Ukrainas armija<\/strong> ir patais\u012bta par pasaul\u0113 sp\u0113c\u012bg\u0101ko ! T\u016bksto\u0161iem<strong> Ukrainas<\/strong> zald\u0101ti tiek apm\u0101c\u012bti un ekip\u0113ti \u0101rzem\u0113s. Tiek doti iero\u010di, lai piln\u012bb\u0101 padz\u012btu<strong> krievu orkas <\/strong>no <strong>Ukrainas<\/strong>. Tiek dar\u012bts viss<em>(ar sankcij\u0101m), <\/em>lai <strong>Krievija <\/strong>sabruktu no iek\u0161puses, kas ar\u012b ir visu m\u016bsu m\u0113r\u0137is<em>(nepie\u013caut atomkaru)<\/em>, bet tikai ne <strong>Izra\u0113las- haz\u0101ru mafijas. Izra\u0113la<\/strong> v\u0113l l\u012bdz \u0161odienai nav atkl\u0101ti nosod\u012bjusi <strong>Krieviju ! <\/strong>Vi\u0146as propagandisti brauc uz<strong> Krieviju <\/strong>un uzst\u0101jas<strong> Solovjova <\/strong>balag\u0101nos pret<strong> Ukrainu. <\/strong>L\u016bk, te tad ar\u012b sl\u0113pjas haz\u0101rietes <strong>Veidemanes <\/strong>apzin\u0101tais idiotisms priek\u0161 politiski neizgl\u012btot\u0101 latvie\u0161a. <\/p>\n\n\n\n<p class=\"has-black-color has-text-color has-background\" style=\"background-color:#f0f7f4;font-size:19px\">Un, kas ir visi \u0161ie <strong>dzintari, leviti, kari\u0146i<\/strong>\u2026., tie pa\u0161i nelatvie\u0161i, kuri uzdevu\u0161ies par latvie\u0161iem ! Vi\u0146i visi ir vienas <strong>BAZN\u012aCAS <\/strong>kalpi- <strong>suharenkovisti<\/strong> ! Un atkal j\u0101cit\u0113 <strong>\u201ck\u0101da\u201d Gr\u0101mata<\/strong>: Tas <strong>Kungs <\/strong>pasteigsies, jo sav\u0101d\u0101k tiks izn\u012bcin\u0101ta pasaule ! Mums atliek vien\u012bgi cer\u0113t, ka teiktais piepild\u012bsies\u2026 .<\/p>\n\n\n\n<p class=\"has-black-color has-text-color has-background\" style=\"background-color:#f0f7f4;font-size:19px\">Dievs, m\u016bsu zeme deg, pasteidzies !<\/p>\n\n\n\n<p>18.10.22<\/p>\n\n\n\n<p class=\"has-text-align-center has-white-color has-vivid-red-background-color has-text-color has-background\" style=\"font-size:26px\">V\u0101cij\u0101 haz\u0101r\u017e\u012bdenes Merkeles nedienas, kas var beigties ar H\u0101gu ! Mums priek\u0161\u0101 st\u0101v v\u0113sturisk\u0101 att\u012br\u012b\u0161an\u0101s no j\u016bdaisk\u0101s Pasaules k\u0101rt\u012bbas. Gaisma un Paties\u012bba uzvar\u0113s ! <\/p>\n\n\n\n<figure class=\"wp-block-embed is-type-video is-provider-youtube wp-block-embed-youtube wp-embed-aspect-16-9 wp-has-aspect-ratio\"><div class=\"wp-block-embed__wrapper\">\n<div class=\"video-container\"><iframe loading=\"lazy\" title=\"\u0412 \u043d\u0435\u0434\u0440\u0430\u0445 \u0441\u0432\u0435\u0440\u0445\u0441\u0435\u043a\u0440\u0435\u0442\u043d\u043e\u0433\u043e \u0434\u043e\u043a\u043b\u0430\u0434\u0430\" width=\"500\" height=\"281\" src=\"https:\/\/www.youtube.com\/embed\/3wlhLOyvIBs?feature=oembed&#038;wmode=opaque\" frameborder=\"0\" allow=\"accelerometer; autoplay; clipboard-write; encrypted-media; gyroscope; picture-in-picture\" allowfullscreen><\/iframe><\/div>\n<\/div><\/figure>\n\n\n\n<p><\/p>\n","protected":false},"excerpt":{"rendered":"<p>Ir jau nep\u0101rprotami sac\u012bts &#8220;k\u0101d\u0101&#8221; Gr\u0101mat\u0101: Un p\u0113d\u0113j\u0101 laik\u0101 vi\u0146am- S\u0101tanam, tiks dota liela vara, bet uz \u012bsu laiku. Daudzas reizes, ja m\u0113s akt\u012bvi v\u0113rojam Pasaules notikumus, tad gandr\u012bz vai j\u0101s\u0101k dom\u0101t, ka SV\u0112TO&#46;&#46;&#46;<\/p>\n","protected":false},"author":1,"featured_media":56276,"comment_status":"open","ping_status":"open","sticky":false,"template":"","format":"standard","meta":[],"categories":[1],"tags":[],"_links":{"self":[{"href":"https:\/\/tautastribunals.eu\/index.php?rest_route=\/wp\/v2\/posts\/63031"}],"collection":[{"href":"https:\/\/tautastribunals.eu\/index.php?rest_route=\/wp\/v2\/posts"}],"about":[{"href":"https:\/\/tautastribunals.eu\/index.php?rest_route=\/wp\/v2\/types\/post"}],"author":[{"embeddable":true,"href":"https:\/\/tautastribunals.eu\/index.php?rest_route=\/wp\/v2\/users\/1"}],"replies":[{"embeddable":true,"href":"https:\/\/tautastribunals.eu\/index.php?rest_route=%2Fwp%2Fv2%2Fcomments&post=63031"}],"version-history":[{"count":12,"href":"https:\/\/tautastribunals.eu\/index.php?rest_route=\/wp\/v2\/posts\/63031\/revisions"}],"predecessor-version":[{"id":63054,"href":"https:\/\/tautastribunals.eu\/index.php?rest_route=\/wp\/v2\/posts\/63031\/revisions\/63054"}],"wp:featuredmedia":[{"embeddable":true,"href":"https:\/\/tautastribunals.eu\/index.php?rest_route=\/wp\/v2\/media\/56276"}],"wp:attachment":[{"href":"https:\/\/tautastribunals.eu\/index.php?rest_route=%2Fwp%2Fv2%2Fmedia&parent=63031"}],"wp:term":[{"taxonomy":"category","embeddable":true,"href":"https:\/\/tautastribunals.eu\/index.php?rest_route=%2Fwp%2Fv2%2Fcategories&post=63031"},{"taxonomy":"post_tag","embeddable":true,"href":"https:\/\/tautastribunals.eu\/index.php?rest_route=%2Fwp%2Fv2%2Ftags&post=63031"}],"curies":[{"name":"wp","href":"https:\/\/api.w.org\/{rel}","templated":true}]}}