{"id":62885,"date":"2022-09-07T20:35:21","date_gmt":"2022-09-07T17:35:21","guid":{"rendered":"https:\/\/tautastribunals.eu\/?p=62885"},"modified":"2022-09-07T20:51:58","modified_gmt":"2022-09-07T17:51:58","slug":"parmainas-nodeveji-nanosit-taja-vieta-kur-satikti","status":"publish","type":"post","link":"https:\/\/tautastribunals.eu\/?p=62885","title":{"rendered":"P\u0101rmai\u0146as. Nodev\u0113ji j\u0101nosit taj\u0101 viet\u0101, kur satikti"},"content":{"rendered":"\n<figure class=\"wp-block-image size-large is-resized\"><img decoding=\"async\" loading=\"lazy\" src=\"https:\/\/tautastribunals.eu\/wp-content\/uploads\/2021\/02\/melns.-www.tautastribunals.eu-14111-800x112.png\" alt=\"\" class=\"wp-image-59495\" width=\"1450\" height=\"203\" srcset=\"https:\/\/tautastribunals.eu\/wp-content\/uploads\/2021\/02\/melns.-www.tautastribunals.eu-14111-800x112.png 800w, https:\/\/tautastribunals.eu\/wp-content\/uploads\/2021\/02\/melns.-www.tautastribunals.eu-14111-300x42.png 300w, https:\/\/tautastribunals.eu\/wp-content\/uploads\/2021\/02\/melns.-www.tautastribunals.eu-14111-768x108.png 768w, https:\/\/tautastribunals.eu\/wp-content\/uploads\/2021\/02\/melns.-www.tautastribunals.eu-14111.png 950w\" sizes=\"(max-width: 1450px) 100vw, 1450px\" \/><\/figure>\n\n\n\n<p><\/p>\n\n\n\n<p class=\"has-white-color has-black-background-color has-text-color has-background has-medium-font-size\">K\u0101 jau ne reizi vien ir sac\u012bts <strong>LRTT,<\/strong> tautas nodev\u0113ji (t\u0101 pat k\u0101 sve\u0161zemju marodieri) ir j\u0101nosit taj\u0101 viet\u0101, kur satikti. <strong>Ze\u013censka <\/strong>vald\u012bbas sadarb\u012bba ar zoci\u0101ldemokr\u0101tiem, t\u0101 saucamo <strong>\u041e\u041f\u0417\u0416 <\/strong><em>(Medve\u010duka).<\/em><br><br><\/p>\n\n\n\n<figure class=\"wp-block-embed is-type-video is-provider-youtube wp-block-embed-youtube wp-embed-aspect-16-9 wp-has-aspect-ratio\"><div class=\"wp-block-embed__wrapper\">\n<div class=\"video-container\"><iframe loading=\"lazy\" title=\"\u041a\u0443\u0434\u0430 \u043f\u0440\u043e\u043f\u0430\u0434\u0430\u0435\u0442 \u043f\u043e\u043b\u043e\u0432\u0438\u043d\u0430 \u043a\u0443\u043f\u043b\u0435\u043d\u043d\u043e\u0433\u043e \u043e\u0440\u0443\u0436\u0438\u044f\" width=\"500\" height=\"281\" src=\"https:\/\/www.youtube.com\/embed\/NDUm1kjFM5g?feature=oembed&#038;wmode=opaque\" frameborder=\"0\" allow=\"accelerometer; autoplay; clipboard-write; encrypted-media; gyroscope; picture-in-picture\" allowfullscreen><\/iframe><\/div>\n<\/div><\/figure>\n\n\n\n<p class=\"has-white-color has-black-background-color has-text-color has-background has-medium-font-size\">\u0160vecs apstiprina to pa\u0161u.<br><br><\/p>\n\n\n\n<figure class=\"wp-block-embed is-type-video is-provider-youtube wp-block-embed-youtube wp-embed-aspect-16-9 wp-has-aspect-ratio\"><div class=\"wp-block-embed__wrapper\">\n<div class=\"video-container\"><iframe loading=\"lazy\" title=\"\u201c\u041f\u044f\u0442\u0430\u044f \u043a\u043e\u043b\u043e\u043d\u043d\u0430\u201d\u043f\u0440\u043e\u0442\u0438\u0432 \u0433\u0435\u043d\u0435\u0440\u0430\u043b\u0430 \u041a\u0440\u0438\u0432\u043e\u043d\u043e\u0441\u0430 \/ \u041f\u043e\u0434\u0440\u044b\u0432 \u043e\u0431\u043e\u0440\u043e\u043d\u043e\u0441\u043f\u043e\u0441\u043e\u0431\u043d\u043e\u0441\u0442\u0438  \/ \u041e\u043c\u0430\u043d \/\/ \u2116310 - \u042e\u0440\u0438\u0439 \u0428\u0432\u0435\u0446\" width=\"500\" height=\"281\" src=\"https:\/\/www.youtube.com\/embed\/VbUqnBQ0icM?feature=oembed&#038;wmode=opaque\" frameborder=\"0\" allow=\"accelerometer; autoplay; clipboard-write; encrypted-media; gyroscope; picture-in-picture\" allowfullscreen><\/iframe><\/div>\n<\/div><\/figure>\n\n\n\n<p class=\"has-white-color has-vivid-red-background-color has-text-color has-background\" style=\"font-size:26px\">Vai Latvijai ar\u012b tas vajadz\u012bgs ?<\/p>\n\n\n\n<p class=\"has-white-color has-black-background-color has-text-color has-background has-medium-font-size\">Ja jau pa\u0161laik diskusij\u0101s par okupek\u013ca nov\u0101k\u0161anu, izskan aicin\u0101jumi pielikt punktu 30 gadus ilgu\u0161ajam genoc\u012bdam pret krieviem, kas<strong> Donbas\u0101 <\/strong>esot ildzis <strong>tikai 8 gadus,<\/strong> t\u0101d\u0113\u013c <strong>Latvij\u0101 <\/strong>steidzami esot nepiecie\u0161ama <strong>denacifik\u0101cija<\/strong> un atbru\u0146o\u0161ana. <\/p>\n\n\n\n<p class=\"has-white-color has-black-background-color has-text-color has-background has-medium-font-size\">Var jau par \u0161o pasmaid\u012bt un pa\u0161apmierin\u0101ti sac\u012bt, ka m\u016bs sarg\u0101<strong> 5.pants<\/strong>, bet j\u0101apzin\u0101s to nesam\u0113r\u012bgi milz\u012bgo un naid\u012bgo masu ar <strong>\u201cnaturaliz\u0113ta pilso\u0146a\u201d <\/strong>ties\u012bb\u0101m, kas gatavi m\u016bs noslauc\u012bt no zemes virsas. Neaizmirs\u012bsim, ka ar\u012b ekonomika ir faktiski ienaidnieku un kolaborantu rok\u0101s.<\/p>\n\n\n\n<p>07.09.22<\/p>\n\n\n\n<p class=\"has-white-color has-vivid-red-background-color has-text-color has-background\" style=\"font-size:28px\">LRTT<\/p>\n\n\n\n<p class=\"has-white-color has-vivid-red-background-color has-text-color has-background has-medium-font-size\">Pagaid\u0101m aiz visa t\u0101,- aiz ze\u013censkiem, levitiem &amp; Co, st\u0101v Izra\u0113la- cionisms. To ar\u012b \u0161is pats \u0160vecs labi zin, bet baid\u0101s pat muti pav\u0113rt. K\u0101 jau reiz sac\u012bju, vi\u0146\u0161 manu koment\u0101ru izdz\u0113sa un n\u0101ko\u0161aj\u0101 dien\u0101 man veselu m\u0113nesi liedza Jetube koment\u0113t. Par to, ka es par to run\u0101ju atkl\u0101ti, mani ties\u0101 un ties\u0101 un ties\u0101&#8230;visa \u0161\u012b sarkan\u0101 cionistu komunistu banda Latvij\u0101- manas tautas slepkavas ! Bet pien\u0101ks diena, kad vi\u0146i tiks sam\u012bti k\u0101 blaktis un pan\u0101ks to ukrai\u0146i ar savu uzvaru p\u0101r s\u0101tanisko imp\u0113riju. <\/p>\n\n\n\n<p class=\"has-white-color has-vivid-red-background-color has-text-color has-background\" style=\"font-size:24px\">Slava Ukrainai !<\/p>\n\n\n\n<figure class=\"wp-block-image size-large is-resized\"><img decoding=\"async\" loading=\"lazy\" src=\"https:\/\/tautastribunals.eu\/wp-content\/uploads\/2022\/08\/Budanovs.Zelenskij-Grantinbs.LRTT_-2.png\" alt=\"\" class=\"wp-image-62711\" width=\"1450\" height=\"883\" srcset=\"https:\/\/tautastribunals.eu\/wp-content\/uploads\/2022\/08\/Budanovs.Zelenskij-Grantinbs.LRTT_-2.png 800w, https:\/\/tautastribunals.eu\/wp-content\/uploads\/2022\/08\/Budanovs.Zelenskij-Grantinbs.LRTT_-2-300x183.png 300w, https:\/\/tautastribunals.eu\/wp-content\/uploads\/2022\/08\/Budanovs.Zelenskij-Grantinbs.LRTT_-2-768x468.png 768w\" sizes=\"(max-width: 1450px) 100vw, 1450px\" \/><\/figure>\n","protected":false},"excerpt":{"rendered":"<p>K\u0101 jau ne reizi vien ir sac\u012bts LRTT, tautas nodev\u0113ji (t\u0101 pat k\u0101 sve\u0161zemju marodieri) ir j\u0101nosit taj\u0101 viet\u0101, kur satikti. Ze\u013censka vald\u012bbas sadarb\u012bba ar zoci\u0101ldemokr\u0101tiem, t\u0101 saucamo \u041e\u041f\u0417\u0416 (Medve\u010duka). \u0160vecs apstiprina to pa\u0161u.&#46;&#46;&#46;<\/p>\n","protected":false},"author":1,"featured_media":62700,"comment_status":"open","ping_status":"open","sticky":false,"template":"","format":"standard","meta":[],"categories":[1],"tags":[],"_links":{"self":[{"href":"https:\/\/tautastribunals.eu\/index.php?rest_route=\/wp\/v2\/posts\/62885"}],"collection":[{"href":"https:\/\/tautastribunals.eu\/index.php?rest_route=\/wp\/v2\/posts"}],"about":[{"href":"https:\/\/tautastribunals.eu\/index.php?rest_route=\/wp\/v2\/types\/post"}],"author":[{"embeddable":true,"href":"https:\/\/tautastribunals.eu\/index.php?rest_route=\/wp\/v2\/users\/1"}],"replies":[{"embeddable":true,"href":"https:\/\/tautastribunals.eu\/index.php?rest_route=%2Fwp%2Fv2%2Fcomments&post=62885"}],"version-history":[{"count":4,"href":"https:\/\/tautastribunals.eu\/index.php?rest_route=\/wp\/v2\/posts\/62885\/revisions"}],"predecessor-version":[{"id":62890,"href":"https:\/\/tautastribunals.eu\/index.php?rest_route=\/wp\/v2\/posts\/62885\/revisions\/62890"}],"wp:featuredmedia":[{"embeddable":true,"href":"https:\/\/tautastribunals.eu\/index.php?rest_route=\/wp\/v2\/media\/62700"}],"wp:attachment":[{"href":"https:\/\/tautastribunals.eu\/index.php?rest_route=%2Fwp%2Fv2%2Fmedia&parent=62885"}],"wp:term":[{"taxonomy":"category","embeddable":true,"href":"https:\/\/tautastribunals.eu\/index.php?rest_route=%2Fwp%2Fv2%2Fcategories&post=62885"},{"taxonomy":"post_tag","embeddable":true,"href":"https:\/\/tautastribunals.eu\/index.php?rest_route=%2Fwp%2Fv2%2Ftags&post=62885"}],"curies":[{"name":"wp","href":"https:\/\/api.w.org\/{rel}","templated":true}]}}