{"id":62866,"date":"2022-09-09T08:55:27","date_gmt":"2022-09-09T05:55:27","guid":{"rendered":"https:\/\/tautastribunals.eu\/?p=62866"},"modified":"2022-09-09T08:58:33","modified_gmt":"2022-09-09T05:58:33","slug":"antisemiti-kuri-uzdodas-par-semit-ebrejiem","status":"publish","type":"post","link":"https:\/\/tautastribunals.eu\/?p=62866","title":{"rendered":"Antisem\u012bti, kuri uzdodas par sem\u012bt- ebrejiem !"},"content":{"rendered":"\n<figure class=\"wp-block-image size-large is-resized\"><img decoding=\"async\" loading=\"lazy\" src=\"https:\/\/tautastribunals.eu\/wp-content\/uploads\/2020\/08\/Helsinki-86.-LRTT.-Granti\u0146\u0161.Bord\u0101ns.Stuk\u0101ns-6.png\" alt=\"\" class=\"wp-image-57101\" width=\"1450\" height=\"159\"\/><\/figure>\n\n\n\n<figure class=\"wp-block-image size-large is-resized\"><img decoding=\"async\" loading=\"lazy\" src=\"https:\/\/tautastribunals.eu\/wp-content\/uploads\/2021\/07\/komunisms.LRTT_.-Grantins.Latvija-3-800x128.png\" alt=\"\" class=\"wp-image-60560\" width=\"1450\" height=\"232\" srcset=\"https:\/\/tautastribunals.eu\/wp-content\/uploads\/2021\/07\/komunisms.LRTT_.-Grantins.Latvija-3-800x128.png 800w, https:\/\/tautastribunals.eu\/wp-content\/uploads\/2021\/07\/komunisms.LRTT_.-Grantins.Latvija-3-300x48.png 300w, https:\/\/tautastribunals.eu\/wp-content\/uploads\/2021\/07\/komunisms.LRTT_.-Grantins.Latvija-3-768x122.png 768w, https:\/\/tautastribunals.eu\/wp-content\/uploads\/2021\/07\/komunisms.LRTT_.-Grantins.Latvija-3.png 916w\" sizes=\"(max-width: 1450px) 100vw, 1450px\" \/><\/figure>\n\n\n\n<p class=\"has-black-color has-text-color\" style=\"font-size:25px\"><em>P\u0101rmai\u0146as<\/em><\/p>\n\n\n\n<p><a href=\"https:\/\/tautastribunals.eu\/?p=62840#comment-99054\">2022. gada 2. septembris 4.42<\/a> &nbsp;&nbsp;<a href=\"https:\/\/tautastribunals.eu\/wp-admin\/comment.php?action=editcomment&amp;c=99054\">(Labot)<\/a><\/p>\n\n\n\n<p class=\"has-black-color has-text-color has-background\" style=\"background-color:#edf7f3;font-size:19px\">Ja esam tik \u017e\u0113lsird\u012bgi vai naivi, ka nesp\u0113jam atbr\u012bvoties no krievu okupantiem un krem\u013ca akcept\u0113tiem miljon\u0101riem-nodev\u0113jiem, tad Latviju un latvie\u0161us sagaida l\u012bdz\u012bgs liktenis.<\/p>\n\n\n\n<figure class=\"wp-block-embed is-type-video is-provider-youtube wp-block-embed-youtube wp-embed-aspect-16-9 wp-has-aspect-ratio\"><div class=\"wp-block-embed__wrapper\">\n<div class=\"video-container\"><iframe loading=\"lazy\" title=\"\u00ab\u0413\u0443\u0431\u0435\u0440\u043d\u0430\u0442\u043e\u0440\u00bb \u0417\u0435\u043b\u0435\u043d\u0441\u043a\u043e\u0433\u043e \u0440\u0430\u0437\u0432\u043e\u0440\u043e\u0432\u0430\u043b \u0433\u0443\u043c\u0430\u043d\u0438\u0442\u0430\u0440\u043a\u0443 \u0434\u043b\u044f \u0432\u043e\u0435\u043d\u043d\u044b\u0445\" width=\"500\" height=\"281\" src=\"https:\/\/www.youtube.com\/embed\/vbOyrkRTRNQ?feature=oembed&#038;wmode=opaque\" frameborder=\"0\" allow=\"accelerometer; autoplay; clipboard-write; encrypted-media; gyroscope; picture-in-picture\" allowfullscreen><\/iframe><\/div>\n<\/div><\/figure>\n\n\n\n<p class=\"has-text-align-center has-white-color has-black-background-color has-text-color has-background\" style=\"font-size:30px\">LRTT turpin\u0101jums koment\u0113t\u0101ja &#8220;P\u0101rmai\u0146as&#8221; sac\u012btajam: <\/p>\n\n\n\n<p class=\"has-text-align-center has-white-color has-vivid-red-background-color has-text-color has-background\" style=\"font-size:25px\">K\u0101das bailes \u0161ie Jahves izdzimumi ir iedzinu\u0161i cilv\u0113kos, ka tiem bail nosaukt vi\u0146u izcelsmi- \u012aSTO, BET NE VI\u0145U PA\u0160U IZDOM\u0100TO !<\/p>\n\n\n\n<p class=\"has-white-color has-black-background-color has-text-color has-background\" style=\"font-size:19px\">Paskaties, un \u0161eit nav ko sl\u0113pt, kuri ir tie, kas sabot\u0113 un aplaupa ukrai\u0146us pat kara laik\u0101. Neviens cits, ka visi 100% haz\u0101r\u017e\u012bdi<em>(starptautisk\u0101 haz\u0101ru mafija),<\/em> tie, kuri veic etnisko sem\u012bt- ebreju un palest\u012bnie\u0161u slepkavo\u0161anu un padz\u012b\u0161anu no vi\u0146u t\u0113vt\u0113vu zem\u0113m. Tas viss notiek ar <strong>ANO<\/strong> zi\u0146u un pat pal\u012bdz\u012bbu. Protams, notiek &#8220;itk\u0101&#8221; nosod\u012b\u0161ana, bet t\u0101 ir tik j\u0113la un smird\u012bga k\u0101 pusper\u0113ts vanckaris. Haz\u0101r\u017e\u012bdi ir visdrausm\u012bg\u0101kie antisem\u012bti ! Un ne tikai antisem\u012bti, bet visas Dievi\u0161\u0137as pasaules n\u012bd\u0113ji- zag\u013ci, slepkavas un laup\u012bt\u0101ji. Lai tikai atceramies, k\u0101 vi\u0146i noslepkavoja latvie\u0161u patriotu<strong> Herbertu Cukuru<\/strong>, kur\u0161 bija izgl\u0101bis tr\u012bs ebrejus. Nepal\u012bdz\u0113ja pat izgl\u0101bt\u0101s ebrejietes liec\u012bbas, kura nep\u0101rprotami sabiedr\u012bbai pasac\u012bja, ka <strong>H. Cukurs <\/strong>nedar\u012bja to, ko vi\u0146am pieraksta komunisti- ebreji. V\u0113l\u0101k ar\u012b \u0161ie pa\u0161i dra\u0146\u0137i atzin\u0101s, ka <strong>Cukurs <\/strong>tika noslepkavots p\u0113c viltus liec\u012bb\u0101m. <\/p>\n\n\n\n<figure class=\"wp-block-image size-large is-resized\"><img decoding=\"async\" loading=\"lazy\" src=\"https:\/\/tautastribunals.eu\/wp-content\/uploads\/2022\/06\/Zelenskis.Grantins.LRTT_.jpg\" alt=\"\" class=\"wp-image-62347\" width=\"1450\" height=\"759\" srcset=\"https:\/\/tautastribunals.eu\/wp-content\/uploads\/2022\/06\/Zelenskis.Grantins.LRTT_.jpg 800w, https:\/\/tautastribunals.eu\/wp-content\/uploads\/2022\/06\/Zelenskis.Grantins.LRTT_-300x157.jpg 300w, https:\/\/tautastribunals.eu\/wp-content\/uploads\/2022\/06\/Zelenskis.Grantins.LRTT_-768x402.jpg 768w\" sizes=\"(max-width: 1450px) 100vw, 1450px\" \/><\/figure>\n\n\n\n<p class=\"has-white-color has-black-background-color has-text-color has-background\" style=\"font-size:19px\">Un, k\u0101das &#8220;taut\u012bbas&#8221; \u0123en\u0113tiskie atkritumi ir tie, kuri jau kuro reizi ir centu\u0161ies noslepkavot <strong>L. Granti\u0146u<\/strong> ? Borovkovi, bunkas, tre\u013ci, dzintari, par\u0101dnieki, godma\u0146i&#8230;. mani v\u0113l \u0161odien aps\u016bdz p\u0113c 1986. \u010dekistu sast\u0101d\u012bt\u0101m liec\u012bb\u0101m ! <\/p>\n\n\n\n<p class=\"has-white-color has-black-background-color has-text-color has-background\" style=\"font-size:19px\"><strong>J\u0113zus Kristus <\/strong>uz vi\u0146iem sac\u012bja patiesus v\u0101rdus, kas vi\u0146i ir un kam vi\u0146i kalpo, un par to ar\u012b tika zv\u0113r\u012bgi noslepkavots. Neviena &#8220;krist\u012bg\u0101&#8221; bazn\u012bca, kaut ar\u012b tas viss ir aprakst\u012bts B\u012bbel\u0113, muti neuzdro\u0161in\u0101s atv\u0113rt par \u0161o t\u0113mu. T\u0101p\u0113c neuzdro\u0161in\u0101s, ka t\u0101 ir vis\u012bst\u0101kais s\u0101tanisma per\u0113klis. Visi melnsv\u0101r\u010di ir S\u0101tana kalpi, piln\u012bgi S\u0101tana iemiesojumi. Protams, ka ir \u013coti reti iz\u0146\u0113mumi, bet ne vair\u0101k par 1%, kuri tom\u0113r atg\u0101dina B\u012bbel\u0113 las\u0101mos Kristus v\u0101rdus. Bet \u0161is viens procents nav sp\u0113j\u012bgs neko izmain\u012bt, vien\u012bgi, ja nu tiek pagl\u0101btas vi\u0146u pa\u0161u dv\u0113seles. <\/p>\n\n\n\n<figure class=\"wp-block-image size-large is-resized\"><img decoding=\"async\" loading=\"lazy\" src=\"https:\/\/tautastribunals.eu\/wp-content\/uploads\/2020\/07\/KozlovskisMaiz\u012btisMe\u017evietsRasna\u010dsKalnmeiersGranti\u0146\u0161LRTT.png\" alt=\"\" class=\"wp-image-56823\" width=\"1450\" height=\"681\"\/><\/figure>\n\n\n\n<p class=\"has-white-color has-black-background-color has-text-color has-background\" style=\"font-size:19px\">Video v\u012brs pareizi run\u0101. Viltus \u017e\u012bds un tot\u0101li izteiktais narkom\u0101ns V. Ze\u013censkis ar savu \u017e\u012bde\u013cu <strong>bandu-jermaku, kolomoiski <\/strong>&amp; co, pat \u0161odien izved bag\u0101t\u012bbas uz<strong> Izra\u0113lu <\/strong>! Bez Izra\u0113las pal\u012bdz\u012bbas tas nevar\u0113tu notikt ! <\/p>\n\n\n\n<figure class=\"wp-block-image size-large is-resized\"><img decoding=\"async\" loading=\"lazy\" src=\"https:\/\/tautastribunals.eu\/wp-content\/uploads\/2019\/04\/Juris-JansonsRihards-BunkaL.-Granti\u0146\u0161Rasna\u010ds.LRTT_..jpg\" alt=\"\" class=\"wp-image-50088\" width=\"1450\" height=\"812\" srcset=\"https:\/\/tautastribunals.eu\/wp-content\/uploads\/2019\/04\/Juris-JansonsRihards-BunkaL.-Granti\u0146\u0161Rasna\u010ds.LRTT_..jpg 600w, https:\/\/tautastribunals.eu\/wp-content\/uploads\/2019\/04\/Juris-JansonsRihards-BunkaL.-Granti\u0146\u0161Rasna\u010ds.LRTT_.-300x168.jpg 300w\" sizes=\"(max-width: 1450px) 100vw, 1450px\" \/><figcaption><span class=\"has-inline-color has-vivid-red-color\"><strong>Vai zin\u0101t, ka ne Jansons un ar\u012b ne Bunka nav latvie\u0161i ?!<\/strong><\/span><\/figcaption><\/figure>\n\n\n\n<p class=\"has-white-color has-black-background-color has-text-color has-background\" style=\"font-size:19px\">Latvija no \u0161iem s\u0101taniskajiem izdzimumiem ir patais\u012bta par &#8220;ekonomisko un etnisko tuksnesi&#8221; !!! Un paskatieties tikai, kur visi 4. maija \u010dekistu bandas izvirz\u012btie prezidentosi ir redzami. Protams ka Sinagog\u0101 ar p\u013cocku uz vi\u0146u trulajiem pauriem. Kas tad ir \u0161is Suharenko, pie k\u0101 vi\u0146i izl\u016bdzas sv\u0113t\u012bbu, ja laup\u012bt\u0101js, slepkava, putina bandas loceklis ? Un k\u0101, ar k\u0101 pal\u012bdz\u012bbu par Latvijas prezidentu tika &#8220;iev\u0113l\u0113ts&#8221; \u017e\u012bds\u0101tanista- po\u013citruka- latvie\u0161u tautas slepkavas spermas produkts- Levits ? lai tikai atceramies pretekles <strong>M. Z\u0101l\u012btes<\/strong> vi\u0146a cildin\u0101\u0161anu un pompozo balli Gaismas Pil\u012b !<\/p>\n\n\n\n<figure class=\"wp-block-image size-large is-resized\"><img decoding=\"async\" loading=\"lazy\" src=\"https:\/\/tautastribunals.eu\/wp-content\/uploads\/2019\/06\/V\u0113jonisSuharenkoGranti\u0146\u0161.LRTT_.png\" alt=\"\" class=\"wp-image-51181\" width=\"1450\" height=\"955\" srcset=\"https:\/\/tautastribunals.eu\/wp-content\/uploads\/2019\/06\/V\u0113jonisSuharenkoGranti\u0146\u0161.LRTT_.png 700w, https:\/\/tautastribunals.eu\/wp-content\/uploads\/2019\/06\/V\u0113jonisSuharenkoGranti\u0146\u0161.LRTT_-300x198.png 300w\" sizes=\"(max-width: 1450px) 100vw, 1450px\" \/><\/figure>\n\n\n\n<p class=\"has-white-color has-black-background-color has-text-color has-background\" style=\"font-size:18px\">Bet LIEL\u0100 TIESA B\u016aS, jo Karmas LIKUMU neviens nav sp\u0113j\u012bgs atcelt. Visi dievi \u0161\u012b LIKUMA PRIEK\u0160\u0100 l\u016bz\u012bs un \u0161\u0137\u012bd\u012bs k\u0101 kalt\u0113ti s\u016bdi.<\/p>\n\n\n\n<figure class=\"wp-block-image size-large is-resized\"><img decoding=\"async\" loading=\"lazy\" src=\"https:\/\/tautastribunals.eu\/wp-content\/uploads\/2022\/06\/Grantins-RubenisLudviksBruveris.png\" alt=\"\" class=\"wp-image-62383\" width=\"1450\" height=\"594\" srcset=\"https:\/\/tautastribunals.eu\/wp-content\/uploads\/2022\/06\/Grantins-RubenisLudviksBruveris.png 759w, https:\/\/tautastribunals.eu\/wp-content\/uploads\/2022\/06\/Grantins-RubenisLudviksBruveris-300x123.png 300w\" sizes=\"(max-width: 1450px) 100vw, 1450px\" \/><figcaption><span class=\"has-inline-color has-vivid-red-color\">Visi VDK darbinieki !<\/span><\/figcaption><\/figure>\n\n\n\n<p class=\"has-white-color has-vivid-red-background-color has-text-color has-background has-medium-font-size\">Dievs, atpest\u012b pasaules tautas no \u0161iem &#8220;izredz\u0113tajiem&#8221; ! <\/p>\n\n\n\n<p class=\"has-white-color has-vivid-red-background-color has-text-color has-background has-medium-font-size\">Slava Ukrainai !<\/p>\n\n\n\n<p>09.09.22<\/p>\n\n\n\n<p><\/p>\n","protected":false},"excerpt":{"rendered":"<p>P\u0101rmai\u0146as 2022. gada 2. septembris 4.42 &nbsp;&nbsp;(Labot) Ja esam tik \u017e\u0113lsird\u012bgi vai naivi, ka nesp\u0113jam atbr\u012bvoties no krievu okupantiem un krem\u013ca akcept\u0113tiem miljon\u0101riem-nodev\u0113jiem, tad Latviju un latvie\u0161us sagaida l\u012bdz\u012bgs liktenis. LRTT turpin\u0101jums koment\u0113t\u0101ja &#8220;P\u0101rmai\u0146as&#8221;&#46;&#46;&#46;<\/p>\n","protected":false},"author":1,"featured_media":62383,"comment_status":"open","ping_status":"open","sticky":false,"template":"","format":"standard","meta":[],"categories":[1],"tags":[],"_links":{"self":[{"href":"https:\/\/tautastribunals.eu\/index.php?rest_route=\/wp\/v2\/posts\/62866"}],"collection":[{"href":"https:\/\/tautastribunals.eu\/index.php?rest_route=\/wp\/v2\/posts"}],"about":[{"href":"https:\/\/tautastribunals.eu\/index.php?rest_route=\/wp\/v2\/types\/post"}],"author":[{"embeddable":true,"href":"https:\/\/tautastribunals.eu\/index.php?rest_route=\/wp\/v2\/users\/1"}],"replies":[{"embeddable":true,"href":"https:\/\/tautastribunals.eu\/index.php?rest_route=%2Fwp%2Fv2%2Fcomments&post=62866"}],"version-history":[{"count":15,"href":"https:\/\/tautastribunals.eu\/index.php?rest_route=\/wp\/v2\/posts\/62866\/revisions"}],"predecessor-version":[{"id":62893,"href":"https:\/\/tautastribunals.eu\/index.php?rest_route=\/wp\/v2\/posts\/62866\/revisions\/62893"}],"wp:featuredmedia":[{"embeddable":true,"href":"https:\/\/tautastribunals.eu\/index.php?rest_route=\/wp\/v2\/media\/62383"}],"wp:attachment":[{"href":"https:\/\/tautastribunals.eu\/index.php?rest_route=%2Fwp%2Fv2%2Fmedia&parent=62866"}],"wp:term":[{"taxonomy":"category","embeddable":true,"href":"https:\/\/tautastribunals.eu\/index.php?rest_route=%2Fwp%2Fv2%2Fcategories&post=62866"},{"taxonomy":"post_tag","embeddable":true,"href":"https:\/\/tautastribunals.eu\/index.php?rest_route=%2Fwp%2Fv2%2Ftags&post=62866"}],"curies":[{"name":"wp","href":"https:\/\/api.w.org\/{rel}","templated":true}]}}