{"id":62855,"date":"2022-09-05T19:59:28","date_gmt":"2022-09-05T16:59:28","guid":{"rendered":"https:\/\/tautastribunals.eu\/?p=62855"},"modified":"2022-09-05T19:59:29","modified_gmt":"2022-09-05T16:59:29","slug":"immanuels-kants-un-komunistiskie-cianas-izdzimumi","status":"publish","type":"post","link":"https:\/\/tautastribunals.eu\/?p=62855","title":{"rendered":"Immanuels Kants un komunistiskie Ci\u0101nas izdzimumi !"},"content":{"rendered":"\n<figure class=\"wp-block-image size-large is-resized\"><img decoding=\"async\" loading=\"lazy\" src=\"https:\/\/tautastribunals.eu\/wp-content\/uploads\/2021\/09\/4.-JKP.-Janis-Bordans.L.-Grantins.-R.-Dzintars.-E.-Snore.LRTT-Kopie-Kopie-800x247.png\" alt=\"\" class=\"wp-image-60812\" width=\"1450\" height=\"448\" srcset=\"https:\/\/tautastribunals.eu\/wp-content\/uploads\/2021\/09\/4.-JKP.-Janis-Bordans.L.-Grantins.-R.-Dzintars.-E.-Snore.LRTT-Kopie-Kopie-800x247.png 800w, https:\/\/tautastribunals.eu\/wp-content\/uploads\/2021\/09\/4.-JKP.-Janis-Bordans.L.-Grantins.-R.-Dzintars.-E.-Snore.LRTT-Kopie-Kopie-300x93.png 300w, https:\/\/tautastribunals.eu\/wp-content\/uploads\/2021\/09\/4.-JKP.-Janis-Bordans.L.-Grantins.-R.-Dzintars.-E.-Snore.LRTT-Kopie-Kopie-768x237.png 768w, https:\/\/tautastribunals.eu\/wp-content\/uploads\/2021\/09\/4.-JKP.-Janis-Bordans.L.-Grantins.-R.-Dzintars.-E.-Snore.LRTT-Kopie-Kopie.png 932w\" sizes=\"(max-width: 1450px) 100vw, 1450px\" \/><\/figure>\n\n\n\n<figure class=\"wp-block-image size-large is-resized\"><img decoding=\"async\" loading=\"lazy\" src=\"https:\/\/tautastribunals.eu\/wp-content\/uploads\/2020\/08\/Helsinki-86.-LRTT.-Granti\u0146\u0161.Bord\u0101ns.Stuk\u0101ns-6.png\" alt=\"\" class=\"wp-image-57101\" width=\"1450\" height=\"159\"\/><\/figure>\n\n\n\n<figure class=\"wp-block-image size-large\"><img decoding=\"async\" loading=\"lazy\" width=\"800\" height=\"708\" src=\"https:\/\/tautastribunals.eu\/wp-content\/uploads\/2022\/09\/Immanuels-Kants.-Grantins.LRTT-Kopie.png\" alt=\"\" class=\"wp-image-62860\" srcset=\"https:\/\/tautastribunals.eu\/wp-content\/uploads\/2022\/09\/Immanuels-Kants.-Grantins.LRTT-Kopie.png 800w, https:\/\/tautastribunals.eu\/wp-content\/uploads\/2022\/09\/Immanuels-Kants.-Grantins.LRTT-Kopie-300x266.png 300w, https:\/\/tautastribunals.eu\/wp-content\/uploads\/2022\/09\/Immanuels-Kants.-Grantins.LRTT-Kopie-768x680.png 768w\" sizes=\"(max-width: 800px) 100vw, 800px\" \/><\/figure>\n\n\n\n<figure class=\"wp-block-embed is-type-video is-provider-youtube wp-block-embed-youtube wp-embed-aspect-16-9 wp-has-aspect-ratio\"><div class=\"wp-block-embed__wrapper\">\n<iframe loading=\"lazy\" title=\"\u0412\u043e\u0442 \u044d\u0442\u043e \u0434\u0430! \u0413\u043e\u0432\u043e\u0440\u044f\u0449\u0438\u0435 \u041f\u0420\u0410\u0412\u0414\u0423 \u0446\u0438\u0442\u0430\u0442\u044b \u0418\u043c\u043c\u0430\u043d\u0443\u0438\u043b\u0430 \u041a\u0430\u043d\u0442\u0430\" width=\"500\" height=\"281\" src=\"https:\/\/www.youtube.com\/embed\/WgL3EvvNK0U?feature=oembed&#038;wmode=opaque\" frameborder=\"0\" allow=\"accelerometer; autoplay; clipboard-write; encrypted-media; gyroscope; picture-in-picture\" allowfullscreen><\/iframe>\n<\/div><figcaption><strong><span class=\"has-inline-color has-vivid-red-color\">Vienreiz\u0113jas atzi\u0146as, kas neatpaliek no Austrumnieku &#8220;gudr\u012bbas graudiem&#8221; !<\/span><\/strong><\/figcaption><\/figure>\n\n\n\n<p class=\"has-black-color has-text-color has-background\" style=\"background-color:#e8f6f0;font-size:19px\">K\u0101p\u0113c \u0161is ar\u012b <strong>latvisk\u0101s izcelsmes pasaules slavenais filozofs <\/strong>netiek pietieko\u0161i god\u0101ts \u0161odienas<strong> Latvij\u0101<\/strong> un it sevi\u0161\u0137i <strong>Kurzemes <\/strong>pus\u0113- <strong>Liep\u0101j\u0101<\/strong>? T\u0101p\u0113c, ka pie varas ir <strong>4. maija komunistu \u2013 \u010dekistu noziedznieku banda<\/strong>, kura piln\u012bgi visa ir ar ne <strong>maz\u0101ku haz\u0101risku<\/strong><em>(kriev\u017e\u012bdu)<\/em><strong> izcelsm<\/strong>i, k\u0101da <strong>Kantam ir latvisk\u0101<\/strong>. Viss latviskais tiek n\u012bsts un fiziski izn\u012bcin\u0101ts. M\u0113s redzam k\u0101 <strong>Liep\u0101j\u0101 <\/strong>tiek nicino\u0161i \u201cnorakts\u201d vienreiz\u0113jas <strong>Liep\u0101jas<\/strong> un latvie\u0161u autas patriots <strong>\u0112valds Rimbenieks<\/strong>, kur\u0161 tika izs\u016bt\u012bts uz<strong> Vjatalgu<\/strong><em>(pa\u0161u \u0161ausm\u012bg\u0101ko gulagu) <\/em>un tur nogalin\u0101ts. Tai pa\u0161\u0101 laik\u0101 m\u0113s redzam, k\u0101 tiek celts god\u0101 \u0161odienas <strong>Liep\u0101jas <\/strong>f\u012brers<strong> U. Sesks<\/strong>, kur\u0161 ir komunista atvase, starptautisk\u0101 narko- biznesa kurators un slepkava v\u0101rda vistie\u0161\u0101kaj\u0101 noz\u012bm\u0113. Vi\u0146am ir neskait\u0101mi miljoni <strong>Monako kontos,<\/strong> bet iest\u0101des par to visu klus\u0113, jo<strong> Latvijas valdo\u0161\u0101 kli\u0137e<\/strong> ir t\u0101, kura visu to k\u016br\u0113. <\/p>\n\n\n\n<p class=\"has-black-color has-text-color has-background\" style=\"background-color:#e8f6f0;font-size:19px\">Par <strong>\u0112. Rimbenieka NEAIZMIR\u0160ANU <\/strong>j\u0101pateicas vienam \u012bstam jaunajam<strong> Latvijas<\/strong> un latvie\u0161u tautas patriotam <strong>Arturam But\u0101nam<\/strong>. Vi\u0146am un vi\u0146am l\u012bdz\u012bgajiem b\u016btu j\u0101padzen visi \u0161ie noziedz\u012bgie <em><strong>dzintari, iesalnieki, par\u0101dnieki, dambravas, <\/strong><\/em>lai patur\u0113tu <strong>NA <\/strong>v\u0113l\u0113t\u0101ju elektor\u0101tu ! Komunistu- \u010dekistu un kolaboracionistu vieta ir m\u0113slain\u0113 un kar\u0101tav\u0101s. <\/p>\n\n\n\n<p class=\"has-black-color has-vivid-green-cyan-background-color has-text-color has-background has-medium-font-size\">Foto: Arturs But\u0101ns<\/p>\n\n\n\n<figure class=\"wp-block-image size-large\"><img decoding=\"async\" loading=\"lazy\" width=\"800\" height=\"349\" src=\"https:\/\/tautastribunals.eu\/wp-content\/uploads\/2021\/03\/Arturs-Butans.L.-Grantins.-LRTT.png\" alt=\"\" class=\"wp-image-59846\" srcset=\"https:\/\/tautastribunals.eu\/wp-content\/uploads\/2021\/03\/Arturs-Butans.L.-Grantins.-LRTT.png 800w, https:\/\/tautastribunals.eu\/wp-content\/uploads\/2021\/03\/Arturs-Butans.L.-Grantins.-LRTT-300x131.png 300w, https:\/\/tautastribunals.eu\/wp-content\/uploads\/2021\/03\/Arturs-Butans.L.-Grantins.-LRTT-768x335.png 768w\" sizes=\"(max-width: 800px) 100vw, 800px\" \/><\/figure>\n\n\n\n<p class=\"has-black-color has-text-color has-background\" style=\"background-color:#e8f6f0;font-size:19px\">Dom\u0101ju, ka \u012bst\u0101 <strong>Artura But\u0101na<\/strong> vieta b\u016btu <strong>JKP,<\/strong> kura \u0161odien patie\u0161\u0101m veic p\u0101rk\u0101rtojumus, kas atbilsts latvie\u0161u tautas interes\u0113m. T\u0101p\u0113c ar\u012b vi\u0146us neieredz pie varas eso\u0161\u0101s p\u0101r\u0113j\u0101s partijas, kuras veiku\u0161as<strong> Latvijas <\/strong>izn\u012bcin\u0101\u0161anu. Visas \u0161odienas <strong>Latvijas dro\u0161\u012bbas strukt\u016bra<\/strong>s v\u0113las<strong> JKP<\/strong> izn\u012bcin\u0101t. It sevi\u0161\u0137i akt\u012bvi pret vi\u0146u uzst\u0101jas <strong>NRA <\/strong>ar <strong>Lembergu priek\u0161gal\u0101 <\/strong>!<\/p>\n\n\n\n<p class=\"has-text-align-center has-white-color has-vivid-red-background-color has-text-color has-background\" style=\"font-size:33px\">LRTT arh\u012bvs<\/p>\n\n\n\n<h2>Izlasi, latviet, \u0161o A. But\u0101na rakstu un tad par\u0101d\u012b\u0161u noziedz\u012bgo genoc\u012bda izpausmi:<\/h2>\n\n\n\n<p>\u0160odien<em>(10.04.2014),<\/em> 10.apr\u012bl\u012b, pirmskara Latvijas Liep\u0101jas m\u0113ram \u0112valdam Rimbeniekam aprit 126 gadi. \u0112.Rimbenieka pl\u0101notajiem darbiem, iecer\u0113m un ar\u012b pa\u0161a dz\u012bv\u012bbai sv\u012btru p\u0101rvilka PSRS okup\u0101cija. \u0112.Rimbenieks tika izs\u016bt\u012bts uz Vjatlaga soda nometn\u0113m, kur neilgi p\u0113c tam tika nogalin\u0101ts. Okup\u0101cijas gados pirmskara Latvijas valstsv\u012bru piemin\u0113\u0161ana nebija v\u0113lama, ta\u010du k\u0101 ir \u0161odien? Vai esam jau aizmirsu\u0161i savu goda v\u012bru?<\/p>\n\n\n\n<div class=\"wp-block-image\"><figure class=\"alignleft\"><img decoding=\"async\" loading=\"lazy\" width=\"800\" height=\"481\" src=\"http:\/\/188.68.49.144\/wp-content\/uploads\/2017\/12\/\u0112valds-Rimbenieks.-L.-Granti\u0146\u0161.Freimant\u0101ls.Granti\u0146\u0161.LRTT_.png\" alt=\"\" class=\"wp-image-42901\" srcset=\"https:\/\/tautastribunals.eu\/wp-content\/uploads\/2017\/12\/\u0112valds-Rimbenieks.-L.-Granti\u0146\u0161.Freimant\u0101ls.Granti\u0146\u0161.LRTT_.png 800w, https:\/\/tautastribunals.eu\/wp-content\/uploads\/2017\/12\/\u0112valds-Rimbenieks.-L.-Granti\u0146\u0161.Freimant\u0101ls.Granti\u0146\u0161.LRTT_-300x180.png 300w, https:\/\/tautastribunals.eu\/wp-content\/uploads\/2017\/12\/\u0112valds-Rimbenieks.-L.-Granti\u0146\u0161.Freimant\u0101ls.Granti\u0146\u0161.LRTT_-768x462.png 768w\" sizes=\"(max-width: 800px) 100vw, 800px\" \/><\/figure><\/div>\n\n\n\n<p><strong>\u0112valds Rimbenieks <\/strong>liep\u0101jnieku atmi\u0146\u0101 palicis k\u0101 visu laiku iev\u0113rojam\u0101kais Liep\u0101jas sabiedriskais darbinieks un tautas intere\u0161u aizst\u0101vis. Latvijas zelta laikos ie\u0146emot b\u016btisku lomu pils\u0113tas un valsts sabiedriskaj\u0101 dz\u012bv\u0113, <strong>\u0112valds Rimbenieks <\/strong>ne tikai k\u013cuva par vienu no uzticam\u0101kajiem tautas priek\u0161st\u0101vjiem, bet ar savu valstisko darb\u012bbu un lielaj\u0101m zin\u0101\u0161an\u0101m izpeln\u012bj\u0101s ar\u012b K.Ulma\u0146a uztic\u012bbu pild\u012bt pat finan\u0161u ministra pien\u0101kumus.<\/p>\n\n\n\n<p>1922.gad\u0101 \u0112valds Rimbenieks p\u0101r\u0146\u0113ma v\u0113ja pils\u0113tas gro\u017eus un prata sak\u0101rtot t\u0101s p\u0113ckara sagrauto saimniec\u012bbu un pacelt to nebiju\u0161os augstumos, it \u012bpa\u0161i kult\u016bras jom\u0101. Pateicoties Rimbenieka padar\u012btajiem darbiem, ar\u012b \u0161odien Liep\u0101ja sevi var dro\u0161i saukt par Latvijas kult\u016bras galvaspils\u0113tu. Tie\u0161i Rimbenieka vad\u012bbas gados pils\u0113t\u0101 tika nodibin\u0101ta M\u0101kslas un amatniec\u012bbas skola, Tautas konservatorija, atkl\u0101ta Liep\u0101jas Filharmonija un opera, k\u0101 ar\u012b atv\u0113rts pils\u0113tas muzejs un vair\u0101kas kult\u016bras un sporta biedr\u012bbas. Rimbenieka laik\u0101 daudz dar\u012bts ar\u012b infrastrukt\u016bras att\u012bst\u012b\u0161an\u0101. Tika atkl\u0101ta ku\u0123u satiksme uz P\u0113terburgu un Tallinu, atkl\u0101ta dzelzce\u013ca satiksme uz Berl\u012bni, atv\u0113rti sabiedriskie lidojumi uz R\u012bgu, k\u0101 ar\u012b izb\u016bv\u0113ta \u0161oseja l\u012bdz Grobi\u0146ai.<\/p>\n\n\n\n<p>Visi \u0161ie un daudzi citi darbi ir neap\u0161aub\u0101ms pamats, lai apgalvotu, ka politi\u0137a, skolot\u0101ja un m\u0101c\u012bt\u0101ja \u0112.Rimbenieka v\u0101rds ir nepamatoti aizmirsts, un vi\u0146\u0161 peln\u012bjis pla\u0161\u0101ku piemi\u0146u. \u0160\u0137iet, \u0161obr\u012bd viena no sava laika izcil\u0101kaj\u0101m Liep\u0101jas person\u012bb\u0101m ir palikusi vien tautas vec\u0101k\u0101s paaudzes atmi\u0146\u0101.<\/p>\n\n\n\n<p>Liep\u0101ja ir v\u0113ja pils\u0113ta, un da\u017e\u0101di v\u0113ji \u0161eit p\u016btu\u0161i. Ir biju\u0161i mums labv\u0113l\u012bgi v\u0113ji, ir biju\u0161i asi pretv\u0113ji, bet \u0161\u0137iet, ka \u0161odienas Liep\u0101jas domes gaite\u0146os virmo neizprotamas dabas caurv\u0113j\u0161, kur\u0101 ac\u012bmredzot \u0112valda Rimbenieka godam nav atradusies vieta. Par sp\u012bti varas vienaldz\u012bbai, aicin\u0101m valstiski dom\u0101jo\u0161o tautas da\u013cu atcer\u0113ties \u0112valdu Rimbenieku un piemin\u0113t vi\u0146u, noliekot ziedus pie vi\u0146a pieminek\u013ca katr\u0101 10.apr\u012bl\u012b. Vi\u0146\u0161 to godam ir peln\u012bjis!<\/p>\n\n\n\n<figure class=\"wp-block-embed is-type-wp-embed is-provider-iegult wp-block-embed-iegult\"><div class=\"wp-block-embed__wrapper\">\n<blockquote class=\"wp-embedded-content\" data-secret=\"19lvdikC4S\"><a href=\"https:\/\/tautastribunals.eu\/?p=42897\">Vi\u0146u uzdevums ir s\u0113t \u013caunumu !<\/a><\/blockquote><iframe class=\"wp-embedded-content\" sandbox=\"allow-scripts\" security=\"restricted\" style=\"position: absolute; clip: rect(1px, 1px, 1px, 1px);\" title=\"&#8220;Vi\u0146u uzdevums ir s\u0113t \u013caunumu !&#8221; &#8212; \" src=\"https:\/\/tautastribunals.eu\/?p=42897&#038;embed=true#?secret=19lvdikC4S\" data-secret=\"19lvdikC4S\" width=\"500\" height=\"282\" frameborder=\"0\" marginwidth=\"0\" marginheight=\"0\" scrolling=\"no\"><\/iframe>\n<\/div><\/figure>\n\n\n\n<figure class=\"wp-block-image size-large is-resized\"><img decoding=\"async\" loading=\"lazy\" src=\"https:\/\/tautastribunals.eu\/wp-content\/uploads\/2022\/09\/Immanuels-Kants.-Grantins.LRTT_-460x800.png\" alt=\"\" class=\"wp-image-62858\" width=\"1450\" height=\"2522\" srcset=\"https:\/\/tautastribunals.eu\/wp-content\/uploads\/2022\/09\/Immanuels-Kants.-Grantins.LRTT_-460x800.png 460w, https:\/\/tautastribunals.eu\/wp-content\/uploads\/2022\/09\/Immanuels-Kants.-Grantins.LRTT_-172x300.png 172w, https:\/\/tautastribunals.eu\/wp-content\/uploads\/2022\/09\/Immanuels-Kants.-Grantins.LRTT_-768x1336.png 768w, https:\/\/tautastribunals.eu\/wp-content\/uploads\/2022\/09\/Immanuels-Kants.-Grantins.LRTT_.png 800w\" sizes=\"(max-width: 1450px) 100vw, 1450px\" \/><\/figure>\n\n\n\n<p>05.09.22<\/p>\n\n\n\n<p><\/p>\n\n\n\n<p><\/p>\n\n\n\n<p><\/p>\n","protected":false},"excerpt":{"rendered":"<p>K\u0101p\u0113c \u0161is ar\u012b latvisk\u0101s izcelsmes pasaules slavenais filozofs netiek pietieko\u0161i god\u0101ts \u0161odienas Latvij\u0101 un it sevi\u0161\u0137i Kurzemes pus\u0113- Liep\u0101j\u0101? T\u0101p\u0113c, ka pie varas ir 4. maija komunistu \u2013 \u010dekistu noziedznieku banda, kura piln\u012bgi visa&#46;&#46;&#46;<\/p>\n","protected":false},"author":1,"featured_media":62808,"comment_status":"open","ping_status":"open","sticky":false,"template":"","format":"standard","meta":[],"categories":[1],"tags":[],"_links":{"self":[{"href":"https:\/\/tautastribunals.eu\/index.php?rest_route=\/wp\/v2\/posts\/62855"}],"collection":[{"href":"https:\/\/tautastribunals.eu\/index.php?rest_route=\/wp\/v2\/posts"}],"about":[{"href":"https:\/\/tautastribunals.eu\/index.php?rest_route=\/wp\/v2\/types\/post"}],"author":[{"embeddable":true,"href":"https:\/\/tautastribunals.eu\/index.php?rest_route=\/wp\/v2\/users\/1"}],"replies":[{"embeddable":true,"href":"https:\/\/tautastribunals.eu\/index.php?rest_route=%2Fwp%2Fv2%2Fcomments&post=62855"}],"version-history":[{"count":10,"href":"https:\/\/tautastribunals.eu\/index.php?rest_route=\/wp\/v2\/posts\/62855\/revisions"}],"predecessor-version":[{"id":62883,"href":"https:\/\/tautastribunals.eu\/index.php?rest_route=\/wp\/v2\/posts\/62855\/revisions\/62883"}],"wp:featuredmedia":[{"embeddable":true,"href":"https:\/\/tautastribunals.eu\/index.php?rest_route=\/wp\/v2\/media\/62808"}],"wp:attachment":[{"href":"https:\/\/tautastribunals.eu\/index.php?rest_route=%2Fwp%2Fv2%2Fmedia&parent=62855"}],"wp:term":[{"taxonomy":"category","embeddable":true,"href":"https:\/\/tautastribunals.eu\/index.php?rest_route=%2Fwp%2Fv2%2Fcategories&post=62855"},{"taxonomy":"post_tag","embeddable":true,"href":"https:\/\/tautastribunals.eu\/index.php?rest_route=%2Fwp%2Fv2%2Ftags&post=62855"}],"curies":[{"name":"wp","href":"https:\/\/api.w.org\/{rel}","templated":true}]}}