{"id":62833,"date":"2022-08-31T15:01:25","date_gmt":"2022-08-31T12:01:25","guid":{"rendered":"https:\/\/tautastribunals.eu\/?p=62833"},"modified":"2022-08-31T15:01:26","modified_gmt":"2022-08-31T12:01:26","slug":"gribi-vai-negribi-par-so-mesluedgaru-kraminu-ir-jaruna","status":"publish","type":"post","link":"https:\/\/tautastribunals.eu\/?p=62833","title":{"rendered":"Gribi vai negribi, par \u0161o &#8220;m\u0113slu&#8221;(Edgaru Krami\u0146u) ir j\u0101run\u0101"},"content":{"rendered":"\n<figure class=\"wp-block-image size-large is-resized\"><img decoding=\"async\" loading=\"lazy\" src=\"https:\/\/tautastribunals.eu\/wp-content\/uploads\/2020\/08\/Helsinki-86.-LRTT.-Granti\u0146\u0161.Bord\u0101ns.Stuk\u0101ns-6.png\" alt=\"\" class=\"wp-image-57101\" width=\"1450\" height=\"159\"\/><\/figure>\n\n\n\n<p class=\"has-black-color has-text-color has-background\" style=\"background-color:#e7f9f2;font-size:19px\">Tuvojas v\u0113l\u0113\u0161anas un t\u0101p\u0113c, gribi vai negribi, par \u0161iem \u0123en\u0113tiskajiem atkritumiem, kuri varen makteni p\u0113d\u0113j\u0101 laik\u0101 ir sasparoju\u0161ies, ir j\u0101run\u0101. J\u0101cen\u0161as <strong>&#8220;parastajam&#8221;<\/strong>, ne ar sevi\u0161\u0137i propagandas uztveri apvelt\u012btajam, iedarbin\u0101t ies\u016bb\u0113ju\u0161o pr\u0101tu, lai vi\u0146\u0161 neatdotu savu balsi tam, kur\u0161 vi\u0146u v\u0113l\u0101k &#8220;<strong>pievilks pie zara<\/strong>&#8220;&#8230; ! M\u0113s jau \u0161aj\u0101 vietn\u0113 22.08.22 par \u0161o provokatoru run\u0101j\u0101m.<\/p>\n\n\n\n<figure class=\"wp-block-embed is-type-wp-embed is-provider-iegult wp-block-embed-iegult\"><div class=\"wp-block-embed__wrapper\">\n<blockquote class=\"wp-embedded-content\" data-secret=\"yId4X8rga5\"><a href=\"https:\/\/tautastribunals.eu\/?p=62731\">\u0160eit jau ir runa par \u0161izofr\u0113niju vai pat atkl\u0101tu provok\u0101ciju<\/a><\/blockquote><iframe class=\"wp-embedded-content\" sandbox=\"allow-scripts\" security=\"restricted\" style=\"position: absolute; clip: rect(1px, 1px, 1px, 1px);\" title=\"&#8220;\u0160eit jau ir runa par \u0161izofr\u0113niju vai pat atkl\u0101tu provok\u0101ciju&#8221; &#8212; \" src=\"https:\/\/tautastribunals.eu\/?p=62731&#038;embed=true#?secret=yId4X8rga5\" data-secret=\"yId4X8rga5\" width=\"500\" height=\"282\" frameborder=\"0\" marginwidth=\"0\" marginheight=\"0\" scrolling=\"no\"><\/iframe>\n<\/div><\/figure>\n\n\n\n<figure class=\"wp-block-image size-large is-resized\"><img decoding=\"async\" loading=\"lazy\" src=\"https:\/\/tautastribunals.eu\/wp-content\/uploads\/2022\/08\/Degenerati.Grantins.LRTT_.png\" alt=\"\" class=\"wp-image-62799\" width=\"1450\" height=\"390\" srcset=\"https:\/\/tautastribunals.eu\/wp-content\/uploads\/2022\/08\/Degenerati.Grantins.LRTT_.png 800w, https:\/\/tautastribunals.eu\/wp-content\/uploads\/2022\/08\/Degenerati.Grantins.LRTT_-300x81.png 300w, https:\/\/tautastribunals.eu\/wp-content\/uploads\/2022\/08\/Degenerati.Grantins.LRTT_-768x206.png 768w\" sizes=\"(max-width: 1450px) 100vw, 1450px\" \/><\/figure>\n\n\n\n<p class=\"has-black-color has-text-color has-background\" style=\"background-color:#edfcf6;font-size:19px\">M\u0113s palaid\u0101m gar\u0101m vienu \u013coti nopietnu vi\u0146a izvirz\u012bto<strong> T\u0112ZI<\/strong>, proti, ka baltie\u0161i, baltkrievi un sl\u0101vi, t\u0101 visa esot viena liela tauta. Un tagad uzman\u012bgi paanaliz\u0113jiet vi\u0146a sac\u012bto- baltie\u0161i, baltkrievi un sl\u0101vi ? Vi\u0146\u0161 nepiemin atsevi\u0161\u0137i ukrai\u0146us un krievus, bet baltkrievus gan !!! Izn\u0101k, ka baltkrievi nav sl\u0101vi, bet t\u0101di ir tikai ukrai\u0146i un krievi<em>(vi\u0146a zin\u0101\u0161anai, krievi nav sl\u0101vi)<\/em>. <\/p>\n\n\n\n<p class=\"has-black-color has-text-color has-background\" style=\"background-color:#edfcf6;font-size:19px\">\u0160eit pat b\u016btu smiekl\u012bgi apspriest to vi\u0146a sac\u012bto, ka m\u0113s visi kop\u0101 esam viena liela tauta ! Pat kult\u016bra mums esot l\u012bdz\u012bga, saka \u0161is di\u017eais &#8220;<strong>starptautiskais kult\u016bras eksperts<\/strong>&#8221; ! Kaut cik ar veselo sapr\u0101tu apvelt\u012btais paraid\u012btu vi\u0146u uz vienu vietu. Nelaime <strong>Latvijai<\/strong> ir t\u0101, ka ar pr\u0101tu apvelt\u012btie ir \u013coti maz. Otra nelaime t\u0101, ka gan idiotam, gan tam, kur\u0161 ir ar \u0161o defic\u012btu, ko sauc par pr\u0101tu, apvelt\u012bts, ir katram pa vienai <strong>BALSIJ<\/strong>. <\/p>\n\n\n\n<p class=\"has-black-color has-text-color has-background\" style=\"background-color:#edfcf6;font-size:19px\">Nedom\u0101ju, ka \u0161is noziedznieks ir tik stulbs, ka visu to nesaprot. Vi\u0146a sac\u012btais ir simtreiz apsv\u0113rts, pirms to sac\u012bt \u0161aj\u0101 raid\u012bjum\u0101. Manis sac\u012btais b\u016bs saprotams tiem, kuri regul\u0101ri lasa un klaus\u0101s putinisk\u0101s <strong>Krievijas<\/strong> propagandu. Vai atceraties pirms gada public\u0113to<strong> Putina &#8220;garadarbu&#8221;<\/strong>, ka <strong>krievi, baltkrievi un ukrai\u0146i ir viena tauta <\/strong>!!! Vai tagad saprat\u0101t, ko pasac\u012bja \u0161is, ar nol\u0101d\u0113t\u012bbas z\u012bmogu apz\u012bmogotais<strong> j\u016bda<\/strong> ? Vi\u0146\u0161 papildin\u0101ja <strong>Putina<\/strong> sac\u012bto ar to, ka baltie\u0161i ar\u012b j\u0101pieskaita sl\u0101viem, t\u0101tad, pasakot, ka laiks ir ar\u012b <strong>Baltij\u0101 s\u0101kt SPECOPER\u0100CIJU <\/strong>! Tas ir mask\u0113ts aicin\u0101jums s\u0101kt atkl\u0101tu genoc\u012bdu pret latvie\u0161iem un lietuvie\u0161iem. <\/p>\n\n\n\n<p class=\"has-black-color has-text-color has-background\" style=\"background-color:#edfcf6;font-size:19px\">Dom\u0101ju, ka neviens, kur\u0161 noklaus\u012bjies \u0161eit ievietoto video, mani nenosod\u012bs ja sac\u012b\u0161u, ka \u0161is izdzimums ir peln\u012bjis kar\u0101tavas. T\u0101p\u0113c, latviet, pirms dodies v\u0113l\u0113t, apdom\u0101 visu ar <strong>GALVU <\/strong>! <\/p>\n\n\n\n<p class=\"has-text-align-center has-black-color has-text-color has-background\" style=\"background-color:#edfbf5;font-size:23px\">Slava Ukrainai un n\u0101ve nodev\u0113jiem !<\/p>\n\n\n\n<p><\/p>\n\n\n\n<figure class=\"wp-block-embed is-type-video is-provider-youtube wp-block-embed-youtube wp-embed-aspect-16-9 wp-has-aspect-ratio\"><div class=\"wp-block-embed__wrapper\">\n<div class=\"video-container\"><iframe loading=\"lazy\" title=\"Vai Edgars Krami\u0146\u0161 cer apmu\u013c\u0137ot latvie\u0161u tautu?\" width=\"500\" height=\"281\" src=\"https:\/\/www.youtube.com\/embed\/ERSztM7cNP0?start=297&#038;feature=oembed&#038;wmode=opaque\" frameborder=\"0\" allow=\"accelerometer; autoplay; clipboard-write; encrypted-media; gyroscope; picture-in-picture\" allowfullscreen><\/iframe><\/div>\n<\/div><\/figure>\n\n\n\n<p>31.08.22<\/p>\n\n\n\n<p><\/p>\n","protected":false},"excerpt":{"rendered":"<p>Tuvojas v\u0113l\u0113\u0161anas un t\u0101p\u0113c, gribi vai negribi, par \u0161iem \u0123en\u0113tiskajiem atkritumiem, kuri varen makteni p\u0113d\u0113j\u0101 laik\u0101 ir sasparoju\u0161ies, ir j\u0101run\u0101. J\u0101cen\u0161as &#8220;parastajam&#8221;, ne ar sevi\u0161\u0137i propagandas uztveri apvelt\u012btajam, iedarbin\u0101t ies\u016bb\u0113ju\u0161o pr\u0101tu, lai vi\u0146\u0161 neatdotu&#46;&#46;&#46;<\/p>\n","protected":false},"author":1,"featured_media":62799,"comment_status":"open","ping_status":"open","sticky":false,"template":"","format":"standard","meta":[],"categories":[1],"tags":[],"_links":{"self":[{"href":"https:\/\/tautastribunals.eu\/index.php?rest_route=\/wp\/v2\/posts\/62833"}],"collection":[{"href":"https:\/\/tautastribunals.eu\/index.php?rest_route=\/wp\/v2\/posts"}],"about":[{"href":"https:\/\/tautastribunals.eu\/index.php?rest_route=\/wp\/v2\/types\/post"}],"author":[{"embeddable":true,"href":"https:\/\/tautastribunals.eu\/index.php?rest_route=\/wp\/v2\/users\/1"}],"replies":[{"embeddable":true,"href":"https:\/\/tautastribunals.eu\/index.php?rest_route=%2Fwp%2Fv2%2Fcomments&post=62833"}],"version-history":[{"count":3,"href":"https:\/\/tautastribunals.eu\/index.php?rest_route=\/wp\/v2\/posts\/62833\/revisions"}],"predecessor-version":[{"id":62836,"href":"https:\/\/tautastribunals.eu\/index.php?rest_route=\/wp\/v2\/posts\/62833\/revisions\/62836"}],"wp:featuredmedia":[{"embeddable":true,"href":"https:\/\/tautastribunals.eu\/index.php?rest_route=\/wp\/v2\/media\/62799"}],"wp:attachment":[{"href":"https:\/\/tautastribunals.eu\/index.php?rest_route=%2Fwp%2Fv2%2Fmedia&parent=62833"}],"wp:term":[{"taxonomy":"category","embeddable":true,"href":"https:\/\/tautastribunals.eu\/index.php?rest_route=%2Fwp%2Fv2%2Fcategories&post=62833"},{"taxonomy":"post_tag","embeddable":true,"href":"https:\/\/tautastribunals.eu\/index.php?rest_route=%2Fwp%2Fv2%2Ftags&post=62833"}],"curies":[{"name":"wp","href":"https:\/\/api.w.org\/{rel}","templated":true}]}}