{"id":62822,"date":"2022-08-29T19:14:10","date_gmt":"2022-08-29T16:14:10","guid":{"rendered":"https:\/\/tautastribunals.eu\/?p=62822"},"modified":"2022-08-29T19:14:11","modified_gmt":"2022-08-29T16:14:11","slug":"nos-ga-vai-nomira-goda-liepajnieks-a-remess","status":"publish","type":"post","link":"https:\/\/tautastribunals.eu\/?p=62822","title":{"rendered":"Nos&#8212;ga vai nomira &#8220;goda liep\u0101jnieks&#8221; A. Remess ?"},"content":{"rendered":"\n<figure class=\"wp-block-image size-large is-resized\"><img decoding=\"async\" loading=\"lazy\" src=\"https:\/\/tautastribunals.eu\/wp-content\/uploads\/2022\/06\/L.Grantins.J.ZivertsBordansButansLRTT-1-800x116.png\" alt=\"\" class=\"wp-image-62243\" width=\"1450\" height=\"210\" srcset=\"https:\/\/tautastribunals.eu\/wp-content\/uploads\/2022\/06\/L.Grantins.J.ZivertsBordansButansLRTT-1-800x116.png 800w, https:\/\/tautastribunals.eu\/wp-content\/uploads\/2022\/06\/L.Grantins.J.ZivertsBordansButansLRTT-1-300x44.png 300w, https:\/\/tautastribunals.eu\/wp-content\/uploads\/2022\/06\/L.Grantins.J.ZivertsBordansButansLRTT-1-768x112.png 768w, https:\/\/tautastribunals.eu\/wp-content\/uploads\/2022\/06\/L.Grantins.J.ZivertsBordansButansLRTT-1.png 1073w\" sizes=\"(max-width: 1450px) 100vw, 1450px\" \/><\/figure>\n\n\n\n<p class=\"has-white-color has-vivid-red-background-color has-text-color has-background\" style=\"font-size:19px\"><strong><span class=\"has-inline-color has-black-color\">Atvadu v\u0101rdi bendem: <\/span><\/strong>2019. gad\u0101 Remesam par m\u016b\u017ea ieguld\u012bjumu un par ilggad\u0113ju un kvalitat\u012bvu Liep\u0101jas pils\u0113tas iedz\u012bvot\u0101ju un ar Liep\u0101ju saist\u012btu pan\u0101kumu sport\u0101, kult\u016br\u0101 un sadz\u012bv\u0113 populariz\u0113\u0161anu gr\u0101mat\u0101s, \u017eurn\u0101los, laikrakstos un citos uzrakst\u012btajos materi\u0101los pie\u0161\u0137irts tituls \u201cGoda liep\u0101jnieks\u201d. Lai viegla, Tev, spalva debes\u012bs, And\u017eil. Skumst visa Latvijas \u017eurn\u0101listu saime\u2026\u201d kol\u0113\u0123u v\u0101rd\u0101 saka izdevniec\u012bbas vad\u012bt\u0101js.<\/p>\n\n\n\n<p class=\"has-black-color has-white-background-color has-text-color has-background\" style=\"font-size:19px\">Pie k\u0101diem cilv\u0113ces atkritumiem ir j\u0101pieskaita \u0161ie <strong>&#8220;kol\u0113\u0123i&#8221;,<\/strong> kuri rakst\u012bja \u0161os atvadu v\u0101rdus latvie\u0161u tautas bendem ? Var\u0113ja ta\u010du paklus\u0113t, public\u0113jot vienk\u0101r\u0161u n\u0101ves pazi\u0146ojumu. <\/p>\n\n\n\n<p class=\"has-black-color has-white-background-color has-text-color has-background\" style=\"font-size:22px\">Vai taisn\u012bba, ka skumst visa<strong> Latvijas \u017eurn\u0101listu saime <\/strong>??? <\/p>\n\n\n\n<p class=\"has-black-color has-white-background-color has-text-color has-background\" style=\"font-size:19px\">Vai t\u0101 ir tikai \u0161odienas \u010dekistu ielikte\u0146a<strong> Inta Gra\u0161a<\/strong> skum\u0161ana ?  B\u016btu bijis j\u0101saka paldies<strong> ragainajam<\/strong>, ka vi\u0146\u0161 sav\u0101ca pie sevis \u0161o<strong> sarkano noziedznieku,<\/strong> kur\u0161 vainojams <strong>smagos noziegumos ne tikai pret latvie\u0161u tautu, bet pat cilv\u0113ci<\/strong> ! \u0160eit zem\u0101k variet las\u012bt da\u017eus izvilkumus no<strong> LRTT<\/strong>, kur rakst\u012bts par \u0161o sarkano izdzimumu. <\/p>\n\n\n\n<p class=\"has-black-color has-white-background-color has-text-color has-background\" style=\"font-size:19px\">Var tikai ar sarkasmu piebilst: vai tikai nedab\u016bja infarktu sakar\u0101 ar di\u017e\u0101<strong> <\/strong><span class=\"has-inline-color has-vivid-red-color\"><strong><a href=\"https:\/\/www.la.lv\/live\/ovaciju-pavadiba-riga-nogazts-baltija-lielakais-padomju-piemineklis\">&#8220;uzvaras monumenta&#8221;<\/a><\/strong> <\/span>ieg\u0101\u0161anu <strong>Elles za\u0146\u0137\u012b <\/strong>? <\/p>\n\n\n\n<p class=\"has-white-color has-black-background-color has-text-color has-background\" style=\"font-size:30px\">\u0160eit no LRTT arh\u012bva: <\/p>\n\n\n\n<figure class=\"wp-block-image size-large is-resized\"><img decoding=\"async\" loading=\"lazy\" src=\"https:\/\/tautastribunals.eu\/wp-content\/uploads\/2022\/08\/Remess.Grantins.LRTT_-800x725.png\" alt=\"\" class=\"wp-image-62825\" width=\"1450\" height=\"1314\" srcset=\"https:\/\/tautastribunals.eu\/wp-content\/uploads\/2022\/08\/Remess.Grantins.LRTT_-800x725.png 800w, https:\/\/tautastribunals.eu\/wp-content\/uploads\/2022\/08\/Remess.Grantins.LRTT_-300x272.png 300w, https:\/\/tautastribunals.eu\/wp-content\/uploads\/2022\/08\/Remess.Grantins.LRTT_-768x696.png 768w, https:\/\/tautastribunals.eu\/wp-content\/uploads\/2022\/08\/Remess.Grantins.LRTT_.png 1494w\" sizes=\"(max-width: 1450px) 100vw, 1450px\" \/><\/figure>\n\n\n\n<p style=\"font-size:19px\">Kad visi melnie latvie\u0161u tautas \u012bpa\u0161umu izn\u012bcin\u0101\u0161anas darbi bija padar\u012bti un <strong>\u201ckait\u012bgie\u201d<\/strong> elementi likvid\u0113ti, tika likvid\u0113ts ar uzticamais darbonis <strong>Dubrovenko<\/strong> ! <strong>Liep\u0101jas SEZ<\/strong> bija piln\u012bb\u0101 pak\u013cauts<strong> Latvijas<\/strong> <strong>mafijai<\/strong>, caur kuru notika narkotiku tranz\u012bts. Pa\u0161vald\u012bbu un Valsts policija tika komplekt\u0113ti tikai no band\u012btiem. \u0160odien \u0161\u012bs <strong>POLICIJAS<\/strong>&nbsp; p\u0101rst\u0101v vien\u012bgi <strong>Krievijas<\/strong> narko <strong>tranz\u012bta- kontrabandas intereses<\/strong>. \u017durn\u0101lists <strong>G. Mat\u012bsa<\/strong> slepkav\u012bba gulstas tie\u0161i uz <strong>Seska <\/strong>vad\u012bt\u0101s un kontrol\u0113t\u0101s <strong>SEZ <\/strong>sirdsapzi\u0146as<strong>. G. Mat\u012bs<\/strong> bija nofotograf\u0113jis k\u0101 <strong>Liep\u0101jas Laivu<\/strong> piest\u0101tn\u0113 tika glab\u0101ts narkotikas. Fotogr\u0101fijas par\u0101d\u012bja savam \u0161efam, <strong><a href=\"https:\/\/tautastribunals.eu\/?p=54355\">Kurzemes V\u0101rda redaktoram, komunistam Remesam<\/a><\/strong><em><a href=\"https:\/\/tautastribunals.eu\/?p=54355\">(atveriet un izlasiet un saprat\u012bsiet, k\u0101da ir s\u0101tanisk\u0101 realit\u0101te). <\/a><\/em>L\u012bdz ar to <strong>G. Mat\u012bss<\/strong> sev parakst\u012bja n\u0101ves spriedumu. Ne cik sen\u0101 policista <strong>D\u012b\u0137a \u201cpak\u0101r\u0161an\u0101s\u201d, <\/strong>ar\u012b pieder\u0113ja pie liecinieku <strong>\u201cilumin\u0113\u0161anas probl\u0113mas\u201d.<\/strong> <strong>Aivars Pr\u016bsis<\/strong>, kur\u0161 v\u0113l\u0113j\u0101s ko iebilst, knapi pasp\u0113ja <strong>\u201cazlaisties\u201d<\/strong> un <strong>Angliju. <\/strong>Par <strong>Liep\u0101jas<\/strong> mafiju varam run\u0101t daudz. Tas kur\u0161 grib zin\u0101t vair\u0101k, lai ieliek<strong> LRTT<\/strong> mekl\u0113t\u0101j\u0101 atsl\u0113gas v\u0101rdus\u2026 . <strong>Seska <\/strong>konti atrodas \u0101rzem\u0113s- <strong>Monako,<\/strong> kurus vi\u0146am pal\u012bdz apkalpot un atmazg\u0101t abi znoti. <strong>Verpakovski<\/strong> \u0161is band\u012bts ir pat <strong>Liep\u0101jas Dom\u0113<\/strong> ievilcis- viss k\u0101<strong> Zieme\u013ckorej\u0101<\/strong>, radinieks radinieka gal\u0101 !<\/p>\n\n\n\n<p><a href=\"https:\/\/irliepaja.lv\/lv\/raksti\/liepajnieki\/top-liepajnieku-balta-gramata-jeb-atmaskosim-demagogus\/\">https:\/\/irliepaja.lv\/lv\/raksti\/liepajnieki\/top-liepajnieku-balta-gramata-jeb-atmaskosim-demagogus\/<\/a><\/p>\n\n\n\n<p class=\"has-white-color has-black-background-color has-text-color has-background\" style=\"font-size:19px\">29.08.22<\/p>\n\n\n\n<h1>Vi\u0146a v\u0101rds nu M\u016b\u017e\u012bb\u0101. Miris \u201cKurzemes V\u0101rda\u201d Goda redaktors, Goda liep\u0101jnieks And\u017eils Remess<\/h1>\n\n\n\n<p>\u0160or\u012bt M\u016b\u017ea miegam acis aizv\u0113ra ilggad\u0113jais Liep\u0101jas laikraksta redaktors, daudzu gr\u0101matu autors, \u017eurn\u0101lists, publicists, Goda liep\u0101jnieks And\u017eils Remess, port\u0101lam apliecin\u0101ja izdevniec\u012bbas \u201dKurzemes V\u0101rds\u201d vad\u012bt\u0101js Ints Grasis.<\/p>\n\n\n\n<figure class=\"wp-block-image\"><img decoding=\"async\" src=\"https:\/\/cdn.liepajniekiem.lv\/lv\/thumbnails\/2000x2000x1\/2022\/08\/82bb-630881193fb48.jpg\" alt=\"Vi\u0146a v\u0101rds nu M\u016b\u017e\u012bb\u0101. Miris \u201cKurzemes V\u0101rda\u201d Goda redaktors, Goda liep\u0101jnieks And\u017eils Remess\"\/><\/figure>\n\n\n\n<p>26.08.2022 11:16<\/p>\n\n\n\n<p>\u201dVi\u0146a p\u0113d\u0113j\u0101 publik\u0101cija \u2013 ned\u0113\u013cas politikas apskats \u2013 laikrakst\u0101 public\u0113ta v\u0113l \u0161o otrdien \u2013 23. august\u0101 \u2013 divas dienas p\u0113c And\u017eila 84. dzim\u0161anas dienas. Sv\u0113tdien sazvan\u012bjos ar jubil\u0101ru, apsveicu \u0161\u016bp\u013ca sv\u0113tkos. Vi\u0146\u0161 k\u0101 alla\u017e bija mo\u017eu balsi, ne par ko nes\u016bdz\u0113j\u0101s, papl\u0113s\u0101m jokus\u2026\u201d<\/p>\n\n\n\n<figure class=\"wp-block-image\"><img decoding=\"async\" src=\"https:\/\/keytarget.adnet.lt\/stable\/assets\/di_symbol_white.svg\" alt=\"Digital Matter icon\"\/><\/figure>\n\n\n\n<figure class=\"wp-block-image\"><img decoding=\"async\" src=\"https:\/\/keytarget.adnet.lt\/stable\/assets\/di_symbol_white.svg\" alt=\"Digital Matter icon\"\/><\/figure>\n\n\n\n<figure class=\"wp-block-image\"><img decoding=\"async\" src=\"https:\/\/keytarget.adnet.lt\/stable\/assets\/di_symbol_white.svg\" alt=\"Digital Matter icon\"\/><\/figure>\n\n\n\n<p>L\u012bdz ar And\u017eila Remesa aizie\u0161anu beigusies vesela \u0113ra Liep\u0101jas \u017eurn\u0101listik\u0101.<\/p>\n\n\n\n<p>\u201dLai viegla, Tev, spalva debes\u012bs, And\u017eil. Skumst visa Latvijas \u017eurn\u0101listu saime\u2026\u201d kol\u0113\u0123u v\u0101rd\u0101 saka izdevniec\u012bbas vad\u012bt\u0101js.<\/p>\n\n\n\n<p>Remess dzimis Liep\u0101j\u0101 1938. gada 21.august\u0101.<\/p>\n\n\n\n<p>Kop\u0161 1960. gada Remesa darba m\u016b\u017es bijis saist\u012bts ar Liep\u0101jas pils\u0113tas laikrakstu. Savulaik \u201cKomunistu\u201d, tad \u201cKurzemes V\u0101rdu\u201d, kura redaktora god\u0101 vi\u0146\u0161 bija daudzus gadus, izaudzinot ne vienu vien \u017eurn\u0101listu paaudzi.<\/p>\n\n\n\n<p>Remesa st\u0101stnieka talantu apliecina vair\u0101kas vi\u0146a sarakst\u012btas un izdotas gr\u0101matas, proti, Liep\u0101jas futbola v\u0113stures apkopojums \u201cLiep\u0101jas futbola spo\u017eums un \u0113nas\u201d, autobiogr\u0101fisks darbs \u201cLiep\u0101j\u0101, Pasta ielas nami\u0146\u0101\u201d, st\u0101sts par diviem rokasbumbas tiesne\u0161iem J\u0101ni \u0136uzuli un Andri V\u012btolu \u201cKoncerts div\u0101m svilp\u0113m ar or\u0137estri. 15 gadi pasaules handbola elit\u0113\u201d, Raimonda Paula dz\u012bves un dai\u013crades apkopojums \u201cDz\u012bve k\u0101 zi\u0146\u0123e\u201d, kop\u0101 ar Dinu Beltu sarakst\u012bt\u0101 gr\u0101mata par Liep\u0101jas popul\u0101r\u0101s m\u016bzikas v\u0113sturi \u201cLiep\u0101jas popul\u0101r\u0101s m\u016bzikas st\u0101sti\u201d un v\u0113l citas, ko autors sarakst\u012bjis.<\/p>\n\n\n\n<p>2019. gad\u0101 Remesam par m\u016b\u017ea ieguld\u012bjumu un par ilggad\u0113ju un kvalitat\u012bvu Liep\u0101jas pils\u0113tas iedz\u012bvot\u0101ju un ar Liep\u0101ju saist\u012btu pan\u0101kumu sport\u0101, kult\u016br\u0101 un sadz\u012bv\u0113 populariz\u0113\u0161anu gr\u0101mat\u0101s, \u017eurn\u0101los, laikrakstos un citos uzrakst\u012btajos materi\u0101los pie\u0161\u0137irts tituls \u201cGoda liep\u0101jnieks\u201d.<\/p>\n\n\n\n<p><\/p>\n\n\n\n<p><\/p>\n","protected":false},"excerpt":{"rendered":"<p>Atvadu v\u0101rdi bendem: 2019. gad\u0101 Remesam par m\u016b\u017ea ieguld\u012bjumu un par ilggad\u0113ju un kvalitat\u012bvu Liep\u0101jas pils\u0113tas iedz\u012bvot\u0101ju un ar Liep\u0101ju saist\u012btu pan\u0101kumu sport\u0101, kult\u016br\u0101 un sadz\u012bv\u0113 populariz\u0113\u0161anu gr\u0101mat\u0101s, \u017eurn\u0101los, laikrakstos un citos uzrakst\u012btajos materi\u0101los&#46;&#46;&#46;<\/p>\n","protected":false},"author":1,"featured_media":38156,"comment_status":"open","ping_status":"open","sticky":false,"template":"","format":"standard","meta":[],"categories":[1],"tags":[],"_links":{"self":[{"href":"https:\/\/tautastribunals.eu\/index.php?rest_route=\/wp\/v2\/posts\/62822"}],"collection":[{"href":"https:\/\/tautastribunals.eu\/index.php?rest_route=\/wp\/v2\/posts"}],"about":[{"href":"https:\/\/tautastribunals.eu\/index.php?rest_route=\/wp\/v2\/types\/post"}],"author":[{"embeddable":true,"href":"https:\/\/tautastribunals.eu\/index.php?rest_route=\/wp\/v2\/users\/1"}],"replies":[{"embeddable":true,"href":"https:\/\/tautastribunals.eu\/index.php?rest_route=%2Fwp%2Fv2%2Fcomments&post=62822"}],"version-history":[{"count":6,"href":"https:\/\/tautastribunals.eu\/index.php?rest_route=\/wp\/v2\/posts\/62822\/revisions"}],"predecessor-version":[{"id":62838,"href":"https:\/\/tautastribunals.eu\/index.php?rest_route=\/wp\/v2\/posts\/62822\/revisions\/62838"}],"wp:featuredmedia":[{"embeddable":true,"href":"https:\/\/tautastribunals.eu\/index.php?rest_route=\/wp\/v2\/media\/38156"}],"wp:attachment":[{"href":"https:\/\/tautastribunals.eu\/index.php?rest_route=%2Fwp%2Fv2%2Fmedia&parent=62822"}],"wp:term":[{"taxonomy":"category","embeddable":true,"href":"https:\/\/tautastribunals.eu\/index.php?rest_route=%2Fwp%2Fv2%2Fcategories&post=62822"},{"taxonomy":"post_tag","embeddable":true,"href":"https:\/\/tautastribunals.eu\/index.php?rest_route=%2Fwp%2Fv2%2Ftags&post=62822"}],"curies":[{"name":"wp","href":"https:\/\/api.w.org\/{rel}","templated":true}]}}