{"id":62638,"date":"2022-07-29T11:07:30","date_gmt":"2022-07-29T08:07:30","guid":{"rendered":"https:\/\/tautastribunals.eu\/?p=62638"},"modified":"2022-07-29T11:07:30","modified_gmt":"2022-07-29T08:07:30","slug":"r-bruners-informacija-lasitajiem","status":"publish","type":"post","link":"https:\/\/tautastribunals.eu\/?p=62638","title":{"rendered":"R. Bruners. Inform\u0101cija las\u012bt\u0101jiem"},"content":{"rendered":"\n<figure class=\"wp-block-image size-large is-resized\"><img decoding=\"async\" loading=\"lazy\" src=\"https:\/\/tautastribunals.eu\/wp-content\/uploads\/2020\/09\/1.-Rids-Bruners.L.Grantins.J.Ziverts.Latvija.LRTT_-768x144-1.png\" alt=\"\" class=\"wp-image-57570\" width=\"1450\" height=\"272\" srcset=\"https:\/\/tautastribunals.eu\/wp-content\/uploads\/2020\/09\/1.-Rids-Bruners.L.Grantins.J.Ziverts.Latvija.LRTT_-768x144-1.png 768w, https:\/\/tautastribunals.eu\/wp-content\/uploads\/2020\/09\/1.-Rids-Bruners.L.Grantins.J.Ziverts.Latvija.LRTT_-768x144-1-300x56.png 300w\" sizes=\"(max-width: 1450px) 100vw, 1450px\" \/><\/figure>\n\n\n\n<p class=\"has-black-color has-text-color has-background\" style=\"background-color:#f1fef9;font-size:19px\">Maniem rakstiem ir ne tikai informat\u012bva un virzo\u0161a loma, bet ar\u012b svar\u012bga izgl\u012btojo\u0161\u0101 sast\u0101vda\u013ca. T\u0101p\u0113c \u012bsi par to, ko varam m\u0101c\u012bties no tikko public\u0113t\u0101s rakstu s\u0113rijas <strong>\u201cMilit\u0101ra tautas pa\u0161p\u0101rvalde\u201d.<\/strong><\/p>\n\n\n\n<p class=\"has-black-color has-text-color has-background\" style=\"background-color:#f1fef9;font-size:19px\">Rakstu par jauno realit\u0101ti jau vair\u0101k k\u0101 3 gadus. \u0160ai realit\u0101tei ir savas likumsakar\u012bbas kuras j\u0101saprot. Pret\u0113j\u0101 gad\u012bjum\u0101 cilv\u0113ks var non\u0101kt pretrun\u0101s ar savu apk\u0101rtni. Tas savuk\u0101rt noved\u012bs pie smag\u0101m sek\u0101m pa\u0161am cilv\u0113kam un apk\u0101rt eso\u0161ajiem.<\/p>\n\n\n\n<p class=\"has-black-color has-text-color has-background\" style=\"background-color:#f1fef9;font-size:19px\">Viena no svar\u012bg\u0101m likumsakar\u012bb\u0101m skan t\u0101 <strong>\u201cidejai ir vienalga kur\u0161 to pa\u0146em\u201d. <\/strong>Esmu atk\u0101rtojis sevi\u0161\u0137i bie\u017ei, tom\u0113r saprasts v\u0113l nav. Min\u0113t\u0101s rakstu s\u0113rijas koment\u0113t\u0101ji bie\u017ei atz\u012bst, ka latvie\u0161u tautai t\u0101di p\u0101rk\u0101rtojumi nav pa sp\u0113kam. Man personiski ir gr\u016bti par to spriest.<\/p>\n\n\n\n<p class=\"has-black-color has-text-color has-background\" style=\"background-color:#f1fef9;font-size:19px\">Kam tas ir pa sp\u0113kam ?<\/p>\n\n\n\n<p class=\"has-black-color has-text-color has-background\" style=\"background-color:#f1fef9;font-size:19px\">Varb\u016bt <strong>Latvijai<\/strong> naid\u012bgajiem sp\u0113kiem ?<\/p>\n\n\n\n<p class=\"has-black-color has-text-color has-background\" style=\"background-color:#f1fef9;font-size:19px\">Pal\u016bkosimies, kas notiks, ja \u0161o ideju pa\u0146ems m\u016bsu pretinieki. Vi\u0146i var\u0113tu dar\u012bt t\u0101.<\/p>\n\n\n\n<p class=\"has-black-color has-text-color has-background\" style=\"background-color:#f1fef9;font-size:19px\">\u2013 Ieliek <strong>Mairi Briedi<\/strong> par valsts prezidentu, un vi\u0146am apk\u0101rt saliek krievu \u010dekistus un ugolov\u0146ikus.<\/p>\n\n\n\n<p class=\"has-black-color has-text-color has-background\" style=\"background-color:#f1fef9;font-size:19px\">\u2013 Vi\u0146i veic valst\u012b p\u0101rk\u0101rtojumus, k\u0101 aprakst\u012bts 3. da\u013c\u0101<\/p>\n\n\n\n<figure class=\"wp-block-embed is-type-wp-embed is-provider-iegult wp-block-embed-iegult\"><div class=\"wp-block-embed__wrapper\">\n<blockquote class=\"wp-embedded-content\" data-secret=\"WioiZQPKvk\"><a href=\"https:\/\/tautastribunals.eu\/?p=62599\">R. Bruners. Milit\u0101ra tautas pa\u0161p\u0101rvalde, 3. da\u013ca<\/a><\/blockquote><iframe class=\"wp-embedded-content\" sandbox=\"allow-scripts\" security=\"restricted\" style=\"position: absolute; clip: rect(1px, 1px, 1px, 1px);\" title=\"&#8220;R. Bruners. Milit\u0101ra tautas pa\u0161p\u0101rvalde, 3. da\u013ca&#8221; &#8212; \" src=\"https:\/\/tautastribunals.eu\/?p=62599&#038;embed=true#?secret=WioiZQPKvk\" data-secret=\"WioiZQPKvk\" width=\"500\" height=\"282\" frameborder=\"0\" marginwidth=\"0\" marginheight=\"0\" scrolling=\"no\"><\/iframe>\n<\/div><\/figure>\n\n\n\n<p class=\"has-black-color has-text-color has-background\" style=\"background-color:#ecf7f3;font-size:19px\">zem virsraksta <strong>\u201cValsts prezidenta r\u012bc\u012bbas\u201d;<\/strong> iz\u0146emot tautas apbru\u0146o\u0161anu, un pa\u0161vald\u012bbas p\u0101rk\u0101rto pa savam.<\/p>\n\n\n\n<p class=\"has-black-color has-text-color has-background\" style=\"background-color:#ecf7f3;font-size:19px\">\u2013<strong> Latvija<\/strong> izst\u0101jas no <strong>NATO,<\/strong> bet var palikt <strong>Eiropas Savien\u012bb\u0101.<\/strong><\/p>\n\n\n\n<p class=\"has-black-color has-text-color has-background\" style=\"background-color:#ecf7f3;font-size:19px\">Ja<strong> Krievijai<\/strong> ir nodoms anekt\u0113t <strong>Latviju,<\/strong> tad \u0161aj\u0101 situ\u0101cij\u0101 nek\u0101das milit\u0101ras aktivit\u0101tes nav vajadz\u012bgas. Var patur\u0113t valsts atrib\u016btus, karogu, himnu, ..<\/p>\n\n\n\n<p>29.07.22<\/p>\n","protected":false},"excerpt":{"rendered":"<p>Maniem rakstiem ir ne tikai informat\u012bva un virzo\u0161a loma, bet ar\u012b svar\u012bga izgl\u012btojo\u0161\u0101 sast\u0101vda\u013ca. T\u0101p\u0113c \u012bsi par to, ko varam m\u0101c\u012bties no tikko public\u0113t\u0101s rakstu s\u0113rijas \u201cMilit\u0101ra tautas pa\u0161p\u0101rvalde\u201d. Rakstu par jauno realit\u0101ti jau&#46;&#46;&#46;<\/p>\n","protected":false},"author":1,"featured_media":57801,"comment_status":"open","ping_status":"open","sticky":false,"template":"","format":"standard","meta":[],"categories":[1,11],"tags":[],"_links":{"self":[{"href":"https:\/\/tautastribunals.eu\/index.php?rest_route=\/wp\/v2\/posts\/62638"}],"collection":[{"href":"https:\/\/tautastribunals.eu\/index.php?rest_route=\/wp\/v2\/posts"}],"about":[{"href":"https:\/\/tautastribunals.eu\/index.php?rest_route=\/wp\/v2\/types\/post"}],"author":[{"embeddable":true,"href":"https:\/\/tautastribunals.eu\/index.php?rest_route=\/wp\/v2\/users\/1"}],"replies":[{"embeddable":true,"href":"https:\/\/tautastribunals.eu\/index.php?rest_route=%2Fwp%2Fv2%2Fcomments&post=62638"}],"version-history":[{"count":2,"href":"https:\/\/tautastribunals.eu\/index.php?rest_route=\/wp\/v2\/posts\/62638\/revisions"}],"predecessor-version":[{"id":62640,"href":"https:\/\/tautastribunals.eu\/index.php?rest_route=\/wp\/v2\/posts\/62638\/revisions\/62640"}],"wp:featuredmedia":[{"embeddable":true,"href":"https:\/\/tautastribunals.eu\/index.php?rest_route=\/wp\/v2\/media\/57801"}],"wp:attachment":[{"href":"https:\/\/tautastribunals.eu\/index.php?rest_route=%2Fwp%2Fv2%2Fmedia&parent=62638"}],"wp:term":[{"taxonomy":"category","embeddable":true,"href":"https:\/\/tautastribunals.eu\/index.php?rest_route=%2Fwp%2Fv2%2Fcategories&post=62638"},{"taxonomy":"post_tag","embeddable":true,"href":"https:\/\/tautastribunals.eu\/index.php?rest_route=%2Fwp%2Fv2%2Ftags&post=62638"}],"curies":[{"name":"wp","href":"https:\/\/api.w.org\/{rel}","templated":true}]}}