{"id":62599,"date":"2022-07-24T13:48:57","date_gmt":"2022-07-24T10:48:57","guid":{"rendered":"https:\/\/tautastribunals.eu\/?p=62599"},"modified":"2022-07-25T19:21:02","modified_gmt":"2022-07-25T16:21:02","slug":"r-bruners-militara-tautas-pasparvalde-3-dala","status":"publish","type":"post","link":"https:\/\/tautastribunals.eu\/?p=62599","title":{"rendered":"R. Bruners. Milit\u0101ra tautas pa\u0161p\u0101rvalde, 3. da\u013ca"},"content":{"rendered":"\n<figure class=\"wp-block-image size-large is-resized\"><img decoding=\"async\" loading=\"lazy\" src=\"https:\/\/tautastribunals.eu\/wp-content\/uploads\/2020\/09\/1.-Rids-Bruners.L.Grantins.J.Ziverts.Latvija.LRTT_-768x144-2.png\" alt=\"\" class=\"wp-image-57801\" width=\"1450\" height=\"272\" srcset=\"https:\/\/tautastribunals.eu\/wp-content\/uploads\/2020\/09\/1.-Rids-Bruners.L.Grantins.J.Ziverts.Latvija.LRTT_-768x144-2.png 768w, https:\/\/tautastribunals.eu\/wp-content\/uploads\/2020\/09\/1.-Rids-Bruners.L.Grantins.J.Ziverts.Latvija.LRTT_-768x144-2-300x56.png 300w\" sizes=\"(max-width: 1450px) 100vw, 1450px\" \/><\/figure>\n\n\n\n<figure class=\"wp-block-image size-large is-resized\"><img decoding=\"async\" loading=\"lazy\" src=\"https:\/\/tautastribunals.eu\/wp-content\/uploads\/2022\/07\/Bruners-1.jpg\" alt=\"\" class=\"wp-image-62620\" width=\"1213\" height=\"894\" srcset=\"https:\/\/tautastribunals.eu\/wp-content\/uploads\/2022\/07\/Bruners-1.jpg 600w, https:\/\/tautastribunals.eu\/wp-content\/uploads\/2022\/07\/Bruners-1-300x221.jpg 300w\" sizes=\"(max-width: 1213px) 100vw, 1213px\" \/><figcaption>Latvijas valsts karogs un Valsts prezidenta standarts pirms nolai\u0161anas ceremonijas R\u012bgas pils Sv\u0113t\u0101 Gara torn\u012b.<\/figcaption><\/figure>\n\n\n\n<p class=\"has-text-align-center has-white-color has-text-color has-background\" style=\"background-color:#055839;font-size:25px\">R. Bruners. Milit\u0101ra tautas pa\u0161p\u0101rvalde, 3. da\u013ca<\/p>\n\n\n\n<p class=\"has-black-color has-text-color has-background\" style=\"background-color:#ecf9f4;font-size:19px\">Iepriek\u0161\u0113j\u0101 da\u013c\u0101<a href=\"https:\/\/tautastribunals.eu\/?p=62580\" target=\"_blank\" rel=\"noreferrer noopener\"> <\/a><span class=\"has-inline-color has-vivid-purple-color\"><a href=\"https:\/\/tautastribunals.eu\/?p=62580\" target=\"_blank\" rel=\"noreferrer noopener\">https:\/\/tautastribunals.eu\/?p=62580<\/a> <\/span>apl\u016bkoj\u0101m k\u0101 darbojas pa\u0161p\u0101rvalde, kur\u0101 nav politisk\u0101s sist\u0113mas. \u0160aj\u0101 da\u013c\u0101 par to, k\u0101diem l\u012bdzek\u013ciem un sp\u0113kiem iesp\u0113jams pa\u0161p\u0101rvaldi ieviest. Virzo\u0161ais sp\u0113ks ir Valsts prezidents sav\u0101 bru\u0146oto sp\u0113ku virspav\u0113lnieka status\u0101. Vi\u0146\u0161 r\u012bkojas saska\u0146\u0101 ar Satversmi un likumiem, savas kompetences ietvaros.<\/p>\n\n\n\n<p class=\"has-black-color has-text-color has-background\" style=\"background-color:#ecf9f4;font-size:22px\"><strong>Kop\u0161 1944. gada vara Latvij\u0101 nav main\u012bjusies<\/strong><\/p>\n\n\n\n<p class=\"has-black-color has-text-color has-background\" style=\"background-color:#ecf9f4;font-size:19px\">Pirms \u0137eramies pie lietas, \u012bsi par<em> varas<\/em> b\u016bt\u012bbu. Diem\u017e\u0113l m\u0113s bie\u017ei jaucam varu ar t\u0101diem j\u0113dzieniem k\u0101 sabiedrisk\u0101 iek\u0101rta, ekonomisk\u0101s attiec\u012bbas un p\u0101rvaldes sist\u0113ma. &#8220;<em>Vara<\/em> ir tas, kas izlido no \u0161autenes stobra&#8221;, k\u0101 teica \u0137\u012bnie\u0161u priek\u0161s\u0113d\u0113t\u0101js Mao. Diktatori, huntas un totalit\u0101ri re\u017e\u012bmi neat\u0161\u0137iras ar augstu intelektu. Tom\u0113r tiem nav gr\u016bt\u012bbu saglab\u0101t savu <em>varu, <\/em>mainoties iek\u0101rtai, saglab\u0101jot kontroli p\u0101r saimniec\u012bbu un p\u0101rvaldi.<\/p>\n\n\n\n<p class=\"has-black-color has-text-color has-background\" style=\"background-color:#ecf9f4;font-size:19px\">P\u0113c Latvijas Republikas (LR) proklam\u0113\u0161anas 1918. gad\u0101 LR past\u0101v\u0113\u0161ana bij\u0101 j\u0101izc\u012bna ar Latvijas <em>milit\u0101ru<\/em> sp\u0113ku. Rezult\u0101t\u0101 <em>varu <\/em>nodibin\u0101ja Latvijas iedz\u012bvot\u0101ji. Valsts ar labiem pan\u0101kumiem past\u0101v\u0113ja l\u012bdz 1939. gadam, kad <em>varu <\/em>p\u0101r\u0146\u0113ma PSRS ar <em>milit\u0101ru <\/em>sp\u0113ku. Sekoja kar\u0161, un <em>vara<\/em> main\u012bj\u0101s starp PSRS un v\u0101cu <em>milit\u0101rajiem <\/em>sp\u0113kiem, kas Latvij\u0101 beidz\u0101s ar PSRS <em>milit\u0101ro <\/em>uzvaru 1944. gad\u0101. Pie \u0161\u012bs<em> varas<\/em> dz\u012bvojam ar\u012b pa\u0161reiz.<\/p>\n\n\n\n<p class=\"has-black-color has-text-color has-background\" style=\"background-color:#ecf9f4;font-size:19px\">V\u0113l vienu labu piem\u0113ru guvu no savas 30+ gadu senas sarunas ar k\u0101du \u010dekistu. &#8220;Galvenais ir saglab\u0101t kontroli p\u0101r sp\u0113ka strukt\u016br\u0101m. Ja tas ir, tad tur virs\u016b var uzb\u016bv\u0113t visu, kas ien\u0101k pr\u0101t\u0101&#8221;.<\/p>\n\n\n\n<p class=\"has-black-color has-text-color has-background\" style=\"background-color:#ecf9f4;font-size:19px\">Varu nevar izmain\u012bt ne ar v\u0113l\u0113\u0161an\u0101m, ne ar starptautiskiem l\u012bgumiem, ko nosl\u0113dz \u0161\u012bs pa\u0161as varas p\u0101rst\u0101vji.<\/p>\n\n\n\n<p class=\"has-black-color has-text-color has-background\" style=\"background-color:#ecf9f4;font-size:22px\"><strong>Valsts prezidenta r\u012bc\u012bbas<\/strong><\/p>\n\n\n\n<p class=\"has-black-color has-text-color has-background\" style=\"background-color:#ecf9f4;font-size:19px\">Labi motiv\u0113ts prezidents izskaidro sabiedr\u012bbai sagaid\u0101mo p\u0101rk\u0101rtojumu noz\u012bmi, k\u0101 aprakst\u012bts raksta 1. da\u013c\u0101 <a href=\"https:\/\/tautastribunals.eu\/?p=62540\" target=\"_blank\" rel=\"noreferrer noopener\"><span class=\"has-inline-color has-vivid-purple-color\">https:\/\/tautastribunals.eu\/?p=62540<\/span><\/a> . Bru\u0146otie sp\u0113ki un zemessardze ir p\u0101rk\u0101rtojumu garants. T\u0101p\u0113c prezidents personiski p\u0101rliecin\u0101s, ka \u0161ie sp\u0113ki atbilst veicam\u0101 uzdevuma nodro\u0161in\u0101\u0161anai, nepiecie\u0161am\u012bbas gad\u012bjum\u0101 veicot p\u0101rk\u0101rtojumus sp\u0113kos.<\/p>\n\n\n\n<p class=\"has-black-color has-text-color has-background\" style=\"background-color:#ecf9f4;font-size:19px\">Prezidents personiski iesaist\u0101s Saeimas darb\u0101, noskaidrojot aktu\u0101los jaut\u0101jumus, probl\u0113mas, un apg\u016bstot Saeimas darbu kopum\u0101. P\u0113c Saeimas atlai\u0161anas vi\u0146\u0161 izveido &#8220;valsts likumdo\u0161anas biroju&#8221; sav\u0101 pak\u013caut\u012bb\u0101, kas veic k\u0101rt\u0113jos likumdo\u0161anas darbus. L\u012bdz\u0101s profesion\u0101liem juristiem biroj\u0101 darbu var turpin\u0101t sakar\u012bgie Saeimas deput\u0101ti un darbinieki, ja vi\u0146i to v\u0113las.<\/p>\n\n\n\n<p class=\"has-black-color has-text-color has-background\" style=\"background-color:#ecf9f4;font-size:19px\">Prezidents izdod ties\u012bbu aktu, kas paredz pilso\u0146iem ties\u012bbas tur\u0113t personisk\u0101 \u012bpa\u0161um\u0101 str\u0113lnieku iero\u010dus. Vald\u012bba izdod attiec\u012bgos normat\u012bvus \u0161aj\u0101 sakar\u0101, un izveido attiec\u012bgo vad\u012bbas un kontroles iest\u0101di. \u0160aj\u0101 jom\u0101 var p\u0101r\u0146emt, piem\u0113ram, ASV pieredzi ar Latvijai atbilsto\u0161\u0101m izmai\u0146\u0101m.<\/p>\n\n\n\n<p class=\"has-black-color has-text-color has-background\" style=\"background-color:#ecf9f4;font-size:19px\">Valsts prezidents kop\u0101 ar Ministru prezidentu veic (lielo) pa\u0161vald\u012bbu auditu. Taj\u0101 v\u0113rt\u0113 riskus, kas past\u0101v \u0161aj\u0101s pa\u0161vald\u012bb\u0101s saist\u012bb\u0101 ar korupciju, atkar\u012bbu no krimin\u0101l\u0101m un \u0101rvalstu strukt\u016br\u0101m, vad\u012bbas kvalit\u0101ti un citiem apst\u0101k\u013ciem, saist\u012bb\u0101 ar pa\u0161vald\u012bbu intere\u0161u atbilst\u012bbu sabiedr\u012bbas un valsts interes\u0113m.<\/p>\n\n\n\n<p class=\"has-black-color has-text-color has-background\" style=\"background-color:#ecf9f4;font-size:19px\">P\u0113c audita vald\u012bba pie\u0146em l\u0113mumus par neatbilsto\u0161o pa\u0161vald\u012bbu darb\u012bbas p\u0101rtrauk\u0161anu, un iece\u013c (milit\u0101ru) komandantu katr\u0101 attiec\u012bgaj\u0101 pa\u0161vald\u012bb\u0101. Komandantam ir pilna autorit\u0101te p\u0101r pa\u0161vald\u012bbas r\u012bc\u012bb\u0101m un resursiem. Ja nepiecie\u0161ams, komandanta statusu un atbild\u012bbu nosaka ties\u012bbu aktos.<\/p>\n\n\n\n<p class=\"has-black-color has-text-color has-background\" style=\"background-color:#ecf9f4;font-size:19px\">Prezidents izdod ties\u012bbu aktu, kas paredz pilso\u0146iem ties\u012bbas veidot pa\u0161vald\u012bbas p\u0113c saviem ieskatiem. Pilso\u0146u veidot\u0101s pa\u0161vald\u012bbas var veidot augst\u0101ka l\u012bme\u0146a pa\u0161vald\u012bbas p\u0113c saviem ieskatiem, vai ar\u012b iek\u013cauties eso\u0161aj\u0101 pa\u0161vald\u012bbu sist\u0113m\u0101. Vald\u012bba izdod attiec\u012bgos normat\u012bvus un uzdod attiec\u012bgajai ministrijai re\u0123istr\u0101cijas un uzraudz\u012bbas funkciju. Uzraudz\u012bba \u0161aj\u0101 gad\u012bjum\u0101 noz\u012bm\u0113 atbilst\u012bbas kontroli. Tas ir, ka pa\u0161vald\u012bba izveidota atbilsto\u0161i pilso\u0146u br\u012bvas gribas izpausmei.<\/p>\n\n\n\n<p class=\"has-black-color has-text-color has-background\" style=\"background-color:#ecf9f4;font-size:19px\">Prezidents izmaina v\u0113l\u0113\u0161anu likumu, paredzot valsts un pa\u0161vald\u012bbu izpildvaras instit\u016bciju vad\u012bt\u0101ju v\u0113l\u0113\u0161anas &#8230;<\/p>\n\n\n\n<p class=\"has-black-color has-text-color has-background\" style=\"background-color:#ecf9f4;font-size:19px\">T\u0101 var\u0113tu turpin\u0101t, tom\u0113r ideja ir skaidra. P\u0101rk\u0101rtojumi ienes\u012bs izmai\u0146as p\u0101r\u0101k r\u016bp\u012bgi iztirz\u0101tos pl\u0101nos.<\/p>\n\n\n\n<p class=\"has-black-color has-text-color has-background\" style=\"background-color:#ecf9f4;font-size:22px\"><strong>Nobeigums<\/strong><\/p>\n\n\n\n<p class=\"has-black-color has-text-color has-background\" style=\"background-color:#ecf9f4;font-size:19px\">Vai iesp\u0113jams, ka prezidenta amat\u0101 non\u0101k person\u012bba ar pieredz\u0113ju\u0161u domu biedru grupu, kam b\u016btu pa sp\u0113kam \u0161\u0101da m\u0113roga uzdevums? Vai iesp\u0113jams aizv\u0101kt korumpantus, noziedzniekus un \u0101rvalstu a\u0123entus no valsts p\u0101rvaldes un pa\u0161vald\u012bb\u0101m? Vai mums visp\u0101r ir tik daudz god\u012bgu un labi motiv\u0113tu cilv\u0113ku p\u0101rvald\u0113, bru\u0146otajos sp\u0113kos, policij\u0101 un citur, lai p\u0101rk\u0101rtojumus veiktu?<\/p>\n\n\n\n<p class=\"has-black-color has-text-color has-background\" style=\"background-color:#ecf9f4;font-size:19px\">Ja pilsonis ar savu uzved\u012bbu ir pier\u0101d\u012bjis, ka nav loj\u0101ls Latvijas Republikai, vi\u0146\u0161 ieroci sa\u0146emt nedr\u012bkst. Varb\u016bt \u0161ai kategorijai iero\u010di jau ir, vai vi\u0146i tos var ieg\u016bt, ja vajag.<\/p>\n\n\n\n<p class=\"has-black-color has-text-color has-background\" style=\"background-color:#ecf9f4;font-size:19px\">P\u0101rk\u0101rtojumus var\u0113tu veikt 2-3 gados, tas b\u016btu \u012bs\u0101kais termi\u0146\u0161. Laiku prasa visi min\u0113tie punkti. Iedom\u0101jieties, ka vidusm\u0113ra latvie\u0161u puisis ir ieguvis sav\u0101 \u012bpa\u0161um\u0101 ieroci. Vi\u0146\u0161 ir iem\u0101c\u012bjies ar to r\u012bkoties, atbilst vis\u0101m pras\u012bb\u0101m u.t.t. Paies laiks, kam\u0113r vi\u0146\u0161 pa \u012bstam apzin\u0101sies savu jauno &#8220;varne\u0161a&#8221; statusu. Tas ir, saprat\u012bs, ko vi\u0146\u0161 <em>var <\/em>dar\u012bt ar ieroci, un ko vi\u0146\u0161 nek\u0101d\u0101 gad\u012bjum\u0101<em> nedr\u012bkst <\/em>dar\u012bt. Tas pats attiecas uz pa\u0161vald\u012bb\u0101m, ko nodibina pilso\u0146i. Nodr\u0101ztais teiciens &#8220;s\u0101kt dom\u0101t pa jaunam&#8221; te ir \u012bsti viet\u0101.<\/p>\n\n\n\n<p class=\"has-black-color has-text-color has-background\" style=\"background-color:#ecf9f4;font-size:19px\">Valst\u012b viss ir savstarp\u0113j\u0101 saist\u012bb\u0101, t\u0101p\u0113c daudzi svar\u012bgi jaut\u0101jumi \u0161eit nav skat\u012bti visp\u0101r. Jaut\u0101jum\u0101 par valsts un pa\u0161vald\u012bbu finans\u0113m ar laiku b\u016btu j\u0101p\u0101riet no nodok\u013ciem uz m\u0113r\u0137a maks\u0101jumiem. Cilv\u0113ki maks\u0101 nevis nodok\u013cus kop\u0113j\u0101 katl\u0101, ko p\u0113c tam sadala ier\u0113d\u0146i, bet konkr\u0113tam m\u0113r\u0137im. Katram m\u0113r\u0137im ir savs konts, kura st\u0101vokli attiec\u012bgie maks\u0101t\u0101ji kontrol\u0113. T\u0101p\u0113c to var\u0113tu saukt par &#8220;bud\u017eeta kontu sist\u0113mu&#8221;, par ko \u012bsum\u0101 rakst\u012bju iepriek\u0161<span class=\"has-inline-color has-vivid-purple-color\"> <a href=\"https:\/\/tautastribunals.eu\/?p=59028\" target=\"_blank\" rel=\"noreferrer noopener\">https:\/\/tautastribunals.eu\/?p=59028<\/a> <\/span>.<\/p>\n\n\n\n<p class=\"has-black-color has-text-color has-background\" style=\"background-color:#ecf9f4;font-size:19px\">Epid\u0113mijas, kar\u0161, nabadz\u012bba un varb\u016bt ar\u012b bads &#8211; t\u0101du realit\u0101ti mums b\u016bv\u0113 eso\u0161\u0101 vara. Izdz\u012bvos tie, kuri sp\u0113s saglab\u0101t iek\u0161\u0113ju br\u012bv\u012bbu un atbilsto\u0161i r\u012bkosies, sadarb\u012bb\u0101 citiem t\u0101diem pa\u0161iem br\u012bviem, dz\u012bviem cilv\u0113kiem. Tie, kuri labtic\u012bgi pak\u013causies glob\u0101laj\u0101m milzu af\u0113r\u0101m un iesaist\u012bsies taj\u0101s, visdzr\u012bz\u0101k ies boj\u0101.<\/p>\n\n\n\n<p class=\"has-black-color has-text-color has-background\" style=\"background-color:#ecf9f4;font-size:19px\">&#8212;<\/p>\n\n\n\n<p class=\"has-black-color has-text-color has-background\" style=\"background-color:#ecf9f4;font-size:19px\">Foto no la.lv<\/p>\n\n\n\n<p>24.07.22<\/p>\n\n\n\n<p><\/p>\n","protected":false},"excerpt":{"rendered":"<p>R. Bruners. Milit\u0101ra tautas pa\u0161p\u0101rvalde, 3. da\u013ca Iepriek\u0161\u0113j\u0101 da\u013c\u0101 https:\/\/tautastribunals.eu\/?p=62580 apl\u016bkoj\u0101m k\u0101 darbojas pa\u0161p\u0101rvalde, kur\u0101 nav politisk\u0101s sist\u0113mas. \u0160aj\u0101 da\u013c\u0101 par to, k\u0101diem l\u012bdzek\u013ciem un sp\u0113kiem iesp\u0113jams pa\u0161p\u0101rvaldi ieviest. Virzo\u0161ais sp\u0113ks ir Valsts prezidents&#46;&#46;&#46;<\/p>\n","protected":false},"author":1,"featured_media":57801,"comment_status":"open","ping_status":"open","sticky":false,"template":"","format":"standard","meta":[],"categories":[1,11],"tags":[],"_links":{"self":[{"href":"https:\/\/tautastribunals.eu\/index.php?rest_route=\/wp\/v2\/posts\/62599"}],"collection":[{"href":"https:\/\/tautastribunals.eu\/index.php?rest_route=\/wp\/v2\/posts"}],"about":[{"href":"https:\/\/tautastribunals.eu\/index.php?rest_route=\/wp\/v2\/types\/post"}],"author":[{"embeddable":true,"href":"https:\/\/tautastribunals.eu\/index.php?rest_route=\/wp\/v2\/users\/1"}],"replies":[{"embeddable":true,"href":"https:\/\/tautastribunals.eu\/index.php?rest_route=%2Fwp%2Fv2%2Fcomments&post=62599"}],"version-history":[{"count":9,"href":"https:\/\/tautastribunals.eu\/index.php?rest_route=\/wp\/v2\/posts\/62599\/revisions"}],"predecessor-version":[{"id":62625,"href":"https:\/\/tautastribunals.eu\/index.php?rest_route=\/wp\/v2\/posts\/62599\/revisions\/62625"}],"wp:featuredmedia":[{"embeddable":true,"href":"https:\/\/tautastribunals.eu\/index.php?rest_route=\/wp\/v2\/media\/57801"}],"wp:attachment":[{"href":"https:\/\/tautastribunals.eu\/index.php?rest_route=%2Fwp%2Fv2%2Fmedia&parent=62599"}],"wp:term":[{"taxonomy":"category","embeddable":true,"href":"https:\/\/tautastribunals.eu\/index.php?rest_route=%2Fwp%2Fv2%2Fcategories&post=62599"},{"taxonomy":"post_tag","embeddable":true,"href":"https:\/\/tautastribunals.eu\/index.php?rest_route=%2Fwp%2Fv2%2Ftags&post=62599"}],"curies":[{"name":"wp","href":"https:\/\/api.w.org\/{rel}","templated":true}]}}