{"id":62432,"date":"2022-06-25T06:37:26","date_gmt":"2022-06-25T03:37:26","guid":{"rendered":"https:\/\/tautastribunals.eu\/?p=62432"},"modified":"2022-06-25T12:06:28","modified_gmt":"2022-06-25T09:06:28","slug":"parmainas-patiesibas-sacisana-latvija-esot-nacionala-naida-kurinasana","status":"publish","type":"post","link":"https:\/\/tautastribunals.eu\/?p=62432","title":{"rendered":"P\u0101rmai\u0146as. Paties\u012bbas sac\u012b\u0161ana Latvij\u0101 esot nacion\u0101l\u0101 naida kurin\u0101\u0161ana !"},"content":{"rendered":"\n<figure class=\"wp-block-image size-large is-resized\"><img decoding=\"async\" loading=\"lazy\" src=\"https:\/\/tautastribunals.eu\/wp-content\/uploads\/2019\/03\/www.tautastribunals.eu-1411-800x112.png\" alt=\"\" class=\"wp-image-49759\" width=\"1450\" height=\"203\" srcset=\"https:\/\/tautastribunals.eu\/wp-content\/uploads\/2019\/03\/www.tautastribunals.eu-1411-800x112.png 800w, https:\/\/tautastribunals.eu\/wp-content\/uploads\/2019\/03\/www.tautastribunals.eu-1411-300x42.png 300w, https:\/\/tautastribunals.eu\/wp-content\/uploads\/2019\/03\/www.tautastribunals.eu-1411-768x108.png 768w, https:\/\/tautastribunals.eu\/wp-content\/uploads\/2019\/03\/www.tautastribunals.eu-1411.png 950w\" sizes=\"(max-width: 1450px) 100vw, 1450px\" \/><\/figure>\n\n\n\n<p class=\"has-white-color has-black-background-color has-text-color has-background\" style=\"font-size:19px\">Paties\u012bbas teik\u0161ana un krievu sauk\u0161ana par okupantiem esot nacion\u0101l\u0101 naida kurin\u0101\u0161ana !!! Tad j\u0101secina, ka nacion\u0101l\u0101 goda aizst\u0101v\u0113\u0161ana ir aizliegta. Savuk\u0101rt no mums pieprasa, lai m\u0113s melojam pa\u0161i sev, t\u0101pat k\u0101 vi\u0146i melo, kur sevi aizst\u0101v\u0113t nedr\u012bkst neviena tauta. Krievi, kas paties\u012bb\u0101 ir p\u0101rkrievotas da\u017e\u0101das tautas, ir \u012bstenie vergu vergi, bez kuru atbalsta nevar\u0113tu past\u0101v\u0113t neviens re\u017e\u012bms. <strong>19:40 \u2013 40:00 min.<\/strong><br><br><\/p>\n\n\n\n<figure class=\"wp-block-embed is-type-video is-provider-youtube wp-block-embed-youtube wp-embed-aspect-16-9 wp-has-aspect-ratio\"><div class=\"wp-block-embed__wrapper\">\n<div class=\"video-container\"><iframe loading=\"lazy\" title=\"\u0420\u0410\u0411\u0421\u041a\u0418\u0419 \u041c\u0418\u0420. \u041c\u0430\u043b\u043e\u0440\u043e\u0441 \u2014 \u044d\u0442\u043e \u0440\u0430\u0431 \u0440\u0430\u0431\u0430, \u043d\u0438\u0437\u0448\u0435\u0435 \u0441\u0443\u0449\u0435\u0441\u0442\u0432\u043e \u043d\u0430 \u0441\u0432\u0435\u0442\u0435\" width=\"500\" height=\"281\" src=\"https:\/\/www.youtube.com\/embed\/amSsg1INhrA?feature=oembed&#038;wmode=opaque\" frameborder=\"0\" allow=\"accelerometer; autoplay; clipboard-write; encrypted-media; gyroscope; picture-in-picture\" allowfullscreen><\/iframe><\/div>\n<\/div><\/figure>\n\n\n\n<p class=\"has-white-color has-black-background-color has-text-color has-background\" style=\"font-size:19px\">Ar \u0161o gribu piev\u0113rst uzman\u012bbu, kas ir m\u016bsu b\u0113rnu skolot\u0101ji, p\u0113c vis\u0101m reform\u0101m un mazo skolu izn\u012bcin\u0101\u0161anas. Tur paliku\u0161i vergu vergi, kas v\u0101rdu okupants un okup\u0101cija nevar izdvest p\u0101r l\u016bp\u0101m, nemaz nerun\u0101jot par samierin\u0101\u0161anos ar okupantu valodu, vis\u0101s dz\u012bves sf\u0113r\u0101s. Uz jaut\u0101jumu skolot\u0101jai, k\u0101d\u0113\u013c no norm\u0101las latvie\u0161u skolas netiek patriekti krieve\u013cu pusband\u012bti, atbilde ir ku\u0161 ku\u0161, tie ir ietekm\u012bgu cilv\u0113ku b\u0113rni. T\u0101 degrad\u0113jas skola p\u0113c skolas, paaudze p\u0113c paaudzes, l\u012bdz degrad\u0113simies l\u012bdz vi\u0146u l\u012bmenim, kur lam\u0101ties m\u0101tom, skolu gaite\u0146os ir palicis par normu.<br>\u013boti ceru, ka \u201cL\u012bgo ir laiks, kad daba sastingst, lai nodal\u012btu gaismu no tumsas\u201d. L\u012bgo l\u012bgo.<\/p>\n\n\n\n<p class=\"has-white-color has-text-color has-background\" style=\"background-color:#2a678d;font-size:30px\">LRTT papildin\u0101jums<\/p>\n\n\n\n<p class=\"has-white-color has-vivid-red-background-color has-text-color has-background\" style=\"font-size:19px\">Atst\u0101t un atbalst\u012bt krievu okupantus <strong>Latvij\u0101 <\/strong>ir tautas nodev\u0113ju<strong> DZ\u012aV\u012aBAS UN N\u0100VES j<\/strong>aut\u0101jums. Tikai ar to pal\u012bdz\u012bbu \u0161odienas valdo\u0161ie var atrasties br\u012bv\u012bb\u0101 un turpin\u0101t slepkavot latvie\u0161u tautu. Vai tad zem\u0101k redzamajiem purniem nav <strong>J\u0100KAR\u0100JAS<\/strong> blakus <strong>Jekelnam<\/strong> ? Vai t\u0101di <strong>\u0161leseri, godma\u0146i, kri\u0161top\u0101ni, me\u017evieti, borovkovi un citi izk\u0101rn\u012bjumveid\u012bgie .<\/strong>.., ja neb\u016btu <strong>Latvij\u0101<\/strong> atst\u0101ti okupanti, var\u0113tu atrasties uz <strong>&#8220;br\u012bv\u0101m k\u0101j\u0101m&#8221; <\/strong>?<\/p>\n\n\n\n<figure class=\"wp-block-image size-large is-resized\"><img decoding=\"async\" loading=\"lazy\" src=\"https:\/\/tautastribunals.eu\/wp-content\/uploads\/2020\/01\/Kalme.-Savickis.Godmanis.Plaudis.Granti\u0146\u0161.LRTT_-1-543x800.png\" alt=\"\" class=\"wp-image-54538\" width=\"1450\" height=\"2136\" srcset=\"https:\/\/tautastribunals.eu\/wp-content\/uploads\/2020\/01\/Kalme.-Savickis.Godmanis.Plaudis.Granti\u0146\u0161.LRTT_-1-543x800.png 543w, https:\/\/tautastribunals.eu\/wp-content\/uploads\/2020\/01\/Kalme.-Savickis.Godmanis.Plaudis.Granti\u0146\u0161.LRTT_-1-204x300.png 204w, https:\/\/tautastribunals.eu\/wp-content\/uploads\/2020\/01\/Kalme.-Savickis.Godmanis.Plaudis.Granti\u0146\u0161.LRTT_-1.png 663w\" sizes=\"(max-width: 1450px) 100vw, 1450px\" \/><\/figure>\n\n\n\n<p>25.06.22<\/p>\n","protected":false},"excerpt":{"rendered":"<p>Paties\u012bbas teik\u0161ana un krievu sauk\u0161ana par okupantiem esot nacion\u0101l\u0101 naida kurin\u0101\u0161ana !!! Tad j\u0101secina, ka nacion\u0101l\u0101 goda aizst\u0101v\u0113\u0161ana ir aizliegta. Savuk\u0101rt no mums pieprasa, lai m\u0113s melojam pa\u0161i sev, t\u0101pat k\u0101 vi\u0146i melo, kur&#46;&#46;&#46;<\/p>\n","protected":false},"author":1,"featured_media":60327,"comment_status":"open","ping_status":"open","sticky":false,"template":"","format":"standard","meta":[],"categories":[1],"tags":[],"_links":{"self":[{"href":"https:\/\/tautastribunals.eu\/index.php?rest_route=\/wp\/v2\/posts\/62432"}],"collection":[{"href":"https:\/\/tautastribunals.eu\/index.php?rest_route=\/wp\/v2\/posts"}],"about":[{"href":"https:\/\/tautastribunals.eu\/index.php?rest_route=\/wp\/v2\/types\/post"}],"author":[{"embeddable":true,"href":"https:\/\/tautastribunals.eu\/index.php?rest_route=\/wp\/v2\/users\/1"}],"replies":[{"embeddable":true,"href":"https:\/\/tautastribunals.eu\/index.php?rest_route=%2Fwp%2Fv2%2Fcomments&post=62432"}],"version-history":[{"count":4,"href":"https:\/\/tautastribunals.eu\/index.php?rest_route=\/wp\/v2\/posts\/62432\/revisions"}],"predecessor-version":[{"id":62436,"href":"https:\/\/tautastribunals.eu\/index.php?rest_route=\/wp\/v2\/posts\/62432\/revisions\/62436"}],"wp:featuredmedia":[{"embeddable":true,"href":"https:\/\/tautastribunals.eu\/index.php?rest_route=\/wp\/v2\/media\/60327"}],"wp:attachment":[{"href":"https:\/\/tautastribunals.eu\/index.php?rest_route=%2Fwp%2Fv2%2Fmedia&parent=62432"}],"wp:term":[{"taxonomy":"category","embeddable":true,"href":"https:\/\/tautastribunals.eu\/index.php?rest_route=%2Fwp%2Fv2%2Fcategories&post=62432"},{"taxonomy":"post_tag","embeddable":true,"href":"https:\/\/tautastribunals.eu\/index.php?rest_route=%2Fwp%2Fv2%2Ftags&post=62432"}],"curies":[{"name":"wp","href":"https:\/\/api.w.org\/{rel}","templated":true}]}}