{"id":62397,"date":"2022-06-22T16:53:01","date_gmt":"2022-06-22T13:53:01","guid":{"rendered":"https:\/\/tautastribunals.eu\/?p=62397"},"modified":"2022-06-22T16:53:13","modified_gmt":"2022-06-22T13:53:13","slug":"krievi-ir-zaglu-slepkavu-un-izvarotaju-tautane-tauta-bet-cilveces-atkritumi","status":"publish","type":"post","link":"https:\/\/tautastribunals.eu\/?p=62397","title":{"rendered":"Krievi ir zag\u013cu, slepkavu un izvarot\u0101ju tauta(ne tauta, bet cilv\u0113ces atkritumi)"},"content":{"rendered":"\n<figure class=\"wp-block-image size-large is-resized\"><img decoding=\"async\" loading=\"lazy\" src=\"https:\/\/tautastribunals.eu\/wp-content\/uploads\/2020\/08\/Helsinki-86.-LRTT.-Granti\u0146\u0161.Bord\u0101ns.Stuk\u0101ns-7.png\" alt=\"\" class=\"wp-image-57111\" width=\"1450\" height=\"159\"\/><\/figure>\n\n\n\n<figure class=\"wp-block-embed is-type-video is-provider-youtube wp-block-embed-youtube wp-embed-aspect-16-9 wp-has-aspect-ratio\"><div class=\"wp-block-embed__wrapper\">\n<div class=\"video-container\"><iframe loading=\"lazy\" title=\"\u0426\u0435\u043d\u0430 \u0437\u0430 \u0433\u043e\u043b\u043e\u0432\u0443 \u041f\u0443\u0442\u0438\u043d\u0430 - \u041b\u0435\u0433\u0438\u043e\u043d \u0440\u043e\u0441\u0441\u0438\u044f\u043d \u0432\u043e\u044e\u0435\u0442 \u0432\u043e \u0438\u043c\u044f \u0423\u043a\u0440\u0430\u0438\u043d\u044b \u0438 \u0433\u043e\u0442\u043e\u0432 \u041b\u0418\u041a\u0412\u0418\u0414\u0418\u0420\u041e\u0412\u0410\u0422\u042c \u0441\u0432\u043e\u0438\u0445 - ICTV\" width=\"500\" height=\"281\" src=\"https:\/\/www.youtube.com\/embed\/HbeYDLhtDKQ?start=5&#038;feature=oembed&#038;wmode=opaque\" frameborder=\"0\" allow=\"accelerometer; autoplay; clipboard-write; encrypted-media; gyroscope; picture-in-picture\" allowfullscreen><\/iframe><\/div>\n<\/div><figcaption><strong><span style=\"color:#00d109\" class=\"has-inline-color\">Skaties, ar\u012b latvie\u0161i ir piemin\u0113ti !<\/span><\/strong><\/figcaption><\/figure>\n\n\n\n<p class=\"has-black-color has-text-color has-background\" style=\"background-color:#eff5fb;font-size:19px\">Atskatoties uz<strong> Krievijas<\/strong><em>(Moskovijas) <\/em>v\u0113sturi, m\u0113s nevaram atrast nevienu <strong>&#8220;epizodi&#8221;,<\/strong> kas liecin\u0101tu par cilv\u0113c\u012bbu.<\/p>\n\n\n\n<figure class=\"wp-block-image size-large is-resized\"><img decoding=\"async\" loading=\"lazy\" src=\"https:\/\/tautastribunals.eu\/wp-content\/uploads\/2021\/10\/Levs-Tolstojs.jpg\" alt=\"\" class=\"wp-image-60955\" width=\"1450\" height=\"352\" srcset=\"https:\/\/tautastribunals.eu\/wp-content\/uploads\/2021\/10\/Levs-Tolstojs.jpg 762w, https:\/\/tautastribunals.eu\/wp-content\/uploads\/2021\/10\/Levs-Tolstojs-300x73.jpg 300w\" sizes=\"(max-width: 1450px) 100vw, 1450px\" \/><\/figure>\n\n\n\n<p class=\"has-black-color has-text-color has-background\" style=\"background-color:#e9eff4;font-size:19px\">Vieni vien\u012bgi iekaro\u0161as kari, mierm\u012bl\u012bgo iedz\u012bvot\u0101ju masveid\u012bga slepkavo\u0161ana, materi\u0101lo bag\u0101t\u012bbu zag\u0161ana. Var tikai \u0101rpr\u0101t\u012bgos murgos iedom\u0101ties, k\u0101 \u0161ie<strong> moskovijas <\/strong>vamp\u012bri uzved\u0101s tai laik\u0101, kad nebija nek\u0101das <strong>MASU INFORMAT\u012aV\u0100S TELPAS<\/strong>, ja pat \u0161odien notiek kas pr\u0101tam neaptverams. Ja m\u0113s paskat\u0101mies, kas notiek \u0161odienas<strong> Krievij\u0101 <\/strong>un ko krievi dom\u0101 par ukrai\u0146iem, tad uzmetas zos\u0101da un neiedom\u0101jams pret\u012bgums pret \u0161iem <strong>&#8220;dz\u012bvniekiem&#8221;<\/strong>, jo cilv\u0113ku kategorij\u0101 vi\u0146i nav ierindojami ! Tikko notiku\u0161aj\u0101 aptauj\u0101<strong> Krievij\u0101 82% atbalsta Putinu <\/strong>un <strong>Ukrainas <\/strong>iekaro\u0161anu, ukrai\u0146u, k\u0101 etnosa izn\u012bcin\u0101\u0161anu ! Ja k\u0101ds v\u0113l p\u0113c visa notiku\u0161\u0101 \u0161os cilv\u0113ces atkritumus uzskata par cilv\u0113kiem, t\u0101ds ir j\u0101soda ar br\u012bv\u012bbas at\u0146em\u0161anu. Ja vi\u0146i tik drausm\u012bgi neieredz ukrai\u0146us, tad nav gr\u016bti iedom\u0101ties, k\u0101ds naids \u0161iem atkritumiem ir pret baltie\u0161iem ! <\/p>\n\n\n\n<figure class=\"wp-block-image size-large is-resized\"><img decoding=\"async\" loading=\"lazy\" src=\"https:\/\/tautastribunals.eu\/wp-content\/uploads\/2022\/06\/attels-1-800x351.png\" alt=\"\" class=\"wp-image-62410\" width=\"1450\" height=\"636\" srcset=\"https:\/\/tautastribunals.eu\/wp-content\/uploads\/2022\/06\/attels-1-800x351.png 800w, https:\/\/tautastribunals.eu\/wp-content\/uploads\/2022\/06\/attels-1-300x132.png 300w, https:\/\/tautastribunals.eu\/wp-content\/uploads\/2022\/06\/attels-1-768x337.png 768w, https:\/\/tautastribunals.eu\/wp-content\/uploads\/2022\/06\/attels-1.png 954w\" sizes=\"(max-width: 1450px) 100vw, 1450px\" \/><figcaption><strong><span style=\"color:#00d115\" class=\"has-inline-color\">\u010curkist\u0101nas vieplis !<\/span><\/strong><\/figcaption><\/figure>\n\n\n\n<p class=\"has-black-color has-text-color has-background\" style=\"background-color:#edf3f7;font-size:19px\">Redzot \u0161odienas krievu zv\u0113r\u012bbas, vai var v\u0113l b\u016bt \u0161aubas par to, ka<strong> Latvij\u0101<\/strong> j\u0101veic aizkav\u0113t\u0101 <strong>dekoloniz\u0101cija<\/strong>&#8211; kolaboracionistu vald\u012bbas<em>(Kari\u0146a &amp; Levita zag\u013cu bandas)<\/em> padz\u012b\u0161ana ? Okup\u0101cijas sek\u0101m<em>(krieviem)<\/em> nav vietas ne tikai<strong> Latvij\u0101, <\/strong>bet visp\u0101r starp cilv\u0113kiem. M\u0113s var\u0113j\u0101m p\u0101rliecin\u0101ties par \u0161o izdzimte\u0146u mentalit\u0101ti \u0161\u0101 gada <strong>10. maij\u0101 pie vi\u0146u OKUPEK\u013bA <\/strong>! Redz\u0113j\u0101m, cik krievu atn\u0101ca un paredz\u0113to m\u012bti\u0146u pret <strong>Ukrainas<\/strong> okup\u0101ciju ! <strong>Latvijas<\/strong> krievi par visiem 99% atbalsta <strong>Putinu<\/strong> un neieredz latvie\u0161us, bet proj\u0101m braukt nev\u0113las ! Vai tas nenor\u0101da uz vi\u0146u zemisko izcelsmi ? K\u0101p\u0113c pa Latvijas zemi \u0161odien v\u0113l staig\u0101 t\u0101di <strong>osipovi, \u017ed\u0101nokas, elksni\u0146i.<\/strong>.. ? Tikai t\u0101p\u0113c, ka<strong> Latvijas <\/strong>politiku <strong>VADA \u010dekisti- komunisti,<\/strong> kuri ir ieinteres\u0113ti patur\u0113t \u0161os padibenes <strong>Latvij\u0101,<\/strong> lai latvie\u0161i savas dusmas izg\u0101ztu uz vi\u0146iem, t\u0101 pasarg\u0101jot sevi ar sazagtaj\u0101m tautas bag\u0101t\u012bb\u0101m ! <\/p>\n\n\n\n<p class=\"has-text-align-center has-black-color has-text-color has-background\" style=\"background-color:#edf3f7;font-size:21px\">Visi <strong>4. maija KLI\u0136ES <\/strong>nelikum\u012bgi integr\u0113tie okupanti un vi\u0146u p\u0113cte\u010di no <strong>Latvijas j\u0101patriec, un levitveid\u012bgie \u010dekisti <\/strong>ar vis\u0101m \u0123imen\u0113m j\u0101ties\u0101 ! Tas b\u016bs<strong> demokr\u0101tiski <\/strong>un <strong>Tiesiski <\/strong>! <\/p>\n\n\n\n<p class=\"has-black-color has-text-color has-background\" style=\"background-color:#edf3f7;font-size:19px\">Slava Ukrainai ! <\/p>\n\n\n\n<p class=\"has-black-color has-text-color has-background\" style=\"background-color:#edf3f7;font-size:19px\">N\u0101vi okupantiem !<\/p>\n\n\n\n<p class=\"has-text-align-center has-white-color has-vivid-red-background-color has-text-color has-background\" style=\"font-size:30px\">Par \u0161iem asinsu\u0146iem un vi\u0146u pakalpi\u0146iem<em>(VVF)<\/em> labi izsak\u0101s A. Kavacis: <\/p>\n\n\n\n<figure class=\"wp-block-embed is-type-video is-provider-youtube wp-block-embed-youtube wp-embed-aspect-4-3 wp-has-aspect-ratio\"><div class=\"wp-block-embed__wrapper\">\n<div class=\"video-container\"><iframe loading=\"lazy\" title=\"Kavacis par valdo\u0161\u0101s kli\u0137es nodev\u012bbu\" width=\"500\" height=\"375\" src=\"https:\/\/www.youtube.com\/embed\/UjemzKDs8BA?start=6&#038;feature=oembed&#038;wmode=opaque\" frameborder=\"0\" allow=\"accelerometer; autoplay; clipboard-write; encrypted-media; gyroscope; picture-in-picture\" allowfullscreen><\/iframe><\/div>\n<\/div><\/figure>\n\n\n\n<p>22.06.22<\/p>\n","protected":false},"excerpt":{"rendered":"<p>Atskatoties uz Krievijas(Moskovijas) v\u0113sturi, m\u0113s nevaram atrast nevienu &#8220;epizodi&#8221;, kas liecin\u0101tu par cilv\u0113c\u012bbu. Vieni vien\u012bgi iekaro\u0161as kari, mierm\u012bl\u012bgo iedz\u012bvot\u0101ju masveid\u012bga slepkavo\u0161ana, materi\u0101lo bag\u0101t\u012bbu zag\u0161ana. Var tikai \u0101rpr\u0101t\u012bgos murgos iedom\u0101ties, k\u0101 \u0161ie moskovijas vamp\u012bri uzved\u0101s&#46;&#46;&#46;<\/p>\n","protected":false},"author":1,"featured_media":62410,"comment_status":"open","ping_status":"open","sticky":false,"template":"","format":"standard","meta":[],"categories":[1],"tags":[],"_links":{"self":[{"href":"https:\/\/tautastribunals.eu\/index.php?rest_route=\/wp\/v2\/posts\/62397"}],"collection":[{"href":"https:\/\/tautastribunals.eu\/index.php?rest_route=\/wp\/v2\/posts"}],"about":[{"href":"https:\/\/tautastribunals.eu\/index.php?rest_route=\/wp\/v2\/types\/post"}],"author":[{"embeddable":true,"href":"https:\/\/tautastribunals.eu\/index.php?rest_route=\/wp\/v2\/users\/1"}],"replies":[{"embeddable":true,"href":"https:\/\/tautastribunals.eu\/index.php?rest_route=%2Fwp%2Fv2%2Fcomments&post=62397"}],"version-history":[{"count":9,"href":"https:\/\/tautastribunals.eu\/index.php?rest_route=\/wp\/v2\/posts\/62397\/revisions"}],"predecessor-version":[{"id":62420,"href":"https:\/\/tautastribunals.eu\/index.php?rest_route=\/wp\/v2\/posts\/62397\/revisions\/62420"}],"wp:featuredmedia":[{"embeddable":true,"href":"https:\/\/tautastribunals.eu\/index.php?rest_route=\/wp\/v2\/media\/62410"}],"wp:attachment":[{"href":"https:\/\/tautastribunals.eu\/index.php?rest_route=%2Fwp%2Fv2%2Fmedia&parent=62397"}],"wp:term":[{"taxonomy":"category","embeddable":true,"href":"https:\/\/tautastribunals.eu\/index.php?rest_route=%2Fwp%2Fv2%2Fcategories&post=62397"},{"taxonomy":"post_tag","embeddable":true,"href":"https:\/\/tautastribunals.eu\/index.php?rest_route=%2Fwp%2Fv2%2Ftags&post=62397"}],"curies":[{"name":"wp","href":"https:\/\/api.w.org\/{rel}","templated":true}]}}