{"id":62159,"date":"2022-05-26T13:51:03","date_gmt":"2022-05-26T10:51:03","guid":{"rendered":"https:\/\/tautastribunals.eu\/?p=62159"},"modified":"2022-05-26T19:54:06","modified_gmt":"2022-05-26T16:54:06","slug":"ka-divi-zemes-tarpiveidemane-pabriks-lokas-ka-zusi-uz-pannas","status":"publish","type":"post","link":"https:\/\/tautastribunals.eu\/?p=62159","title":{"rendered":"K\u0101 divi &#8220;zemes t\u0101rpi&#8221;(Veidemane- Pabriks) lok\u0101s k\u0101 zu\u0161i uz pannas !"},"content":{"rendered":"\n<figure class=\"wp-block-image size-large is-resized\"><img decoding=\"async\" loading=\"lazy\" src=\"https:\/\/tautastribunals.eu\/wp-content\/uploads\/2020\/08\/Helsinki-86.-LRTT.-Granti\u0146\u0161.Bord\u0101ns.Stuk\u0101ns-6.png\" alt=\"\" class=\"wp-image-57101\" width=\"1450\" height=\"159\"\/><\/figure>\n\n\n\n<figure class=\"wp-block-image size-large\"><a href=\"https:\/\/neatkariga.nra.lv\/sarunas-ar-veidemani\/381965-artis-pabriks-golubevas-atlaisana-izgaismojas-karina-savtigums-pilns-raidijuma-ieraksts\"><img decoding=\"async\" loading=\"lazy\" width=\"800\" height=\"425\" src=\"https:\/\/tautastribunals.eu\/wp-content\/uploads\/2022\/05\/attels-1-800x425.png\" alt=\"\" class=\"wp-image-62160\" srcset=\"https:\/\/tautastribunals.eu\/wp-content\/uploads\/2022\/05\/attels-1-800x425.png 800w, https:\/\/tautastribunals.eu\/wp-content\/uploads\/2022\/05\/attels-1-300x159.png 300w, https:\/\/tautastribunals.eu\/wp-content\/uploads\/2022\/05\/attels-1-768x408.png 768w, https:\/\/tautastribunals.eu\/wp-content\/uploads\/2022\/05\/attels-1.png 1154w\" sizes=\"(max-width: 800px) 100vw, 800px\" \/><\/a><\/figure>\n\n\n\n<p class=\"has-text-align-center has-white-color has-vivid-red-background-color has-text-color has-background\" style=\"font-size:26px\">Par \u010dekas duetu- Pabriku &amp; Veidemani<\/p>\n\n\n\n<p class=\"has-black-color has-text-color has-background\" style=\"background-color:#e4f4ed;font-size:19px\">Parastajam pat\u0113r\u0113t\u0101jam \u0161\u012b <strong>Pabrika &amp; Veidemanes<\/strong> intervija neko anti-latvisku neizsaka. T\u0101 vair\u0101k dom\u0101ta jaunajai paaudzei, kura maz paz\u012bst abus \u0161os nelie\u0161us- algotus \u010dekas darbiniekus. \u0160odien<strong>, UZ UKRAINAS FONA<\/strong>, vi\u0146i iek\u0161\u0113ji- savos sirds dzi\u013cumos j\u016bt, ka, ja uzvar\u0113s<strong> Ukraina<\/strong><em>(un Vi\u0146a uzvar\u0113s)<\/em>, var ar\u012b tikt <strong>\u201ccelti gaism\u0101\u201d<\/strong> ar\u012b vi\u0146u noziegumi pret latvie\u0161u tautu un tie ir pr\u0101tam neaptverami. Abiem \u0161iem anticilv\u0113kiem pien\u0101kas: \u012bss process un nekav\u0113jo\u0161a soda(ASM) izpilde visas tautas priek\u0161\u0101. Tiek dar\u012bts viss, lai tas nenotiktu. Visi \u0161ie drazas s\u0101k<strong> \u201csp\u0113l\u0113t\u201d <\/strong>patriotus, bet neskatoties uz to, visam tam cauri sp\u012bd vi\u0146u <strong>SAIMNIEKU <\/strong>v\u0113lmes. Vai dzird\u0113j\u0101t, ka \u0161is jebrejisk\u0101s izcelsmes<em>(ar\u012b Veidemane ir haz\u0101riskas izcelsmes)<\/em> <strong>latviec<\/strong> izsac\u012bj\u0101s par okupantiem sakar\u0101 ar okup\u0101cijas simbola nojauk\u0161anu<strong>&#8211; 27. min.<\/strong> Tautas spiediena rezult\u0101t\u0101 \u0161\u012bs <strong>\u201czutis\u201d<\/strong> ir spiests run\u0101t citu valodu, bet neaizmirst atg\u0101din\u0101t, ka p\u0113c \u0161\u012b<strong> asins-simbola<\/strong><em>(latvie\u0161u tautas slepkavu) <\/em>nojauk\u0161anas mums j\u0101r\u016bp\u0113jas, lai t\u0101<strong> slavin\u0101t\u0101jiem- okupantiem<\/strong>, neb\u016btu j\u0101vaz\u0101jas apk\u0101rt k\u0101 bom\u017eiem. <\/p>\n\n\n\n<p class=\"has-text-align-center has-black-color has-light-green-cyan-background-color has-text-color has-background\" style=\"font-size:24px\">Vi\u0146\u0161 saprotot<em>(redzot tautas noska\u0146ojumu)<\/em>, ka \u0161im monstram ir j\u0101paz\u016bd !!! <\/p>\n\n\n\n<p class=\"has-black-color has-text-color has-background\" style=\"background-color:#e4f4ed;font-size:19px\">Jaut\u0101jums \u0161im de\u0123ener\u0101tam: <strong>k\u0101p\u0113c vi\u0146\u0161 tikai tagad to saprot<\/strong> ? K\u0101p\u0113c pirms notikumiem <strong>Ukrain\u0101<\/strong> un tautas masu g\u0101jiena pret \u0161o <strong>\u201catrib\u016btu\u201d<\/strong> vi\u0146am viss bija <strong>OK <\/strong>? Atbilde ir vienk\u0101r\u0161a- nakt\u012bs s\u0101k bie\u017ei sap\u0146os redz\u0113t kar\u0101tavas\u2026 ! Un v\u0113l: vi\u0146\u0161, l\u016bk, negrib\u0113tu redz\u0113t, ka notiekot <strong>\u201cmed\u012bbas uz visu padomisko\u201d <\/strong>! <\/p>\n\n\n\n<p class=\"has-text-align-center has-black-color has-light-green-cyan-background-color has-text-color has-background\" style=\"font-size:23px\">Par<strong><span class=\"has-inline-color has-vivid-red-color\"> nelikum\u012bgo okup\u0101ciju <\/span><\/strong>un t\u0101pat ar\u012b par tik pat <strong><span class=\"has-inline-color has-vivid-red-color\">nelikum\u012bgi neveikto deokup\u0101ciju<\/span><\/strong>, \u0161is <strong>Izra\u0113lai <\/strong>padotais sadarbonis, neieminas ne ar <strong>p\u016b\u0161 plestu zilbi<\/strong> ! <\/p>\n\n\n\n<p class=\"has-black-color has-text-color has-background\" style=\"background-color:#e4f4ed;font-size:19px\">Un pats galvenais, ka \u0161is <strong>CILV\u0112CES ATKRITUMS<\/strong><em>(kop\u0101 ar Kristovski) <\/em>p\u0113c<strong>Atmodas <\/strong>period\u0101 veica<strong> Latvijas Armijas <\/strong>degrad\u0101ciju un <strong>Zemeessardzes<\/strong> de-nacionaliz\u0101ciju, proti, likvid\u0113\u0161anu un abu \u0161o<strong> VEIDOJUMU <\/strong>p\u0101rkrievo\u0161anu. Sav\u0101 naid\u0101<strong> pret visu latvisko<\/strong> un<strong> Atmodu<\/strong>, vi\u0146\u0161, t\u0101pat k\u0101<strong> L. Lapsa<\/strong>, skolniekiem st\u0101st\u012bja, ka <strong>L. Granti\u0146\u0161 <\/strong>esot slikts cilv\u0113ks !<\/p>\n\n\n\n<figure class=\"wp-block-embed is-type-wp-embed is-provider-iegult wp-block-embed-iegult\"><div class=\"wp-block-embed__wrapper\">\n<blockquote class=\"wp-embedded-content\" data-secret=\"RdNlXL9nUj\"><a href=\"https:\/\/tautastribunals.eu\/?p=40687\">Las\u012bt\u0101js. Un visur figur\u0113 Indriksons un Veidemane !<\/a><\/blockquote><iframe class=\"wp-embedded-content\" sandbox=\"allow-scripts\" security=\"restricted\" style=\"position: absolute; clip: rect(1px, 1px, 1px, 1px);\" title=\"&#8220;Las\u012bt\u0101js. Un visur figur\u0113 Indriksons un Veidemane !&#8221; &#8212; \" src=\"https:\/\/tautastribunals.eu\/?p=40687&#038;embed=true#?secret=RdNlXL9nUj\" data-secret=\"RdNlXL9nUj\" width=\"500\" height=\"282\" frameborder=\"0\" marginwidth=\"0\" marginheight=\"0\" scrolling=\"no\"><\/iframe>\n<\/div><\/figure>\n\n\n\n<figure class=\"wp-block-image size-large\"><img decoding=\"async\" loading=\"lazy\" width=\"601\" height=\"329\" src=\"https:\/\/tautastribunals.eu\/wp-content\/uploads\/2018\/10\/Godmanis-Radz\u0113vi\u010dsUrbanovi\u010dsGranti\u0146\u0161.LRTTKalnieteVeidemane..png\" alt=\"\" class=\"wp-image-46929\" srcset=\"https:\/\/tautastribunals.eu\/wp-content\/uploads\/2018\/10\/Godmanis-Radz\u0113vi\u010dsUrbanovi\u010dsGranti\u0146\u0161.LRTTKalnieteVeidemane..png 601w, https:\/\/tautastribunals.eu\/wp-content\/uploads\/2018\/10\/Godmanis-Radz\u0113vi\u010dsUrbanovi\u010dsGranti\u0146\u0161.LRTTKalnieteVeidemane.-300x164.png 300w\" sizes=\"(max-width: 601px) 100vw, 601px\" \/><\/figure>\n\n\n\n<p class=\"has-white-color has-black-background-color has-text-color has-background\" style=\"font-size:30px\"><strong>P.S.<\/strong> <\/p>\n\n\n\n<p class=\"has-black-color has-text-color has-background\" style=\"background-color:#edf1f4;font-size:19px\">Kad saj\u016bti, latviet, \u0161o m\u0113slu smirdo\u0146u, vienm\u0113r uzrodas jaut\u0101jums: kur \u0161ie rodas un, kas vi\u0146us laidis pasaul\u0113 ? To dokument\u0101li ir p\u0113t\u012bjis \u010dekistu noslepkavotais v\u0113sturnieks <strong>Indulis Ronis.<\/strong> Vi\u0146i visi ir m\u0101ksl\u012bgi rad\u012bti ar da\u017e\u0101d\u0101m manipul\u0101cij\u0101m<strong> Latvijas <\/strong>dzemd\u012bbu namos. Dzemd\u0113t\u0101j\u0101m tika main\u012bti b\u0113rni un daudz kas cits\u2026..te l\u016bk izvilkums no <strong>LRTT <\/strong>arh\u012bva: <\/p>\n\n\n\n<figure class=\"wp-block-image size-large is-resized\"><img decoding=\"async\" loading=\"lazy\" src=\"https:\/\/tautastribunals.eu\/wp-content\/uploads\/2018\/06\/I.Ronis_.-L.Granti\u0146\u0161.LRTT_.-Helsinki-86.-R\u012bga3-1.png\" alt=\"\" class=\"wp-image-45144\" width=\"1450\" height=\"223\" srcset=\"https:\/\/tautastribunals.eu\/wp-content\/uploads\/2018\/06\/I.Ronis_.-L.Granti\u0146\u0161.LRTT_.-Helsinki-86.-R\u012bga3-1.png 696w, https:\/\/tautastribunals.eu\/wp-content\/uploads\/2018\/06\/I.Ronis_.-L.Granti\u0146\u0161.LRTT_.-Helsinki-86.-R\u012bga3-1-300x46.png 300w\" sizes=\"(max-width: 1450px) 100vw, 1450px\" \/><\/figure>\n\n\n\n<p class=\"has-black-color has-text-color has-background\" style=\"background-color:#edf1f4;font-size:19px\"><strong>Indulis Ronis<\/strong> ta\u010du st\u0101st\u012bja, ka tie\u0161i latvie\u0161u b\u0113rnu p\u0113cdzemd\u012bbu mirst\u012bba izv\u0113rs\u0101s par pand\u0113miju ! Iemesli tam var\u0113ja b\u016bt da\u017e\u0101di.V\u0101cu nacistiem bija programma k\u0101 savu tautu <strong>\u0123en\u0113tiski uzlabot<\/strong>. Tika atlas\u012btas vesel\u012bgas <strong>nordiska izskata v\u0101cietes<\/strong>. Izvietotas vi\u0146as tika sanatorijveid\u012bg\u0101s <strong>\u201cnometn\u0113s\u201d,<\/strong> kur pie vi\u0146\u0101m savus frontes atva\u013cin\u0101jumus pavad\u012bja t\u0101di pa\u0161i nordiska izskata vesel\u012bgi <strong>SS<\/strong>ie\u0161i ar varo\u0146g\u0113nu, kuri kauj\u0101s sevi bija pier\u0101d\u012bju\u0161i k\u0101 varo\u0146i. T\u0101 rezult\u0101t\u0101 dzima t\u016bksto\u0161iem b\u0113rnu. P\u0113c kara \u0161os b\u0113rnus sav\u0101ca amerik\u0101\u0146i un ievietoja privili\u0123\u0113tos b\u0113rnu namos. P\u0113c tam it k\u0101 viss tika aizmirsts. Kad par vi\u0146iem s\u0101ka interes\u0113ties, izr\u0101d\u012bj\u0101s, ka vi\u0146us visus piev\u0101kusi<strong> Izra\u0113la<\/strong>\u2026 !!! Un tagad, latviet, klausies \u013coti uzman\u012bgi: \u201d T\u0101da pati anom\u0101lija padomju okup\u0101cijas gados bijusi v\u0113rojam\u0101 ar\u012b statistik\u0101 par dzemd\u012bb\u0101s miru\u0161o z\u012bdai\u0146u skaitu, <strong>kur latvie\u0161u taut\u012bbas z\u012bdai\u0146u mirst\u012bba br\u012b\u017eiem sasniegusi pand\u0113mijas l\u012bmeni<\/strong>.<em>\u201d <\/em><strong>I. Ronis: <\/strong><span class=\"has-inline-color has-vivid-purple-color\"><a href=\"http:\/\/tautastribunals.eu\/?p=32423\">http:\/\/tautastribunals.eu\/?p=32423<\/a> <\/span>Vi\u0146\u0161 ta\u010du st\u0101st\u012bja ar\u012b par <strong>J\u0101ni Stradi\u0146u<\/strong> un<strong> K\u0101rli Kangeri <\/strong>!!! Un, vai tagad v\u0113l tev nav skaidrs, kas ir <strong>Lato Lapsa, <\/strong>kur\u0161 sav\u0101 gr\u0101mat\u0101 <strong><span class=\"has-inline-color has-vivid-purple-color\"><a href=\"https:\/\/tautastribunals.eu\/?p=46306\">Vara \u2013 bailes 2<\/a> <\/span><\/strong>jau ar pirmo rindkopu nod\u0113v\u0113 <strong>I. Roni <\/strong>par gar\u0101 v\u0101ju un ar\u012b <strong>L. Granti\u0146u<\/strong>, kur\u0161 vien\u012bgais vi\u0146u public\u0113ja sav\u0101 <strong>i- vietn\u0113 <\/strong><a href=\"http:\/\/www.tautatribunals.eu\"><span class=\"has-inline-color has-vivid-purple-color\">www.tautastribunals.eu<\/span><\/a> , par t\u0101du pa\u0161u !!! <\/p>\n\n\n\n<p class=\"has-black-color has-text-color has-background\" style=\"background-color:#edf1f4;font-size:19px\">K\u0101dam \u0101rpr\u0101ta naidam ir j\u0101b\u016bt, lai akt\u012bv\u0101s <strong>ATMODAS <\/strong>aizs\u0101c\u0113ju, aiz kura pac\u0113l\u0101s visa latvie\u0161u tauta, pat komunistus ieskaitot, nod\u0113v\u0113tu par gar\u0101 v\u0101ju ? Tikai t\u0101ds, kur\u0161 kalpo s\u0101tanismam un n\u012bst latvie\u0161u tautu, ir sp\u0113j\u012bgs ko t\u0101du gvelzt !!! <\/p>\n\n\n\n<p class=\"has-black-color has-text-color has-background\" style=\"background-color:#edf1f4;font-size:19px\">Vai tagad tu, gar\u012bgi un fiziski nomoc\u012btais latvieti, saproti, kas st\u0101v aiz <strong>Lato Lapsas <\/strong>? ! <\/p>\n\n\n\n<p class=\"has-black-color has-text-color has-background\" style=\"background-color:#edf1f4;font-size:19px\"><strong>Lato Lapsa<\/strong> ir <strong>s\u0101tanistu sektas p\u0101rst\u0101vis- Izra\u0113las algots darbinieks.<\/strong> Vai tad vi\u0146\u0161 nav tas, kas aizst\u0101v <strong>E. Kalnmeieru<\/strong>, kur\u0161 ir iesaist\u012bts drausm\u012bg\u0101s slepkav\u012bb\u0101s, kuras veic <strong>Riharda Bunkas &amp; Aivara Borovkova \u201cjuristu brand\u017eas\u201d<\/strong><em><a href=\"https:\/\/tautastribunals.eu\/?p=39910\"><span class=\"has-inline-color has-vivid-purple-color\">(Astr\u012bdas Bab\u0101nes liec\u012bbas)<\/span> <\/a><\/em>? Vai tad vi\u0146\u0161 nav tas, kas uzbr\u016bk un no\u0137eng\u0101 <strong>J\u0101ni Bord\u0101nu<\/strong>, kur\u0161 ir pieteicis karu \u0161iem latvie\u0161u tautas slepkav\u0101m- komunistiem un \u010dekistiem ?<\/p>\n\n\n\n<p><\/p>\n\n\n\n<p>26.05.22<\/p>\n","protected":false},"excerpt":{"rendered":"<p>Par \u010dekas duetu- Pabriku &amp; Veidemani Parastajam pat\u0113r\u0113t\u0101jam \u0161\u012b Pabrika &amp; Veidemanes intervija neko anti-latvisku neizsaka. T\u0101 vair\u0101k dom\u0101ta jaunajai paaudzei, kura maz paz\u012bst abus \u0161os nelie\u0161us- algotus \u010dekas darbiniekus. \u0160odien, UZ UKRAINAS FONA,&#46;&#46;&#46;<\/p>\n","protected":false},"author":1,"featured_media":62160,"comment_status":"open","ping_status":"open","sticky":false,"template":"","format":"standard","meta":[],"categories":[1],"tags":[],"_links":{"self":[{"href":"https:\/\/tautastribunals.eu\/index.php?rest_route=\/wp\/v2\/posts\/62159"}],"collection":[{"href":"https:\/\/tautastribunals.eu\/index.php?rest_route=\/wp\/v2\/posts"}],"about":[{"href":"https:\/\/tautastribunals.eu\/index.php?rest_route=\/wp\/v2\/types\/post"}],"author":[{"embeddable":true,"href":"https:\/\/tautastribunals.eu\/index.php?rest_route=\/wp\/v2\/users\/1"}],"replies":[{"embeddable":true,"href":"https:\/\/tautastribunals.eu\/index.php?rest_route=%2Fwp%2Fv2%2Fcomments&post=62159"}],"version-history":[{"count":12,"href":"https:\/\/tautastribunals.eu\/index.php?rest_route=\/wp\/v2\/posts\/62159\/revisions"}],"predecessor-version":[{"id":62185,"href":"https:\/\/tautastribunals.eu\/index.php?rest_route=\/wp\/v2\/posts\/62159\/revisions\/62185"}],"wp:featuredmedia":[{"embeddable":true,"href":"https:\/\/tautastribunals.eu\/index.php?rest_route=\/wp\/v2\/media\/62160"}],"wp:attachment":[{"href":"https:\/\/tautastribunals.eu\/index.php?rest_route=%2Fwp%2Fv2%2Fmedia&parent=62159"}],"wp:term":[{"taxonomy":"category","embeddable":true,"href":"https:\/\/tautastribunals.eu\/index.php?rest_route=%2Fwp%2Fv2%2Fcategories&post=62159"},{"taxonomy":"post_tag","embeddable":true,"href":"https:\/\/tautastribunals.eu\/index.php?rest_route=%2Fwp%2Fv2%2Ftags&post=62159"}],"curies":[{"name":"wp","href":"https:\/\/api.w.org\/{rel}","templated":true}]}}