{"id":61808,"date":"2022-03-16T21:23:12","date_gmt":"2022-03-16T19:23:12","guid":{"rendered":"https:\/\/tautastribunals.eu\/?p=61808"},"modified":"2022-03-16T21:24:27","modified_gmt":"2022-03-16T19:24:27","slug":"latvijas-putinistu-gaudas-cekistu-aktivizesanas-uztraukums-par-j-jurasa-darbibu","status":"publish","type":"post","link":"https:\/\/tautastribunals.eu\/?p=61808","title":{"rendered":"Latvijas putinistu gaudas- \u010dekistu aktiviz\u0113\u0161an\u0101s ! (Uztraukums par J. Jura\u0161a darb\u012bbu)"},"content":{"rendered":"\n<figure class=\"wp-block-image size-large is-resized\"><img decoding=\"async\" loading=\"lazy\" src=\"https:\/\/tautastribunals.eu\/wp-content\/uploads\/2020\/08\/Helsinki-86.-LRTT.-Granti\u0146\u0161.Bord\u0101ns.Stuk\u0101ns-4.png\" alt=\"\" class=\"wp-image-57036\" width=\"1450\" height=\"159\"\/><\/figure>\n\n\n\n<p><\/p>\n\n\n\n<p><\/p>\n\n\n\n<h1 class=\"has-background\" style=\"background-color:#e2f8ef;font-size:19px\"><strong>Krievijas<\/strong> agresija<strong> Ukrain\u0101<\/strong> akt\u012bv\u0101k liek uzvesties visiem sl\u0113ptajiem un pussl\u0113ptajiem <strong>5. kolonnas darbo\u0146iem. <\/strong>Viens no vis\u012bst\u0101kiem VDK atbalst\u012btiem un stut\u0113tiem darbo\u0146iem ir k\u0101ds<strong> Filips Rajevskis. LRTT <\/strong>vi\u0146\u0161 jau ir ticis apskat\u012bts. Melis un faktu sagroz\u012bt\u0101js: <a href=\"https:\/\/tautastribunals.eu\/?p=26738\">https:\/\/tautastribunals.eu\/?p=26738<\/a> \u00a0Tikko k\u0101 &#8220;<strong>DIENA&#8221; <\/strong>bija public\u0113ts raksts: <\/h1>\n\n\n\n<h5 class=\"has-text-align-center has-medium-font-size\"><a href=\"https:\/\/www.diena.lv\/raksts\/viedokli\/latvija\/realitates-slepsana-ir-kaitnieciba-14277222\">Realit\u0101tes sl\u0113p\u0161ana ir kaitniec\u012bba- Par vald\u012bbas komunik\u0101ciju, populismu k\u0101 god\u012bguma pretstatu un sek\u0101m JKP nodev\u012bbai pret v\u0113l\u0113t\u0101jiem Rolanda P\u0113tersona saruna ar politologu Filipu Rajevski.<\/a><\/h5>\n\n\n\n<figure class=\"wp-block-image size-large is-resized\"><img decoding=\"async\" loading=\"lazy\" src=\"https:\/\/tautastribunals.eu\/wp-content\/uploads\/2022\/03\/Rajevskis.png\" alt=\"\" class=\"wp-image-61809\" width=\"1450\" height=\"372\" srcset=\"https:\/\/tautastribunals.eu\/wp-content\/uploads\/2022\/03\/Rajevskis.png 800w, https:\/\/tautastribunals.eu\/wp-content\/uploads\/2022\/03\/Rajevskis-300x77.png 300w, https:\/\/tautastribunals.eu\/wp-content\/uploads\/2022\/03\/Rajevskis-768x197.png 768w\" sizes=\"(max-width: 1450px) 100vw, 1450px\" \/><figcaption><strong><span class=\"has-inline-color has-vivid-red-color\">VDK st\u016br\u0113ts un atmaks\u0101ts 5. kolonnas darbonis, tautas un valsts nodev\u0113js FILIPS RAJEVSKIS<\/span><\/strong><\/figcaption><\/figure>\n\n\n\n<p class=\"has-black-color has-text-color has-background\" style=\"background-color:#e5f4ef;font-size:19px\">Izlasiet pa\u0161i \u0161o <strong>Rajevska <\/strong>un<strong> P\u0113tersona<\/strong> murgu. Viss garais penteris ir tikai tamd\u0113\u013c, lai diskredit\u0113tu<strong> JKP<\/strong> ! Tiek izsmiets <strong>Juris Jura\u0161s. Jura\u0161s,<\/strong> l\u016bk, aizbraucis uz <strong>Ukrainu <\/strong>lai celtu partijas reitingu. Par tik pret\u012bgiem un zemiskiem v\u0101rdiem, \u0161im smirdo\u0161ajam \u010dekista <strong>Savicka<\/strong> izs\u016bt\u0101majam vajadz\u0113tu m\u0113li izraut, jo dzi\u013c\u0101kaj\u0101 b\u016bt\u012bb\u0101 t\u0101s ta\u010du bija gaudas, ka <strong>Jura\u0161s <\/strong>c\u012bn\u0101s pret putinistiem.<\/p>\n\n\n\n<p class=\"has-black-color has-text-color has-background\" style=\"background-color:#e5f4ef;font-size:19px\">Un paskat tikai, k\u0101d\u0101 <strong>stil\u0101 <\/strong>\u0161is zemiskais receklis izsak\u0101s par to, kur\u0161 brauc c\u012bn\u012bties pret \u010dekista <strong>Putina slepkavu ord\u0101m: <\/strong><em>\u201cEs dom\u0101ju, ka brauciens uz Ukrainu bija pa\u0161a Jura\u0161a priek\u0161v\u0113l\u0113\u0161anu kampa\u0146as g\u0101jiens, tie\u0161\u0101m m\u0113\u0123in\u0101jums kaut k\u0101 s\u0113rfot, lai at\u0161\u0137irtos no citiem.\u201d<\/em> \u00a0<\/p>\n\n\n\n<p class=\"has-black-color has-text-color has-background\" style=\"background-color:#e5f4ef;font-size:19px\">\u0160is <strong>Rajevskis<\/strong> saka<strong>: \u201cEs dom\u0101ju\u2026\u201d<\/strong> Vai tad vi\u0146\u0161, \u0161is jefi\u0146\u0161 <strong>Rajevskis,<\/strong> \u00a0savu \u010dekista <strong>VIEDOKLI <\/strong>necen\u0161as uzspiest visai tautai ? <\/p>\n\n\n\n<p class=\"has-text-align-center has-black-color has-text-color has-background\" style=\"background-color:#e5f4ef;font-size:28px\"><strong>&#8220;ES DOM\u0100JU&#8221;<\/strong>, izsaucas<strong> Rajevskis<\/strong> !!! <\/p>\n\n\n\n<p class=\"has-black-color has-text-color has-background\" style=\"background-color:#e5f4ef;font-size:19px\">Vai patie\u0161\u0101m, latviet, TU uz\u0137ersies uz \u0161\u012b padibenes <strong>\u201cplik\u0101 \u0101\u0137a\u201d<\/strong> ?<\/p>\n\n\n\n<p class=\"has-text-align-center has-black-color has-text-color has-background\" style=\"background-color:#e5f4ef;font-size:22px\"><strong>Slava Ukrainai<\/strong> un visu cie\u0146u un godu <strong>Jurim Jura\u0161am <\/strong>!<\/p>\n\n\n\n<p>16.03.22<\/p>\n\n\n\n<p><\/p>\n\n\n\n<p><\/p>\n","protected":false},"excerpt":{"rendered":"<p>Krievijas agresija Ukrain\u0101 akt\u012bv\u0101k liek uzvesties visiem sl\u0113ptajiem un pussl\u0113ptajiem 5. kolonnas darbo\u0146iem. Viens no vis\u012bst\u0101kiem VDK atbalst\u012btiem un stut\u0113tiem darbo\u0146iem ir k\u0101ds Filips Rajevskis. LRTT vi\u0146\u0161 jau ir ticis apskat\u012bts. Melis un faktu&#46;&#46;&#46;<\/p>\n","protected":false},"author":1,"featured_media":61809,"comment_status":"open","ping_status":"open","sticky":false,"template":"","format":"standard","meta":[],"categories":[1],"tags":[],"_links":{"self":[{"href":"https:\/\/tautastribunals.eu\/index.php?rest_route=\/wp\/v2\/posts\/61808"}],"collection":[{"href":"https:\/\/tautastribunals.eu\/index.php?rest_route=\/wp\/v2\/posts"}],"about":[{"href":"https:\/\/tautastribunals.eu\/index.php?rest_route=\/wp\/v2\/types\/post"}],"author":[{"embeddable":true,"href":"https:\/\/tautastribunals.eu\/index.php?rest_route=\/wp\/v2\/users\/1"}],"replies":[{"embeddable":true,"href":"https:\/\/tautastribunals.eu\/index.php?rest_route=%2Fwp%2Fv2%2Fcomments&post=61808"}],"version-history":[{"count":7,"href":"https:\/\/tautastribunals.eu\/index.php?rest_route=\/wp\/v2\/posts\/61808\/revisions"}],"predecessor-version":[{"id":61816,"href":"https:\/\/tautastribunals.eu\/index.php?rest_route=\/wp\/v2\/posts\/61808\/revisions\/61816"}],"wp:featuredmedia":[{"embeddable":true,"href":"https:\/\/tautastribunals.eu\/index.php?rest_route=\/wp\/v2\/media\/61809"}],"wp:attachment":[{"href":"https:\/\/tautastribunals.eu\/index.php?rest_route=%2Fwp%2Fv2%2Fmedia&parent=61808"}],"wp:term":[{"taxonomy":"category","embeddable":true,"href":"https:\/\/tautastribunals.eu\/index.php?rest_route=%2Fwp%2Fv2%2Fcategories&post=61808"},{"taxonomy":"post_tag","embeddable":true,"href":"https:\/\/tautastribunals.eu\/index.php?rest_route=%2Fwp%2Fv2%2Ftags&post=61808"}],"curies":[{"name":"wp","href":"https:\/\/api.w.org\/{rel}","templated":true}]}}