{"id":61799,"date":"2022-03-11T20:55:50","date_gmt":"2022-03-11T18:55:50","guid":{"rendered":"https:\/\/tautastribunals.eu\/?p=61799"},"modified":"2022-03-11T22:23:38","modified_gmt":"2022-03-11T20:23:38","slug":"feisbuka-drikst-noladet-putinu-un-vina-izdzimtenus","status":"publish","type":"post","link":"https:\/\/tautastribunals.eu\/?p=61799","title":{"rendered":"Feisbuk\u0101 dr\u012bkst nol\u0101d\u0113t Putinu un vi\u0146a izdzimte\u0146us"},"content":{"rendered":"\n<figure class=\"wp-block-image size-large is-resized\"><img decoding=\"async\" loading=\"lazy\" src=\"https:\/\/tautastribunals.eu\/wp-content\/uploads\/2021\/11\/L.Grantins.J.ZivertsBordansButansLRTT-1-800x116.png\" alt=\"\" class=\"wp-image-61207\" width=\"1450\" height=\"210\" srcset=\"https:\/\/tautastribunals.eu\/wp-content\/uploads\/2021\/11\/L.Grantins.J.ZivertsBordansButansLRTT-1-800x116.png 800w, https:\/\/tautastribunals.eu\/wp-content\/uploads\/2021\/11\/L.Grantins.J.ZivertsBordansButansLRTT-1-300x44.png 300w, https:\/\/tautastribunals.eu\/wp-content\/uploads\/2021\/11\/L.Grantins.J.ZivertsBordansButansLRTT-1-768x112.png 768w, https:\/\/tautastribunals.eu\/wp-content\/uploads\/2021\/11\/L.Grantins.J.ZivertsBordansButansLRTT-1.png 1073w\" sizes=\"(max-width: 1450px) 100vw, 1450px\" \/><\/figure>\n\n\n\n<p class=\"has-text-align-center has-white-color has-text-color has-background\" style=\"background-color:#0b442f;font-size:19px\">\u0160aj\u0101 video sac\u012btais nor\u0101da, ka bez ska\u013ca trok\u0161\u0146a tiek &#8220;sl\u0113gta&#8221; Ukrainas gaisa telpa. Viss notiek\u0101s, okupanti tiek slakt\u0113ti !<\/p>\n\n\n\n<figure class=\"wp-block-embed is-type-video is-provider-youtube wp-block-embed-youtube wp-embed-aspect-16-9 wp-has-aspect-ratio\"><div class=\"wp-block-embed__wrapper\">\n<div class=\"video-container\"><iframe loading=\"lazy\" title=\"\u0411\u0440\u0438\u0442\u0430\u043d\u0441\u043a\u0430\u044f \u0440\u0430\u0437\u0432\u0435\u0434\u043a\u0430 \/ \u0421\u0430\u043c\u043e\u043b\u0435\u0442\u044b \u0420\u0424 \u043b\u0435\u0442\u0430\u044e\u0442 \u0440\u0435\u0436\u0435 \u0431\u043b\u0430\u0433\u043e\u0434\u0430\u0440\u044f \u044d\u0444\u0444\u0435\u043a\u0442\u0438\u0432\u043d\u043e\u0441\u0442\u0438 \u041f\u0412\u041e \u0423\u043a\u0440\u0430\u0438\u043d\u044b\" width=\"500\" height=\"281\" src=\"https:\/\/www.youtube.com\/embed\/cQFNGqutuEM?feature=oembed&#038;wmode=opaque\" frameborder=\"0\" allow=\"accelerometer; autoplay; clipboard-write; encrypted-media; gyroscope; picture-in-picture\" allowfullscreen><\/iframe><\/div>\n<\/div><\/figure>\n\n\n\n<p class=\"has-text-align-center has-white-color has-vivid-red-background-color has-text-color has-background\" style=\"font-size:27px\">T\u0101 stunda priek\u0161 s\u0101tanistiem ir &#8220;situsi&#8221; !<\/p>\n\n\n\n<p class=\"has-text-align-center has-white-color has-text-color has-background\" style=\"background-color:#063f2a;font-size:19px\"><strong>Feisbuk\u0101 <\/strong>dr\u012bkst nol\u0101d\u0113t <strong>Putinu<\/strong> un<strong> Ukrainas <\/strong>okupantus ! Un tas jau ir s\u0101kums <strong>Krievijas Feder\u0101cijas<\/strong> piln\u012bgai pazu\u0161anai no Pasaules globusa un cilv\u0113ces<strong> APZI\u0145AS. <\/strong>Pravietiskus v\u0101rdus <strong>Turcijas Ant\u0101lij\u0101 <\/strong>sac\u012bja zirga\u0123\u012bmis <strong>Lavrovs<\/strong>:<strong> KF<\/strong> pa\u0161laik c\u012bn\u0101s par savu eksistenci ! M\u0113s, latviet, esam liecinieki vienreiz\u0113jam notikumam- glob\u0101lam cilv\u0113ces naidam pret <strong>KRIEVIEM <\/strong>! \u0160ie pret\u012bgie izdzimumi, kuri sevi vienm\u0113r uzskat\u012bju\u0161i par \u201c<strong>atbr\u012bvot\u0101jiem<\/strong>\u201d, sa\u0146ems to, ko peln\u012bju\u0161i ! M\u0113s nedr\u012bkstam aizmirst, ko vi\u0146i ir veiku\u0161i m\u016bsu<strong> Dzimten\u0113<\/strong> ! Tam visam ir j\u0101tiek atmaks\u0101tam- neviens krievs nedr\u012bkst tikt atst\u0101ts <strong>Latvij\u0101.<\/strong> M\u0113s esam liecinieki vi\u0146u noziegumiem un ar\u012b tam, k\u0101 vi\u0146i lauza doto zv\u0113restu, ka balsoja par krievu valodas- k\u0101 otras valsts valodas statusu <strong>Latvij\u0101<\/strong> ! Un ne tikai t\u0101p\u0113c vien, vi\u0146i atrodas <strong>Latvij\u0101<\/strong> nelikum\u012bgi, bet ar\u012b p\u0113c <strong>1949. g. \u017denevas KONVENCIJAS<\/strong> statusa, vi\u0146iem <strong>Latvju<\/strong> j\u0101pamet. <strong>KF <\/strong>j\u0101atmaks\u0101 visi okup\u0101cijas zaud\u0113jumi un j\u0101atjauno <strong>Latvijas <\/strong>teritori\u0101l\u0101 vienot\u012bba. T\u0101pat ir j\u0101tiek ties\u0101tiem visiem <strong>\u010dekistiem <\/strong>un vi\u0146u l\u012bdzskr\u0113j\u0113jiem- komunistiem. <\/p>\n\n\n\n<p class=\"has-text-align-center has-white-color has-text-color has-background\" style=\"background-color:#063f2a;font-size:19px\">N\u0101vi Latvijas izlaup\u012bt\u0101jiem un okupantiem ! <\/p>\n\n\n\n<p class=\"has-text-align-center has-white-color has-text-color has-background\" style=\"background-color:#063f2a;font-size:19px\">Slava Ukrainai !<\/p>\n\n\n\n<figure class=\"wp-block-image size-large is-resized\"><img decoding=\"async\" loading=\"lazy\" src=\"https:\/\/tautastribunals.eu\/wp-content\/uploads\/2021\/01\/Kalme.-Savickis.Godmanis.Plaudis.Grantins.LRTT_-543x800.png\" alt=\"\" class=\"wp-image-59423\" width=\"1450\" height=\"2136\" srcset=\"https:\/\/tautastribunals.eu\/wp-content\/uploads\/2021\/01\/Kalme.-Savickis.Godmanis.Plaudis.Grantins.LRTT_-543x800.png 543w, https:\/\/tautastribunals.eu\/wp-content\/uploads\/2021\/01\/Kalme.-Savickis.Godmanis.Plaudis.Grantins.LRTT_-204x300.png 204w, https:\/\/tautastribunals.eu\/wp-content\/uploads\/2021\/01\/Kalme.-Savickis.Godmanis.Plaudis.Grantins.LRTT_.png 663w\" sizes=\"(max-width: 1450px) 100vw, 1450px\" \/><\/figure>\n\n\n\n<p>11.03.22<\/p>\n\n\n\n<p><\/p>\n\n\n\n<p><\/p>\n","protected":false},"excerpt":{"rendered":"<p>\u0160aj\u0101 video sac\u012btais nor\u0101da, ka bez ska\u013ca trok\u0161\u0146a tiek &#8220;sl\u0113gta&#8221; Ukrainas gaisa telpa. Viss notiek\u0101s, okupanti tiek slakt\u0113ti ! T\u0101 stunda priek\u0161 s\u0101tanistiem ir &#8220;situsi&#8221; ! Feisbuk\u0101 dr\u012bkst nol\u0101d\u0113t Putinu un Ukrainas okupantus !&#46;&#46;&#46;<\/p>\n","protected":false},"author":1,"featured_media":61369,"comment_status":"open","ping_status":"open","sticky":false,"template":"","format":"standard","meta":[],"categories":[1],"tags":[],"_links":{"self":[{"href":"https:\/\/tautastribunals.eu\/index.php?rest_route=\/wp\/v2\/posts\/61799"}],"collection":[{"href":"https:\/\/tautastribunals.eu\/index.php?rest_route=\/wp\/v2\/posts"}],"about":[{"href":"https:\/\/tautastribunals.eu\/index.php?rest_route=\/wp\/v2\/types\/post"}],"author":[{"embeddable":true,"href":"https:\/\/tautastribunals.eu\/index.php?rest_route=\/wp\/v2\/users\/1"}],"replies":[{"embeddable":true,"href":"https:\/\/tautastribunals.eu\/index.php?rest_route=%2Fwp%2Fv2%2Fcomments&post=61799"}],"version-history":[{"count":3,"href":"https:\/\/tautastribunals.eu\/index.php?rest_route=\/wp\/v2\/posts\/61799\/revisions"}],"predecessor-version":[{"id":61802,"href":"https:\/\/tautastribunals.eu\/index.php?rest_route=\/wp\/v2\/posts\/61799\/revisions\/61802"}],"wp:featuredmedia":[{"embeddable":true,"href":"https:\/\/tautastribunals.eu\/index.php?rest_route=\/wp\/v2\/media\/61369"}],"wp:attachment":[{"href":"https:\/\/tautastribunals.eu\/index.php?rest_route=%2Fwp%2Fv2%2Fmedia&parent=61799"}],"wp:term":[{"taxonomy":"category","embeddable":true,"href":"https:\/\/tautastribunals.eu\/index.php?rest_route=%2Fwp%2Fv2%2Fcategories&post=61799"},{"taxonomy":"post_tag","embeddable":true,"href":"https:\/\/tautastribunals.eu\/index.php?rest_route=%2Fwp%2Fv2%2Ftags&post=61799"}],"curies":[{"name":"wp","href":"https:\/\/api.w.org\/{rel}","templated":true}]}}