{"id":61692,"date":"2022-02-17T20:25:20","date_gmt":"2022-02-17T18:25:20","guid":{"rendered":"https:\/\/tautastribunals.eu\/?p=61692"},"modified":"2022-02-17T20:34:10","modified_gmt":"2022-02-17T18:34:10","slug":"velreiz-par-bordanu-un-tiem-sasoditiem-40-miljoniem","status":"publish","type":"post","link":"https:\/\/tautastribunals.eu\/?p=61692","title":{"rendered":"V\u0113lreiz par Bord\u0101nu un tiem sasod\u012btiem 40 miljoniem !"},"content":{"rendered":"\n<figure class=\"wp-block-image size-large is-resized\"><img decoding=\"async\" loading=\"lazy\" src=\"https:\/\/tautastribunals.eu\/wp-content\/uploads\/2019\/07\/LRTT-Zils-800x113.png\" alt=\"\" class=\"wp-image-51606\" width=\"1450\" height=\"205\" srcset=\"https:\/\/tautastribunals.eu\/wp-content\/uploads\/2019\/07\/LRTT-Zils-800x113.png 800w, https:\/\/tautastribunals.eu\/wp-content\/uploads\/2019\/07\/LRTT-Zils-300x42.png 300w, https:\/\/tautastribunals.eu\/wp-content\/uploads\/2019\/07\/LRTT-Zils-768x108.png 768w, https:\/\/tautastribunals.eu\/wp-content\/uploads\/2019\/07\/LRTT-Zils.png 950w\" sizes=\"(max-width: 1450px) 100vw, 1450px\" \/><\/figure>\n\n\n\n<p><\/p>\n\n\n\n<figure class=\"wp-block-image size-large is-resized\"><a href=\"https:\/\/www.facebook.com\/bordans\/videos\/395767942022700\"><img decoding=\"async\" loading=\"lazy\" src=\"https:\/\/tautastribunals.eu\/wp-content\/uploads\/2022\/02\/Bordans.Grantins.LRTT_.png\" alt=\"\" class=\"wp-image-61694\" width=\"1450\" height=\"933\" srcset=\"https:\/\/tautastribunals.eu\/wp-content\/uploads\/2022\/02\/Bordans.Grantins.LRTT_.png 709w, https:\/\/tautastribunals.eu\/wp-content\/uploads\/2022\/02\/Bordans.Grantins.LRTT_-300x193.png 300w\" sizes=\"(max-width: 1450px) 100vw, 1450px\" \/><\/a><\/figure>\n\n\n\n<p><a href=\"https:\/\/www.facebook.com\/bordans\/videos\/395767942022700\">https:\/\/www.facebook.com\/bordans\/videos\/395767942022700<\/a><\/p>\n\n\n\n<p class=\"has-black-color has-text-color has-background\" style=\"background-color:#e8e3f1;font-size:19px\">P\u0101rdomas tiem, kuri sevi uzskata par <strong>&#8220;\u012bstenajiem&#8221;<\/strong> leti\u0146iem. Es neesmu no tiem, kur\u0161 uzskata, ka <strong>Latvija <\/strong>vain\u012bga holokaust\u0101. Taj\u0101 vain\u012bgas ir tikai un vien\u012bgi <strong>divas DI\u017dTAUTAS- nacistisk\u0101 V\u0101cija un komunistisk\u0101 Krievija<\/strong>. Ja t\u0101s neb\u016btu Pasauli 1939. gad\u0101 dal\u012bju\u0161as, nek\u0101ds holokausts neb\u016btu noticis. P\u0113c visiem <strong>Dieva LIKUMIEM, <\/strong>\u0161\u012bm div\u0101m taut\u0101m b\u016btu par visu j\u0101atbild. Vai iev\u0113roj\u0101t, k\u0101 <strong>V\u0101cija <\/strong>pozicion\u0113 sevi <strong>Ukrainas <\/strong>konflikt\u0101 ? Vi\u0146a ir piln\u012bgi <strong>Krievijas <\/strong>pus\u0113 !&nbsp; <\/p>\n\n\n\n<figure class=\"wp-block-image size-large is-resized\"><img decoding=\"async\" loading=\"lazy\" src=\"https:\/\/tautastribunals.eu\/wp-content\/uploads\/2022\/02\/Vacija.Latvija.-Velesanas.-Grantins.LRTT_.png\" alt=\"\" class=\"wp-image-61696\" width=\"1449\" height=\"1538\" srcset=\"https:\/\/tautastribunals.eu\/wp-content\/uploads\/2022\/02\/Vacija.Latvija.-Velesanas.-Grantins.LRTT_.png 611w, https:\/\/tautastribunals.eu\/wp-content\/uploads\/2022\/02\/Vacija.Latvija.-Velesanas.-Grantins.LRTT_-283x300.png 283w\" sizes=\"(max-width: 1449px) 100vw, 1449px\" \/><\/figure>\n\n\n\n<p class=\"has-black-color has-text-color has-background\" style=\"background-color:#e8e3f1;font-size:19px\">Un pien\u0101ks diena, kad vi\u0146as ar\u012b atbild\u0113s. Bet pagaid\u0101m, ja m\u0113s gribam to dienu sagaid\u012bt, <strong>MUMS IR J\u0100SALIECAS \u0160\u012aS S\u0100TANISK\u0100S V\u0112TRAS PRIEK\u0160\u0100<\/strong>, l\u012bdz t\u0101 aizraus uz <strong>Elli <\/strong>visus \u0161os netaisnos <strong>S\u0101tana kalpus.<\/strong> Nedz v\u0101cie\u0161i, nedz krievi <strong>Pasaulei <\/strong>nav pasac\u012bju\u0161i, ka vain\u012bgie ir tikai vi\u0146i ! Tie\u0161i otr\u0101di, vi\u0146i ar \u013caunu prieku noskat\u0101s k\u0101 nevain\u012bgie tiek plos\u012bti, lai vi\u0146u- <strong>\u0161o divu \u201czv\u0113ru\u201d,<\/strong> gr\u0113ki tiktu mazin\u0101ti. Mums ir j\u0101saprot, ka gan <strong>Baltaj\u0101 nam\u0101<\/strong>, gan <strong>Kreml\u012b <\/strong>vi\u0146iem ir liela teik\u0161ana. Gudri cilv\u0113ki neskries \u0101r\u0101 v\u0113tras laika\u2026nogaid\u012bsim un viss b\u016bs labi. Latvie\u0161iem vajadz\u0113tu b\u016bt apdom\u012bgiem, jo mums ir daudz piem\u0113ru, ka par p\u0101r\u0101k lielo <strong>Paties\u012bbas aizst\u0101v\u0113\u0161anu<\/strong>, m\u0113s visvair\u0101k esam cietu\u0161i, s\u0101kot no 1905 gada revol\u016bcijas, 1917. gada revol\u016bcijas, Latvie\u0161u le\u0123iona piem\u0113rs, ka 1,9 miljonu <strong>Latvijai <\/strong>v\u0101cu armij\u0101 bija 160 t\u016bksto\u0161i karav\u012bru, kam\u0113r <strong>Lietuvai <\/strong>un <strong>Igaunijai<\/strong> kop\u0101 bija tikai 120 t\u016bksto\u0161i ! 1905. gad\u0101 m\u016bs carisk\u0101 zandarm\u0113rija ne\u017e\u0113l\u012bgi apk\u0101va<em>(No t\u0113va puses mana dzimta Ventspil\u012b un t\u0101s apk\u0101rtn\u0113 esot bijusi varen liela. T\u0101 gandr\u012bz piln\u012bgi tika izn\u012bcin\u0101ta-ap\u0161auta, jo bija revolucion\u0101ra). <\/em><\/p>\n\n\n\n<p class=\"has-black-color has-text-color has-background\" style=\"background-color:#e8e3f1;font-size:19px\">Cik palika p\u0101ri no 80 t\u016bksto\u0161iem latvie\u0161u, kuri piedal\u012bj\u0101s 1917. gada revol\u016bcij\u0101 ? Un cik izdz\u012bvoja no le\u0123ion\u0101riem ? Atliku\u0161ie pakl\u012bda, da\u013ca <strong>Gulag\u0101<\/strong>\u2026ar\u012b es esmu vienm\u0113r skr\u0113jis pa priek\u0161u <strong>Paties\u012bbai<\/strong> tautas lab\u0101\u2026tik daudz pa rib\u0101m miera laik\u0101 un pie tam v\u0113l br\u012bvpr\u0101t\u012bgi, reti k\u0101ds ir dab\u016bjis. <\/p>\n\n\n\n<p class=\"has-black-color has-text-color has-background\" style=\"background-color:#e8e3f1;font-size:19px\">Neskatoties uz visu \u010dekistu <strong>Atmodas <\/strong>laika noziegumiem pret <strong>Latviju<\/strong> un latvie\u0161iem, m\u0113s pamaz\u0101m s\u0101kam atkopties. Vai ir v\u0113rts atkal to visu zaud\u0113t ? B\u016btu p\u0113d\u0113jais idiotisms pak\u013cauties \u0161iem k\u016bd\u012bt\u0101jiem, ar <strong>NA <\/strong>un <strong>Antivakseriem <\/strong>priek\u0161gal\u0101, kuri rada vien\u012bgi haosu, k\u0101 rezult\u0101t\u0101 pie varas var n\u0101kt t\u0101di <strong><em>\u0161leseri, dombrovski, kri\u0161top\u0101ni<\/em><\/strong> un \u010dekista<strong> Indriksona sargsuns \u0122ir\u0123ens<\/strong>. Vai tad di\u017eais nac- patriots <strong>Dzintars &amp; co<\/strong> neklan\u0101s noziedznieka <strong>Lemberga <\/strong>priek\u0161a ? <\/p>\n\n\n\n<figure class=\"wp-block-image size-large is-resized\"><img decoding=\"async\" loading=\"lazy\" src=\"https:\/\/tautastribunals.eu\/wp-content\/uploads\/2020\/12\/Dzintars-Raivis.Lembergs-Aivars.-Grantins-Linards.LRTT_-762x800-1.png\" alt=\"\" class=\"wp-image-58722\" width=\"1450\" height=\"1522\" srcset=\"https:\/\/tautastribunals.eu\/wp-content\/uploads\/2020\/12\/Dzintars-Raivis.Lembergs-Aivars.-Grantins-Linards.LRTT_-762x800-1.png 762w, https:\/\/tautastribunals.eu\/wp-content\/uploads\/2020\/12\/Dzintars-Raivis.Lembergs-Aivars.-Grantins-Linards.LRTT_-762x800-1-286x300.png 286w\" sizes=\"(max-width: 1450px) 100vw, 1450px\" \/><\/figure>\n\n\n\n<p class=\"has-black-color has-text-color has-background\" style=\"background-color:#e8e3f1;font-size:19px\">Vai tad tie\u0161i <strong>Dzintara <\/strong>varza nebija t\u0101, kura izb\u012bd\u012bja <strong>\u201ctautieti\u201d Levitu<\/strong> ? Ir l\u012bdz riebumam soc -t\u012bklos las\u012bt vemas no da\u017e\u0101diem <strong>Krem\u013ca \u201claiz\u012bt\u0101jiem\u201d, <\/strong>kuri pa\u017eobelnieku \u017eargon\u0101 lam\u0101 <strong>Bord\u0101nu<\/strong> un mani par nodev\u0113jiem un \u017e\u012bdiem\u2026 Un to visu <strong>Feisbuks <\/strong>at\u013cauj ! Vai tas neliek aizdom\u0101ties: kam tad kalpo \u0161is <strong>Feisbuks.<\/strong> <\/p>\n\n\n\n<p class=\"has-black-color has-text-color has-background\" style=\"background-color:#e8e3f1;font-size:19px\">\u0160odien pats galvenais uzdevums <strong>Kremlistiem<\/strong> ir ne\u013caut <strong>JKP <\/strong>v\u0113l\u0113\u0161an\u0101s ieg\u016bt kaut cik balsu ! Tas ta\u010du apdraud veco \u010dekistu un valsts izlaup\u012bt\u0101ju dro\u0161\u012bbu ! Ir pien\u0101cis laiks p\u0113c iesp\u0113jas \u0101tr\u0101k pie\u0146emt <strong>LIKUMU <\/strong>par: <strong>MEL\u012aGAS inform\u0101cijas izplat\u012b\u0161anu<\/strong> ! <\/p>\n\n\n\n<p class=\"has-black-color has-text-color has-background\" style=\"background-color:#e8e3f1;font-size:19px\">Noskatieties, latviet, video, ja tev v\u0113l smadzenes nav sairu\u0161as un padom\u0101, ko <strong>Bord\u0101ns<\/strong> nepareizu pasac\u012bja ?<\/p>\n\n\n\n<p>17.02.22<\/p>\n\n\n\n<p class=\"has-text-align-center has-white-color has-vivid-red-background-color has-text-color has-background\" style=\"font-size:23px\">Nu nav \u0161is LRTT las\u012bt\u0101js nek\u0101ds m\u016bsu ienaidnieks, tikai mazliet nesapra\u0161a un ar to pietiek, lai pakalpotu m\u016bsu tautas bend\u0113m !<\/p>\n\n\n\n<figure class=\"wp-block-table is-style-regular\"><table><tbody><tr><td><strong>Gandr\u012bz par G.Andrejeva t\u0113mu-br\u012bdin\u0101jumu<\/strong><br><\/td><td><span class=\"has-inline-color has-black-color\">40 miljonu af\u0113ra aizsedz \u201ckoal\u012bcijas\u201d politisk\u0101s prostit\u016bcijas projektus Ceturtdien Saeimas vair\u0101kums nobalsoja par \u201elabo gribu\u201d, uzd\u0101vinot trim holokausta biznesme\u0146iem 40 miljonus eiro, kas tiek iz\u0146emti no m\u016bsu \u2013 nodok\u013cu maks\u0101t\u0101ju \u2013 kabat\u0101m. \u0160is balsojums \u201epateica\u201d: Latvija ir vainojama Sta\u013cina un Hitlera okup\u0101cijas re\u017e\u012bmu noziegumos, kas tiku\u0161i pastr\u0101d\u0101ti Latvijas teritorij\u0101. Daniels Pav\u013cuts (A\/Par) p\u0113c balsojuma priec\u012bgi vid\u017ein\u0101ja tviterlent\u0113: \u201ePaldies Saeimai par \u0161o balsojumu. Tas ir v\u0113sturisks un svar\u012bgs visai Latvijai \u2013 tikai t\u0101da sabiedr\u012bba, kas sp\u0113j atrisin\u0101t pag\u0101tnes s\u0101p\u012bgos jaut\u0101jumus un nosl\u0113gt r\u0113\u0137inus ar savu v\u0113sturi, sp\u0113j augt un veiksm\u012bgi iet uz priek\u0161u.\u201d Piedo\u0161an, k\u0101d\u0101 veid\u0101 ir atrisin\u0101ti \u201epag\u0101tnes s\u0101p\u012bgie jaut\u0101jumi\u201d? Vieniem ciet\u0113jiem at\u0146emot naudu, lai atdotu to citiem ciet\u0113jiem vai, pareiz\u0101k sakot, tiem, kuri uzdodas par to otro ciet\u0113ju aizst\u0101vjiem? Un ar v\u0113sturi, biedri Pav\u013cut, nek\u0101di r\u0113\u0137ini nav j\u0101sl\u0113dz, t\u0101 ir nemain\u012bga un nenop\u0113rkama. Varam tikai cer\u0113t, ka pien\u0101ks laiks, kad r\u0113\u0137ini tiks nos\u016bt\u012bti veselai politik\u0101\u0146u varzai, kas patlaban izsaimnieko Latviju. Ar labas gribas \u017eestiem, par ko tik kaism\u012bgi run\u0101 da\u017e\u0101du politpulci\u0146u vado\u0146i, var\u0113tu di\u017eoties tad, ja nevienam cilv\u0113kam nevajadz\u0113tu ubagot naudu, lai iz\u0101rst\u0113tos, ja onkolo\u0123ijas pacientiem nevajadz\u0113tu ties\u0101ties ar valsti, lai tiktu kompens\u0113tas nepiecie\u0161am\u0101s z\u0101les, ja visi sp\u0113tu samaks\u0101t komun\u0101los r\u0113\u0137inus, ja skolot\u0101jiem maks\u0101tu adekv\u0101tu algu, ja Latvijas ce\u013ci b\u016btu izbraucami utt. Bet \u0161ie \u017eestikul\u0113t\u0101ji nemit\u012bgi aiz\u0146emas naudu un tad liel\u0101s, ka, raugi, trim \u201eciet\u0113jiem\u201d ir uzd\u0101vin\u0101ti miljoni! Katr\u0101 zi\u0146\u0101 \u201eliel\u0101k\u0101 pateic\u012bba\u201d par d\u0101vanu pien\u0101kas pat ne glumajiem likuma pieteic\u0113jiem, bet gan Jaunajai konservat\u012bvajai partijai un t\u0101s vado\u0146iem, kuri p\u0101rmeta savus ko\u017eu sa\u0113stos ka\u017eokus uz otru pusi: tie\u0161i \u201ekonservatoru\u201d d\u0113\u013c bija iesp\u0113jams realiz\u0113t 40 miljonu af\u0113ru \u2013 bez vi\u0146u bals\u012bm tas neizdotos. Tos 64 Saeimas deput\u0101tus, kuri nobalsoja par \u201ekompens\u0101cij\u0101m\u201d, katrs var apl\u016bkot internet\u0101 ce\u013cojo\u0161ajos sarakstos. Daudz interesant\u0101k ir paskat\u012bties uz tiem, kuri \u201enebalsoja\u201d un \u201enebija ieradu\u0161ies\u201d. \u201eNebalsoja\u201d Rihards Kols (NA), In\u0101ra M\u016brniece (NA), Jan\u012bna Jalinska (ZZS), M\u0101ris Ku\u010dinskis (ZZS), Viktors Valainis (ZZS), J\u0101nis Vuc\u0101ns (ZZS). Savuk\u0101rt \u201enebija ieradu\u0161ies\u201d Aldis Blumbergs (PCL), Uldis Augulis (ZZS), Gundars Daudze (ZZS), Armands Krauze (ZZS), Didzis \u0160mits, Vita Anda T\u0113rauda (A\/Par). K\u0101 var nebalsot? Nav viedok\u013ca? Bail balsot? Rokas kabat\u0101s sab\u0101ztas un slinkums izvilkt? Varb\u016bt tad nav j\u0101iet deput\u0101tos, ja nav sp\u0113ka nobalsot? Vai ar\u012b \u2013 j\u0101maina politpulci\u0146\u0161, kur\u0101 neb\u016btu kauns balsot t\u0101, k\u0101 paties\u012bb\u0101 sirds liek?\u2026 Savuk\u0101rt skaidrojums \u201enav ieradies\u201d att\u0101lin\u0101t\u0101s Saeimas s\u0113des laik\u0101 ir visai dzi\u013cdom\u012bgs. No kurienes deput\u0101ti \u201enebija ieradu\u0161ies\u201d? No gultas nepasp\u0113ja izk\u0101pt? Revid\u0113ja ledusskapi? Vai ar\u012b Maldivu salu saul\u012bte un kok\u010diks bija svar\u012bg\u0101ki par \u201eiera\u0161anos\u201d? Nuj\u0101, balsot un debat\u0113t att\u0101lin\u0101taj\u0101s s\u0113d\u0113s ir iesp\u0113jams ar\u012b no elles priek\u0161kambara\u2026 Katr\u0101 zi\u0146\u0101 tas viss ir no\u017e\u0113lojami. Vair\u0101ki \u201epar\u201d balsot\u0101ji apgalvo, ka tie 40 miljoni ir m\u016bsu pa\u0161u dro\u0161\u012bbas labad, sak, m\u016bsu partneri esot piepras\u012bju\u0161i \u0161\u0101du akciju. Ja tas t\u0101 ir, tad \u2013 k\u0101p\u0113c klus\u0113jat? Skaidrojiet \u0161os dro\u0161\u012bbas aspektus, kas tie\u0161\u0101 veid\u0101 saist\u012bti ar 40 miljoniem eiro! Ta\u010du 40 miljonu af\u0113ras p\u0101rkars\u0113tais ugunsm\u016bris aizsedza divus citus svar\u012bgus balsojumus, kas taj\u0101 pa\u0161\u0101 dien\u0101 aizg\u0101ja svilpdami. Viens bija par kovidsertifik\u0101tu darb\u012bbas izbeig\u0161anu, otrs \u2013 par ostu p\u0101rvald\u012bbas reformu. Kad visiem ar lo\u0123iku apvelt\u012btiem cilv\u0113kiem ir skaidrs, ka kovidsertifik\u0101tiem jau sen nav nek\u0101das j\u0113gas, visa \u201ekoal\u012bcija\u201d \u2013 vienota k\u0101 z\u0101\u0123a zobi \u2013 nobalso, ka sertifik\u0101ti nav j\u0101atce\u013c. Protams, kovidaparte\u012bds joproj\u0101m ir svar\u012bga komponente varas notur\u0113\u0161an\u0101 un cilv\u0113ku dal\u012b\u0161an\u0101 \u201ekast\u0101s\u201d. T\u0101du pa\u0161u vienot\u012bbu \u0161\u012b \u201ekoal\u012bcija\u201d izr\u0101d\u012bja, balsojot par ostu p\u0101rvald\u012bbas reformu, kas \u2013 atkal pateicoties JKP un Bord\u0101nam person\u012bgi \u2013 veiksm\u012bgi pabeigs Latvijas ostu izn\u012bcin\u0101\u0161anu. Un \u0161im politbiznesa projektam aizies daudz liel\u0101ka nauda nek\u0101 holokausta biznesme\u0146u piepras\u012bt\u0101 summa. Tikpat akt\u012bvi tiek virz\u012bts viendzimuma laul\u012bbu likums \u2013 izteikti \u201ekonservat\u012bv\u0101s\u201d Jaun\u0101s konservat\u012bv\u0101s partijas sald\u0113diens uz \u201ekoal\u012bcijas\u201d dz\u012bru galda. Par kovidsertifik\u0101tiem un ostu izn\u012bcin\u0101\u0161anu balsoja ar\u012b Nacion\u0101l\u0101 apvien\u012bba (NA). Vai NA, saudz\u0113jot \u201ekoal\u012bcijas\u201d labsaj\u016btu, atbalst\u012bs ar\u012b viendzimuma laul\u012bbu legaliz\u0101ciju? Ir ta\u010du kaut k\u0101ds politiskais izdev\u012bgums ar\u012b \u0161aj\u0101 balsojum\u0101, vai ne? Bet j\u016bs te sak\u0101t \u2013 visnej\u0113dz\u012bg\u0101k\u0101 Saeima. Tie\u0161i otr\u0101di: visgudr\u0101k\u0101 un sl\u012bp\u0113t\u0101k\u0101.<\/span><\/td><\/tr><\/tbody><\/table><\/figure>\n","protected":false},"excerpt":{"rendered":"<p>https:\/\/www.facebook.com\/bordans\/videos\/395767942022700 P\u0101rdomas tiem, kuri sevi uzskata par &#8220;\u012bstenajiem&#8221; leti\u0146iem. Es neesmu no tiem, kur\u0161 uzskata, ka Latvija vain\u012bga holokaust\u0101. Taj\u0101 vain\u012bgas ir tikai un vien\u012bgi divas DI\u017dTAUTAS- nacistisk\u0101 V\u0101cija un komunistisk\u0101 Krievija. Ja t\u0101s&#46;&#46;&#46;<\/p>\n","protected":false},"author":1,"featured_media":57891,"comment_status":"open","ping_status":"open","sticky":false,"template":"","format":"standard","meta":[],"categories":[1],"tags":[],"_links":{"self":[{"href":"https:\/\/tautastribunals.eu\/index.php?rest_route=\/wp\/v2\/posts\/61692"}],"collection":[{"href":"https:\/\/tautastribunals.eu\/index.php?rest_route=\/wp\/v2\/posts"}],"about":[{"href":"https:\/\/tautastribunals.eu\/index.php?rest_route=\/wp\/v2\/types\/post"}],"author":[{"embeddable":true,"href":"https:\/\/tautastribunals.eu\/index.php?rest_route=\/wp\/v2\/users\/1"}],"replies":[{"embeddable":true,"href":"https:\/\/tautastribunals.eu\/index.php?rest_route=%2Fwp%2Fv2%2Fcomments&post=61692"}],"version-history":[{"count":7,"href":"https:\/\/tautastribunals.eu\/index.php?rest_route=\/wp\/v2\/posts\/61692\/revisions"}],"predecessor-version":[{"id":61702,"href":"https:\/\/tautastribunals.eu\/index.php?rest_route=\/wp\/v2\/posts\/61692\/revisions\/61702"}],"wp:featuredmedia":[{"embeddable":true,"href":"https:\/\/tautastribunals.eu\/index.php?rest_route=\/wp\/v2\/media\/57891"}],"wp:attachment":[{"href":"https:\/\/tautastribunals.eu\/index.php?rest_route=%2Fwp%2Fv2%2Fmedia&parent=61692"}],"wp:term":[{"taxonomy":"category","embeddable":true,"href":"https:\/\/tautastribunals.eu\/index.php?rest_route=%2Fwp%2Fv2%2Fcategories&post=61692"},{"taxonomy":"post_tag","embeddable":true,"href":"https:\/\/tautastribunals.eu\/index.php?rest_route=%2Fwp%2Fv2%2Ftags&post=61692"}],"curies":[{"name":"wp","href":"https:\/\/api.w.org\/{rel}","templated":true}]}}