{"id":61611,"date":"2022-02-10T14:49:48","date_gmt":"2022-02-10T12:49:48","guid":{"rendered":"https:\/\/tautastribunals.eu\/?p=61611"},"modified":"2022-02-10T14:49:48","modified_gmt":"2022-02-10T12:49:48","slug":"lasitajs-no-pardaugavas-ari-par-parazitu-juri-rubeni","status":"publish","type":"post","link":"https:\/\/tautastribunals.eu\/?p=61611","title":{"rendered":"Las\u012bt\u0101js no P\u0101rdaugavas. Ar\u012b par paraz\u012btu Juri Rubeni"},"content":{"rendered":"\n<figure class=\"wp-block-image size-large is-resized\"><img decoding=\"async\" loading=\"lazy\" src=\"https:\/\/tautastribunals.eu\/wp-content\/uploads\/2021\/10\/L.Grantins.J.ZivertsBordansButansLRTT-1-800x116.png\" alt=\"\" class=\"wp-image-61036\" width=\"1450\" height=\"210\" srcset=\"https:\/\/tautastribunals.eu\/wp-content\/uploads\/2021\/10\/L.Grantins.J.ZivertsBordansButansLRTT-1-800x116.png 800w, https:\/\/tautastribunals.eu\/wp-content\/uploads\/2021\/10\/L.Grantins.J.ZivertsBordansButansLRTT-1-300x44.png 300w, https:\/\/tautastribunals.eu\/wp-content\/uploads\/2021\/10\/L.Grantins.J.ZivertsBordansButansLRTT-1-768x112.png 768w, https:\/\/tautastribunals.eu\/wp-content\/uploads\/2021\/10\/L.Grantins.J.ZivertsBordansButansLRTT-1.png 1073w\" sizes=\"(max-width: 1450px) 100vw, 1450px\" \/><\/figure>\n\n\n\n<figure class=\"wp-block-image size-large\"><a href=\"https:\/\/www.facebook.com\/ugis.kalnins.92\/videos\/1201422233689798\"><img decoding=\"async\" loading=\"lazy\" width=\"800\" height=\"255\" src=\"https:\/\/tautastribunals.eu\/wp-content\/uploads\/2022\/02\/Satanisms.Juris-Rubenis-Grantins.LRTT_.png\" alt=\"\" class=\"wp-image-61597\" srcset=\"https:\/\/tautastribunals.eu\/wp-content\/uploads\/2022\/02\/Satanisms.Juris-Rubenis-Grantins.LRTT_.png 800w, https:\/\/tautastribunals.eu\/wp-content\/uploads\/2022\/02\/Satanisms.Juris-Rubenis-Grantins.LRTT_-300x96.png 300w, https:\/\/tautastribunals.eu\/wp-content\/uploads\/2022\/02\/Satanisms.Juris-Rubenis-Grantins.LRTT_-768x245.png 768w\" sizes=\"(max-width: 800px) 100vw, 800px\" \/><\/a><\/figure>\n\n\n\n<p class=\"has-text-align-center has-white-color has-text-color has-background\" style=\"background-color:#0c402d;font-size:21px\">Las\u012bt\u0101ja no P\u0101rdaugavas atsauksme par \u0161eit skat\u0101mo video:<\/p>\n\n\n\n<p class=\"has-black-color has-text-color has-background\" style=\"background-color:#e6f3fb;font-size:19px\">Pie\u0146emsim, ka nav nek\u0101du citu pier\u0101d\u012bjumu par \u0161o liekuli tal\u0101r\u0101, ambiciozo materi\u0101listu <strong>\u201cDieva kalpu\u201d Rubeni,<\/strong> bet tad ir cits jaut\u0101jums, par \u0161o <strong>\u201cnesavt\u012bgo\u201d<\/strong> tautas kalpu, k\u0101 \u0161is tips sevi liekul\u012bgi pozicion\u0113 ? Nu, k\u0101 \u0161is labi situ\u0113tais, labi barotais liekulis var skat\u012bties ac\u012bs saviem kaimi\u0146iem, draugiem, radiem un bazn\u012bc\u0113niem, ja latvie\u0161u tauta tiek visos veidos nicin\u0101ta un n\u012bcin\u0101ta visu \u0161o 30. gadu garum\u0101 ? Un tas viss notiek <strong>\u0161\u012b paraz\u012bta <\/strong>acu priek\u0161\u0101, bet vi\u0146\u0161 trekni barojoties, ne v\u0101rda, ne ska\u0146as nav izdvesis pret \u0161o neliet\u012bbu, pret ac\u012bmredzamo latvie\u0161u genoc\u012bdu dzimtaj\u0101 zem\u0113 ? Un nekad neiest\u0101joties par tiem, kas vi\u0146u rad\u012bja, kas uztur un baro ikdien\u0101 \u2013 latvie\u0161u tautu ??! <\/p>\n\n\n\n<p class=\"has-black-color has-text-color has-background\" style=\"background-color:#e6f3fb;font-size:19px\">Vi\u0146a un <strong>vi\u0146am l\u012bdz\u012bgo dra\u0146\u0137u bars<\/strong> labi redz, ka okup\u0101cija nav beigusies, ka tie riebek\u013cu simbioz\u0113 ar kangariem vald\u012bb\u0101, ar komunistu,<strong> \u010dekistu nodev\u0113jiem turpina izpost\u012bt latvie\u0161u genofondu<\/strong>, latvie\u0161u \u0123imenes, apzogot un izputinot v\u0113l paliku\u0161os patriotus un to \u0123imenes, bet klus\u0113 ! Bez min\u0113t\u0101, vienlaikus <strong>kalv\u012b\u0161i, rube\u0146i<\/strong> un<strong> kari\u0146i<\/strong> utt. citi kolaboranti <strong>\u201cneredz\u201d<\/strong> liel\u0101ko savu noziegumu pret<strong> Latviju <\/strong>un t\u0101s tautu \u2013 <strong>prettiesisko okupantu masveida naturaliz\u0101ciju<\/strong> un to p\u0101rst\u0101vju iefiltr\u0113\u0161anu vis\u0101s valsts vad\u012bbas \u0161\u016bn\u0101s, visos strat\u0113\u0123iskajos un citos amatos. <\/p>\n\n\n\n<p class=\"has-black-color has-text-color has-background\" style=\"background-color:#e6f3fb;font-size:19px\">Un tas viss notiek krem\u013ca nesl\u0113ptas agresijas laik\u0101, apst\u0101k\u013cos, kad krievu armija draudo\u0161i koncentr\u0113jas pie <strong>Ukrainas <\/strong>robe\u017e\u0101m, radot pamat\u012bgas apdraud\u0113juma ba\u017eas ne tikai <strong>Baltijai<\/strong>, bet ar\u012b <strong>Polijai <\/strong>un pat <strong>Skandin\u0101vijas valst\u012bm<\/strong>, kas spiestas pastiprin\u0101ti bru\u0146oties ! Bet krievu okupantu, to da\u017e\u0101do paaud\u017eu<strong> 5.kolonnas<\/strong> masveid\u012bbu vis\u0101s<strong> Latvijas<\/strong> varas un pa\u0161vald\u012bbu strukt\u016br\u0101s, <strong>Saeim\u0101,<\/strong> milit\u0101rajos form\u0113jumos un pat esot jau to vad\u012bb\u0101, okupantu p\u0101rst\u0101vjiem, kolaborantiem varas un pat masu m\u0113diju p\u0101rst\u0101vjos nek\u0101du trauksmi vai kaut reakciju uz notieko\u0161o pretlatvisko absurdu nerada ?! T\u0101di <strong>rube\u0146i <\/strong>un citi nodev\u012bg\u0101s <strong>\u201cinteli\u0123ences\u201d <\/strong>p\u0101rst\u0101vji turpin\u0101s muld\u0113t par idiotisko integr\u0101ciju ka\u0137im ar peli, par tautu draudz\u012bbu \u2013 kad upuriem, no okupantiem neatbr\u012bvotajai tautai ir <strong>\u201cj\u0101draudz\u0113jas\u201d<\/strong> ar iebruc\u0113ju masas agres\u012bvo un nekaun\u012bgu uzved\u012bbu, ka esot labv\u0113l\u012bgi j\u0101piecie\u0161 joproj\u0101m bie\u017ei uzspiesto iebruc\u0113ju dikt\u0101tu kiri\u013cic\u0101. Pazem\u012bgi to j\u0101piecie\u0161, latvie\u0161iem \u2013 valsts saimniekiem un esot savu pa\u0161u sen\u010du zem\u0113, nevis vi\u0146u <strong>Krievij\u0101 <\/strong>! <\/p>\n\n\n\n<p class=\"has-black-color has-text-color has-background\" style=\"background-color:#e6f3fb;font-size:19px\">Un par to visu \u0161ie <strong>rube\u0146i<\/strong>, \u0161ie<strong> \u201cdrosm\u012bgie, tikum\u012bgie patrioti<\/strong>\u201d klus\u0113, ne tikai klus\u0113, bet putas \u0161\u0137iezdami aizst\u0101v savu <strong>4.maija varu<\/strong> un v\u0113l uzbr\u016bk tiem, diem\u017e\u0113l jau retajiem patriotiem, kas uzdro\u0161in\u0101s neklus\u0113t un atmaskot kangaru un sve\u0161o varas kli\u0137i !<\/p>\n\n\n\n<p class=\"has-text-align-center has-white-color has-vivid-red-background-color has-text-color has-background has-large-font-size\">MIGLA SARKAN\u0100,- NOL\u0100D\u0112T\u0100 !<\/p>\n\n\n\n<p class=\"has-black-color has-text-color has-background\" style=\"background-color:#e8fbf3;font-size:19px\"><strong>L. Granti\u0146\u0161: <\/strong>J\u0101, piln\u012bgi pareizi \u0161is nelietis ir defin\u0113ts- <strong>PARAZ\u012aTS <\/strong>! K\u0101das intereses \u0161im<strong> RUBENIM,<\/strong> kuram nav nek\u0101ds sakars ar latvie\u0161u etnosu, var b\u016bt par latvie\u0161u tautu ? Ja nu vien\u012bgi, tad k\u0101 to izmantot savt\u012bgos nol\u016bkos. Pie <strong>\u201cvi\u0146iem\u201d <\/strong>taut\u012bba tiek <strong>\u201cdefin\u0113ta\u201d<\/strong> no m\u0101tes puses. <\/p>\n\n\n\n<p class=\"has-black-color has-text-color has-background\" style=\"background-color:#e8fbf3;font-size:19px\">\u012asum\u0101 par vi\u0146a paraz\u012btismu: <strong>Atmodas <\/strong>un p\u0113c<strong>Atmodas<\/strong> laik\u0101 \u201cm\u0101c\u012bt\u0101js\u201d<em>(VDK darbinieks) <\/em><strong>J. Rubenis<\/strong> un \u201c<strong>labvakarists<\/strong>\u201d<em>(VDK darbinieks) <\/em>E. Ink\u0113ns bija regul\u0101ri viesi pie <strong>\u201cdisidenta\u201d<\/strong><em>(VDK darbinieka)<\/em> <strong>J. Ro\u017ekalna<\/strong>, kur\u0161 tolaik dz\u012bvoja <strong>Minster\u0113<\/strong>, man kaimi\u0146os. \u010cekas \u0161ant\u0101\u017eas rezult\u0101t\u0101 <strong>Ro\u017ekalnam<\/strong> izdev\u0101s tikt pie<strong> Daugavas Vanagu<\/strong> naudas kases. <\/p>\n\n\n\n<p class=\"has-black-color has-text-color has-background\" style=\"background-color:#e8fbf3;font-size:19px\">Tika izpump\u0113ti milzu l\u012bdzek\u013ci. <\/p>\n\n\n\n<p class=\"has-black-color has-text-color has-background\" style=\"background-color:#e8fbf3;font-size:19px\">Kad \u0161o darb\u012bbu rezult\u0101t\u0101 man izn\u0101ca sakoflikt\u0113ties ar <strong>DV<\/strong> \u0123ener\u0101lsekret\u0101ru <strong>J. B\u0113rzi\u0146u<\/strong>, vi\u0146\u0161 man par\u0101d\u012bja da\u017eas atskaites, kuras skatoties- negrib\u0113j\u0101s tic\u0113t ac\u012bm ! Es piepras\u012bju tik\u0161anos ar <strong>Daugavas Vanagu Centr\u0101l\u0101s valdes<\/strong> priek\u0161s\u0113d\u0113t\u0101ju <strong>J\u0101ni Fri\u0161valdu<\/strong> <em>(Anglija),<\/em> lai veiktu naudas l\u012bdzek\u013cu rev\u012bziju. Pie manis tika ats\u016bt\u012bts <strong>\u201cstarpnieks\u201d<\/strong><em><strong> <\/strong>(neatceros k\u0101 vi\u0146u sauca),<\/em> kur\u0161 man pazi\u0146oja, ka tas viss ir <strong>KONFIDENCI\u0100LI<\/strong> un man neesot nek\u0101das ties\u012bbas \u0161o naudas fondu nedz p\u0101rbaud\u012bt, nedz kontrol\u0113t ! <\/p>\n\n\n\n<p class=\"has-black-color has-text-color has-background\" style=\"background-color:#e8fbf3;font-size:19px\">Toreiz <strong>V\u0101cu Markai Latvij\u0101 <\/strong>bija neiedom\u0101jama v\u0113rt\u012bba. T\u0101 rezult\u0101t\u0101 \u010dekistiem rad\u0101s <strong>PAMATKAPIT\u0100LI<\/strong>, ar kuru pal\u012bdz\u012bbu tie veica<strong> Latvijas<\/strong>, k\u0101 nacion\u0101las valsts, sabot\u0101\u017eu.<strong> Ink\u0113ns <\/strong>k\u013cuva par miljon\u0101ru, bet <strong>Juris Rubenis <\/strong>uzsl\u0113ja vair\u0101kas <strong>lielizm\u0113ra priv\u0101tm\u0101jas saviem \u0123imene locek\u013ciem<\/strong> un dro\u0161i vien ir v\u0113l k\u0101di priv\u0101t\u012bpa\u0161umi ! Kad beidz\u0101s <strong>Atmodas<\/strong> laiki, <strong>J. Ro\u017ekalns<\/strong> iek\u0101rtoj\u0101s k\u0101d\u0101 <strong>\u0160veices<\/strong> labdar\u012bbas organiz\u0101cij\u0101- <strong>CARITAS,<\/strong> no kuras tika ar negodu padz\u012bts, jo apzag\u0101s milzu apm\u0113ros. \u0160\u012b organiz\u0101cija v\u0101ca lietoto ap\u0123\u0113rbu priek\u0161 nabadz\u012bgaj\u0101m zem\u0113m. Nu, un di\u017eais latvju <strong>\u201cdisidents\u201d Janka<\/strong> <strong>Ro\u017ekalns <\/strong>iedom\u0101j\u0101s, ka vi\u0146\u0161 ir pasaules nabadz\u012bg\u0101kais cilv\u0113ks- <strong>atv\u0113ra R\u012bga Lombardu<\/strong> un transport\u0113ja nabagiem dom\u0101to <strong>VE\u013bU <\/strong>uz savu p\u0101rdotuvi !\u00a0 To visu man past\u0101st\u012bja \u0161eit min\u0113t\u0101<strong> DV J. B\u0113rzi\u0146a <\/strong>sieva. \u00a0<\/p>\n\n\n\n<p class=\"has-black-color has-text-color has-background\" style=\"background-color:#e8fbf3;font-size:19px\">2017. gad\u0101 \u0161is \u010dekas izdzimums<span class=\"has-inline-color has-vivid-purple-color\"> <strong><a href=\"http:\/\/Nep\u0101rprotami, ka tiek gatavota slepkav\u012bba\">\u201ckartograf\u0113ja\u201d<\/a> <\/strong><\/span>manu dz\u012bves vietu <em>(bet vi\u0146am nezinot smagi uzr\u0101v\u0101s). <\/em>Ar k\u0101du nodomu un, kas to organiz\u0113ja, daudz min\u0113t nevajag\u2026 Tas, kur\u0161 v\u0113las par \u0161iem civiliz\u0101cijas m\u0113sliem vair\u0101k ko uzzin\u0101t, lai ieraksta \u0161\u012bs i- vietnes mekl\u0113t\u0101j\u0101 attiec\u012bgos v\u0101rdus !<\/p>\n\n\n\n<figure class=\"wp-block-image size-large is-resized\"><img decoding=\"async\" loading=\"lazy\" src=\"https:\/\/tautastribunals.eu\/wp-content\/uploads\/2017\/10\/Ro\u017ekalns.Granti\u0146\u0161.LudviksRubenisGranti\u0146\u0161.LRTT.PNG\" alt=\"\" class=\"wp-image-41937\" width=\"1450\" height=\"1221\" srcset=\"https:\/\/tautastribunals.eu\/wp-content\/uploads\/2017\/10\/Ro\u017ekalns.Granti\u0146\u0161.LudviksRubenisGranti\u0146\u0161.LRTT.PNG 575w, https:\/\/tautastribunals.eu\/wp-content\/uploads\/2017\/10\/Ro\u017ekalns.Granti\u0146\u0161.LudviksRubenisGranti\u0146\u0161.LRTT-300x252.PNG 300w\" sizes=\"(max-width: 1450px) 100vw, 1450px\" \/><figcaption><strong><span class=\"has-inline-color has-vivid-red-color\">Paraz\u012bts, kur\u0161 nenogursto\u0161i sevi &#8220;pieraksta&#8221; H- 86 grupai, kaut gan manam pied\u0101v\u0101jumam 1986. g. iest\u0101ties taj\u0101- kategoriski noraid\u012bja !!!<\/span><\/strong><\/figcaption><\/figure>\n\n\n\n<p>10.02.22<\/p>\n\n\n\n<p><\/p>\n\n\n\n<p><\/p>\n\n\n\n<p><\/p>\n","protected":false},"excerpt":{"rendered":"<p>Las\u012bt\u0101ja no P\u0101rdaugavas atsauksme par \u0161eit skat\u0101mo video: Pie\u0146emsim, ka nav nek\u0101du citu pier\u0101d\u012bjumu par \u0161o liekuli tal\u0101r\u0101, ambiciozo materi\u0101listu \u201cDieva kalpu\u201d Rubeni, bet tad ir cits jaut\u0101jums, par \u0161o \u201cnesavt\u012bgo\u201d tautas kalpu, k\u0101&#46;&#46;&#46;<\/p>\n","protected":false},"author":1,"featured_media":61601,"comment_status":"open","ping_status":"open","sticky":false,"template":"","format":"standard","meta":[],"categories":[1],"tags":[],"_links":{"self":[{"href":"https:\/\/tautastribunals.eu\/index.php?rest_route=\/wp\/v2\/posts\/61611"}],"collection":[{"href":"https:\/\/tautastribunals.eu\/index.php?rest_route=\/wp\/v2\/posts"}],"about":[{"href":"https:\/\/tautastribunals.eu\/index.php?rest_route=\/wp\/v2\/types\/post"}],"author":[{"embeddable":true,"href":"https:\/\/tautastribunals.eu\/index.php?rest_route=\/wp\/v2\/users\/1"}],"replies":[{"embeddable":true,"href":"https:\/\/tautastribunals.eu\/index.php?rest_route=%2Fwp%2Fv2%2Fcomments&post=61611"}],"version-history":[{"count":5,"href":"https:\/\/tautastribunals.eu\/index.php?rest_route=\/wp\/v2\/posts\/61611\/revisions"}],"predecessor-version":[{"id":61616,"href":"https:\/\/tautastribunals.eu\/index.php?rest_route=\/wp\/v2\/posts\/61611\/revisions\/61616"}],"wp:featuredmedia":[{"embeddable":true,"href":"https:\/\/tautastribunals.eu\/index.php?rest_route=\/wp\/v2\/media\/61601"}],"wp:attachment":[{"href":"https:\/\/tautastribunals.eu\/index.php?rest_route=%2Fwp%2Fv2%2Fmedia&parent=61611"}],"wp:term":[{"taxonomy":"category","embeddable":true,"href":"https:\/\/tautastribunals.eu\/index.php?rest_route=%2Fwp%2Fv2%2Fcategories&post=61611"},{"taxonomy":"post_tag","embeddable":true,"href":"https:\/\/tautastribunals.eu\/index.php?rest_route=%2Fwp%2Fv2%2Ftags&post=61611"}],"curies":[{"name":"wp","href":"https:\/\/api.w.org\/{rel}","templated":true}]}}