{"id":61595,"date":"2022-02-09T14:02:46","date_gmt":"2022-02-09T12:02:46","guid":{"rendered":"https:\/\/tautastribunals.eu\/?p=61595"},"modified":"2022-02-09T14:02:47","modified_gmt":"2022-02-09T12:02:47","slug":"j-rubena-dieva-zaimi-satanists-un-vina-avis4-maija-klike","status":"publish","type":"post","link":"https:\/\/tautastribunals.eu\/?p=61595","title":{"rendered":"J. Rube\u0146a Dieva zaimi- s\u0101tanists un vi\u0146a avis(4. maija kli\u0137e)"},"content":{"rendered":"\n<figure class=\"wp-block-image size-large is-resized\"><img decoding=\"async\" loading=\"lazy\" src=\"https:\/\/tautastribunals.eu\/wp-content\/uploads\/2019\/01\/Liec\u012bbas.LRTT_.H-86.LatvijaSaeimaGranti\u0146\u0161BitenieksBarissUrbanovi\u010dsKozlovskis.1-800x183.png\" alt=\"\" class=\"wp-image-48948\" width=\"1450\" height=\"332\" srcset=\"https:\/\/tautastribunals.eu\/wp-content\/uploads\/2019\/01\/Liec\u012bbas.LRTT_.H-86.LatvijaSaeimaGranti\u0146\u0161BitenieksBarissUrbanovi\u010dsKozlovskis.1-800x183.png 800w, https:\/\/tautastribunals.eu\/wp-content\/uploads\/2019\/01\/Liec\u012bbas.LRTT_.H-86.LatvijaSaeimaGranti\u0146\u0161BitenieksBarissUrbanovi\u010dsKozlovskis.1-300x69.png 300w, https:\/\/tautastribunals.eu\/wp-content\/uploads\/2019\/01\/Liec\u012bbas.LRTT_.H-86.LatvijaSaeimaGranti\u0146\u0161BitenieksBarissUrbanovi\u010dsKozlovskis.1-768x176.png 768w, https:\/\/tautastribunals.eu\/wp-content\/uploads\/2019\/01\/Liec\u012bbas.LRTT_.H-86.LatvijaSaeimaGranti\u0146\u0161BitenieksBarissUrbanovi\u010dsKozlovskis.1.png 834w\" sizes=\"(max-width: 1450px) 100vw, 1450px\" \/><\/figure>\n\n\n\n<p class=\"has-text-align-center has-medium-font-size\"><a href=\"https:\/\/www.lsm.lv\/raksts\/zinas\/latvija\/pirmo-valstiskuma-balvu-sanem-luteranu-garidznieks-rubenis.a417912\/\"><strong>Latvijas Republikas <\/strong>neatkar\u012bbas atjauno\u0161anas 30. gadadien\u0101 <strong>R\u012bgas pil\u012b <\/strong>svin\u012bg\u0101 ceremonij\u0101 pirmo reizi pasniegta biedr\u012bbas <strong>\u00ab4. maija Deklar\u0101cijas klubs\u00bb <\/strong>iedibin\u0101t\u0101 <strong>Valstiskuma balva<\/strong>. To sa\u0146\u0113ma luter\u0101\u0146u gar\u012bdznieks un rakstnieks <strong>Juris Rubenis.<\/strong><\/a><\/p>\n\n\n\n<figure class=\"wp-block-image size-large is-resized\"><a href=\"https:\/\/www.facebook.com\/ugis.kalnins.92\/videos\/1201422233689798\"><img decoding=\"async\" loading=\"lazy\" src=\"https:\/\/tautastribunals.eu\/wp-content\/uploads\/2022\/02\/Satanisms.Juris-Rubenis-Grantins.LRTT_-1.png\" alt=\"\" class=\"wp-image-61598\" width=\"1450\" height=\"462\" srcset=\"https:\/\/tautastribunals.eu\/wp-content\/uploads\/2022\/02\/Satanisms.Juris-Rubenis-Grantins.LRTT_-1.png 800w, https:\/\/tautastribunals.eu\/wp-content\/uploads\/2022\/02\/Satanisms.Juris-Rubenis-Grantins.LRTT_-1-300x96.png 300w, https:\/\/tautastribunals.eu\/wp-content\/uploads\/2022\/02\/Satanisms.Juris-Rubenis-Grantins.LRTT_-1-768x245.png 768w\" sizes=\"(max-width: 1450px) 100vw, 1450px\" \/><\/a><\/figure>\n\n\n\n<p><a href=\"https:\/\/www.facebook.com\/ugis.kalnins.92\/videos\/1201422233689798\">https:\/\/www.facebook.com\/ugis.kalnins.92\/videos\/1201422233689798<\/a><\/p>\n\n\n\n<p class=\"has-white-color has-vivid-red-background-color has-text-color has-background\" style=\"font-size:23px\">\u0160eit k\u0101ds tr\u0101p\u012bgs koment\u0101rs par Rube\u0146a runu:<\/p>\n\n\n\n<p style=\"font-size:23px\"><a href=\"https:\/\/www.facebook.com\/Erims.zonbergs?comment_id=Y29tbWVudDozMDc3MzY3MTY1ODc2NzgzXzMwNzkxMDQ3MjIzNjk2OTQ%3D&amp;__tn__=R-R\">Erims Zonbergs<\/a><span class=\"has-inline-color has-black-color\"> Pr\u0101ta programm\u0113\u0161ana, dr\u016bmi un l\u012bdzj\u016bt\u012bgi, nom\u0101co\u0161i, neviens v\u0101rds par prieku, nesavt\u012bbu utt.<img decoding=\"async\" loading=\"lazy\" width=\"16\" height=\"16\" alt=\"\ud83e\udd14\" src=\"https:\/\/static.xx.fbcdn.net\/images\/emoji.php\/v9\/td3\/2\/16\/1f914.png\"><\/span><\/p>\n\n\n\n<p class=\"has-white-color has-text-color has-background\" style=\"background-color:#07442e;font-size:19px\">Nu un tu redz\u2019 tikai, vi\u0146\u0161, \u0161is<strong> Rubenis<\/strong>, pateicoties <strong>Dievam <\/strong>par iesp\u0113ju dz\u012bvot \u0161aj\u0101 laik\u0101 !!! Bet ne ar zilbi nepatiec\u0101s <strong>S\u0101tanam<\/strong>, kuram vi\u0146\u0161 tik nesavt\u012bgi kalpo ! K\u0101da \u0101rpr\u0101ta liekul\u012bba ve\u013cas no \u0161\u012b <strong>S\u0101tana kalpa<\/strong> mutes ! Un v\u0113l absurd\u0101k skan vi\u0146a sac\u012btais, ka vi\u0146\u0161 \u0146\u0113mis dal\u012bbu \u0161ajos valsts iz\u0161\u0137iro\u0161ajos notikumos ! Un te nu tad m\u0113s non\u0101kam pie pa\u0161a svar\u012bg\u0101k\u0101: k\u0101 v\u0101rd\u0101 un ar k\u0101 pal\u012bdz\u012bbu, un ar k\u0101du m\u0113r\u0137i \u0161is melnais s\u0101taniskais vieplis \u0146\u0113ma \u0161o<strong> DAL\u012aBU <\/strong>? <\/p>\n\n\n\n<p class=\"has-white-color has-text-color has-background\" style=\"background-color:#07442e;font-size:19px\">Tie\u0161i vi\u0146\u0161 bija viens no svar\u012bg\u0101kajiem<strong> VDK <\/strong>instrumentiem, ar kura pal\u012bdz\u012bbu tika pie varas izvirz\u012bti <strong>okup\u0101cijas repres\u012bvo strukt\u016bru p\u0101rst\u0101vji<\/strong>, kuri v\u0113l \u0161odien atrodas tur pat. Ar kuru<em>(\u010dekistu- komunistu) <\/em>pal\u012bdz\u012bbu tika likvid\u0113ti neskait\u0101mi latvie\u0161u patrioti ! \u00a0Latviski un demokr\u0101tiski dom\u0101jo\u0161o likvid\u0113\u0161ana turpin\u0101s l\u012bdz pat \u0161odienai ! Kad es skatos uz \u0161o <strong>s\u0101tan-\u0123\u012bmi,<\/strong> man gar ac\u012bm skrien asi\u0146aini skati, n\u0101ves un vaidi. Viss ir likumsakar\u012bgi: vi\u0146am<strong> \u201c4. maija Deklar\u0101cijas klubs\u201d, <\/strong>bet ne <strong>LR <\/strong>p\u0101rst\u0101vji pasniedz \u0161o <strong>\u201cnosl\u0113pumaino\u201d<\/strong> <strong>VALSTISKUMA BALVU<\/strong> ! <\/p>\n\n\n\n<p class=\"has-text-align-center has-white-color has-text-color has-background\" style=\"background-color:#07442e;font-size:19px\">Kaut k\u0101ds mistisks <strong>DEKLAR\u0100CIJAS KLUBS<\/strong> pasniedz kaut k\u0101du tur <strong>VALSTISKUMA BALVU <\/strong>! <\/p>\n\n\n\n<p class=\"has-white-color has-text-color has-background\" style=\"background-color:#07442e;font-size:19px\">J\u0101pabr\u012bn\u0101s, k\u0101 vi\u0146\u0161 trakt\u0113 <strong>Atmodas Laika<\/strong> notikumus<strong>.<\/strong> It k\u0101 vi\u0146\u0161 b\u016btu bijis to <strong>VEIDOT\u0100JS, RAD\u012aT\u0100JS<\/strong> un <strong>IZPILD\u012aT\u0100JS<\/strong>. Ja vi\u0146am b\u016btu <strong>kaut 1% NO CILV\u0112KA B\u016aT\u012aBAS,<\/strong> vi\u0146a <strong>Sirdsapzi\u0146a<\/strong> neat\u013cautu vi\u0146am piedal\u012bties <strong>\u0161aj\u0101 100%t\u012bg\u0101 melu balag\u0101n\u0101<\/strong> ! Par \u0161o, un ne tikai \u0161o <strong>\u201cluterisko\u201d S\u0101tana kalpu<\/strong>, jau ir bag\u0101t\u012bgi aprakst\u012bts <strong>LRTT i- vietn\u0113<\/strong>. Var\u0113tu jau samierin\u0101ties ar to, kas par vi\u0146u uzrakst\u012bts, bet n\u0101k jaunas paaudzes, kuras nezina tos t\u0101los <strong>Atmodas laikus<\/strong>. Vi\u0146iem ir viegli iest\u0101st\u012bt \u010dekistu fant\u0101zijas, t\u0101p\u0113c ir j\u0101atk\u0101rto <strong>Paties\u012bba <\/strong>par <strong>TIEM LAIKIEM.<\/strong> Tie patie\u0161\u0101m bija latvie\u0161u tautas <strong>CER\u012aBU UN GAR\u012aG\u0100 PAC\u0112LUMA LAIKI<\/strong>, kurus likvid\u0113ja \u0161ie rube\u0146veid\u012bgie j\u016bdasa rad\u012bjumi. <\/p>\n\n\n\n<p class=\"has-white-color has-text-color has-background\" style=\"background-color:#07442e;font-size:19px\">Pirmk\u0101rt, ir j\u0101zina, ka vi\u0146\u0161 nav latvietis un ar\u012b tas, ka vi\u0146\u0161 jau no <strong>pa\u0161as pirm\u0101s KALPO\u0160ANAS dienas Dievam<\/strong>, str\u0101d\u0101ja <strong>VDK uzdevum\u0101 !!! <\/strong>Vi\u0146a uzdevums jau Padomju laikos bija atfiltr\u0113t nacion\u0101li noska\u0146otos latvie\u0161us no pel\u0113kaj\u0101m <strong>Padomju MAS\u0100M<\/strong>. T\u0101p\u0113c vi\u0146am at\u013c\u0101va <strong>Bazn\u012bc\u0101s Br\u012bvdom\u012bbu. <\/strong><\/p>\n\n\n\n<p class=\"has-white-color has-text-color has-background\" style=\"background-color:#07442e;font-size:19px\">T\u0101 ta\u010du jau sav\u0101 b\u016bt\u012bb\u0101 bija s\u0101taniska darb\u012bba ! Par to visu vair\u0101k variet uzzin\u0101t, ja <a href=\"http:\/\/www.tautastribunals.eu\"><span class=\"has-inline-color has-vivid-purple-color\">www.tautastribunals.eu<\/span><\/a> \u00a0<strong>MEKL\u0112T\u0100J\u0100 <\/strong>ierakst\u012bsiet vi\u0146a v\u0101rdu. Tagad v\u0113l \u012bsum\u0101: Vai iev\u0113roj\u0101t, ka vi\u0146\u0161 \u0161aj\u0101 video \u0161o emocion\u0101lo, bet b\u016bt\u012bb\u0101 vienk\u0101r\u0161o runu las\u012bja no<strong> PAP\u012aR\u012a\u0160A<\/strong><em>(runa nebija slikta) <\/em>? Tas ir t\u0101p\u0113c, ka ne jau vi\u0146\u0161 \u0161o runu sarakst\u012bja. Vi\u0146\u0161 sav\u0101s run\u0101s izmanto cit\u0101tus no sve\u0161iem tekstiem. \u0160is noziedznieks pat non\u0101ca l\u012bdz t\u0101dam melu absurdam, ka vi\u0146\u0161 k\u0101d\u0101 video pazi\u0146a, ka <strong>Helsinki- 86<\/strong> dibin\u0101\u0161anas dokumentus esot sarakst\u012bjis vi\u0146\u0161, kaut ar mani vi\u0146\u0161 k\u0101d\u0101 v\u0113l\u0101 vakara stund\u0101 iepazin\u0101s tad, kad biju amnest\u0113ts un \u0161ie dokumenti<strong> JAU NOLAS\u012aTI VIS\u0100S Eiropas valod\u0101s <\/strong>pa visiem \u0101rzemju raid\u012bt\u0101jiem !!! K\u0101ds cits gad\u012bjums: pr\u0101vests <strong>Andrejs Kavacis Atmodas<\/strong> laik\u0101 <strong>Rubenim <\/strong>iedeva savu refer\u0101tu, lai vi\u0146\u0161 to nolasa k\u0101d\u0101 konferenc\u0113<strong> Maskav\u0101. A. Kava\u010da <\/strong>teksts guva lielu atsauc\u012bbu, bet tas <strong>\u201cinteresant\u0101kais\u201d,<\/strong> ka \u0161is<strong><em> rubenis<\/em><\/strong> to <strong>NOLAS\u012aJA SAV\u0100 V\u0100RD\u0100 <\/strong>! <\/p>\n\n\n\n<p class=\"has-white-color has-text-color has-background\" style=\"background-color:#07442e;font-size:19px\">Nu j\u0101 !!!, \u0161odien jau ir s\u0101tanisma kulmin\u0101cijas br\u012bdis un t\u0101p\u0113c tiek slavin\u0101ti tie\u0161i vi\u0146a kalpi ! <strong>Latvijas \u201catmodisti\u201d<\/strong> esot tautfrontie\u0161i ar \u013curbu- komunistu<strong> D. \u012avanu<\/strong> priek\u0161gal\u0101, p\u0113d\u0113jais di\u017eai disidents esot k\u0101ds<strong> Leo Hir\u0161sons<\/strong>, kur\u0161 bija saist\u012bts ar iero\u010du zag\u0161anu un p\u0101rdo\u0161anu, k\u0101 rezult\u0101t\u0101 tika noslepkavoti divi vi\u0146a d\u0113li\u2026, vien\u012bgas pieminek\u013ca cien\u012bgais disidents, kura <strong>VDK <\/strong>karte v\u0113l l\u012bdz \u0161odienai ir noslepenota, esot <strong>G. Astratjevs<\/strong><em>(Astra). <\/em>Toties akt\u012bvais <strong>Atmodas iniciators <\/strong>un <strong>14. j\u016bnija <\/strong>demonstr\u0101cijas organiz\u0113t\u0101js, <strong>H- 86<\/strong> dibin\u0101t\u0101js <strong>L. Granti\u0146\u0161, <\/strong>tiek neskait\u0101mas reizes ties\u0101ts \u0161aj\u0101 <strong>\u201c4. maija valstiskuma klub\u0101\u201d<\/strong> ! <\/p>\n\n\n\n<p class=\"has-white-color has-text-color has-background\" style=\"background-color:#07442e;font-size:19px\">Un skat\u2019 cik \u201ccien\u012bgi\u201d \u0161aj\u0101<strong> Rube\u0146a APBALVES<\/strong> balag\u0101n\u0101 s\u0113\u017e<strong> E. Levits,<\/strong> kur\u0161 vienperson\u012bgi pirms se\u0161iem gadiem parakst\u012bja <strong>ES<\/strong> pav\u0113li par<strong> L. Granti\u0146a <\/strong>arestu !!! T\u0101 teikt: \u012bsts sava t\u0113va ideju \u012bstenot\u0101js ! Raksta beig\u0101s video par<strong> Rubeni.<\/strong>.. .<\/p>\n\n\n\n<p class=\"has-white-color has-vivid-red-background-color has-text-color has-background\" style=\"font-size:23px\">Dievs, Tava Zeme deg !<\/p>\n\n\n\n<p><\/p>\n\n\n\n<figure class=\"wp-block-image size-large is-resized\"><img decoding=\"async\" loading=\"lazy\" src=\"https:\/\/tautastribunals.eu\/wp-content\/uploads\/2022\/02\/4..-maija-banda.-Grantins.-LRTT.png\" alt=\"\" class=\"wp-image-61601\" width=\"1450\" height=\"477\" srcset=\"https:\/\/tautastribunals.eu\/wp-content\/uploads\/2022\/02\/4..-maija-banda.-Grantins.-LRTT.png 800w, https:\/\/tautastribunals.eu\/wp-content\/uploads\/2022\/02\/4..-maija-banda.-Grantins.-LRTT-300x99.png 300w, https:\/\/tautastribunals.eu\/wp-content\/uploads\/2022\/02\/4..-maija-banda.-Grantins.-LRTT-768x252.png 768w\" sizes=\"(max-width: 1450px) 100vw, 1450px\" \/><figcaption><strong><span class=\"has-inline-color has-vivid-red-color\">4. maija varza, deklar\u0101cijas par OKUP\u0100CIJU ignor\u0113t\u0101ji, t\u0101tad, H\u0101gas TRIBUN\u0100LA pacienti ! <\/span><\/strong><\/figcaption><\/figure>\n\n\n\n<p style=\"font-size:23px\"><a href=\"https:\/\/touch.v6.facebook.com\/watch\/?v=1271789163254078&amp;_rdr\">https:\/\/touch.v6.facebook.com\/watch\/?v=1271789163254078&amp;_rdr<\/a><\/p>\n\n\n\n<figure class=\"wp-block-embed is-type-video is-provider-youtube wp-block-embed-youtube wp-embed-aspect-16-9 wp-has-aspect-ratio\"><div class=\"wp-block-embed__wrapper\">\n<div class=\"video-container\"><iframe loading=\"lazy\" title=\"L.Granti\u0146\u0161 par VDK darbinieku Juri Rubeni\" width=\"500\" height=\"281\" src=\"https:\/\/www.youtube.com\/embed\/DkBfJEyqw84?start=30&#038;feature=oembed&#038;wmode=opaque\" frameborder=\"0\" allow=\"accelerometer; autoplay; clipboard-write; encrypted-media; gyroscope; picture-in-picture\" allowfullscreen><\/iframe><\/div>\n<\/div><\/figure>\n\n\n\n<p>09.02.22<\/p>\n\n\n\n<p><\/p>\n\n\n\n<p><\/p>\n","protected":false},"excerpt":{"rendered":"<p>Latvijas Republikas neatkar\u012bbas atjauno\u0161anas 30. gadadien\u0101 R\u012bgas pil\u012b svin\u012bg\u0101 ceremonij\u0101 pirmo reizi pasniegta biedr\u012bbas \u00ab4. maija Deklar\u0101cijas klubs\u00bb iedibin\u0101t\u0101 Valstiskuma balva. To sa\u0146\u0113ma luter\u0101\u0146u gar\u012bdznieks un rakstnieks Juris Rubenis. https:\/\/www.facebook.com\/ugis.kalnins.92\/videos\/1201422233689798 \u0160eit k\u0101ds tr\u0101p\u012bgs koment\u0101rs&#46;&#46;&#46;<\/p>\n","protected":false},"author":1,"featured_media":61598,"comment_status":"open","ping_status":"open","sticky":false,"template":"","format":"standard","meta":[],"categories":[1],"tags":[],"_links":{"self":[{"href":"https:\/\/tautastribunals.eu\/index.php?rest_route=\/wp\/v2\/posts\/61595"}],"collection":[{"href":"https:\/\/tautastribunals.eu\/index.php?rest_route=\/wp\/v2\/posts"}],"about":[{"href":"https:\/\/tautastribunals.eu\/index.php?rest_route=\/wp\/v2\/types\/post"}],"author":[{"embeddable":true,"href":"https:\/\/tautastribunals.eu\/index.php?rest_route=\/wp\/v2\/users\/1"}],"replies":[{"embeddable":true,"href":"https:\/\/tautastribunals.eu\/index.php?rest_route=%2Fwp%2Fv2%2Fcomments&post=61595"}],"version-history":[{"count":11,"href":"https:\/\/tautastribunals.eu\/index.php?rest_route=\/wp\/v2\/posts\/61595\/revisions"}],"predecessor-version":[{"id":61610,"href":"https:\/\/tautastribunals.eu\/index.php?rest_route=\/wp\/v2\/posts\/61595\/revisions\/61610"}],"wp:featuredmedia":[{"embeddable":true,"href":"https:\/\/tautastribunals.eu\/index.php?rest_route=\/wp\/v2\/media\/61598"}],"wp:attachment":[{"href":"https:\/\/tautastribunals.eu\/index.php?rest_route=%2Fwp%2Fv2%2Fmedia&parent=61595"}],"wp:term":[{"taxonomy":"category","embeddable":true,"href":"https:\/\/tautastribunals.eu\/index.php?rest_route=%2Fwp%2Fv2%2Fcategories&post=61595"},{"taxonomy":"post_tag","embeddable":true,"href":"https:\/\/tautastribunals.eu\/index.php?rest_route=%2Fwp%2Fv2%2Ftags&post=61595"}],"curies":[{"name":"wp","href":"https:\/\/api.w.org\/{rel}","templated":true}]}}