{"id":61390,"date":"2022-01-03T16:49:28","date_gmt":"2022-01-03T14:49:28","guid":{"rendered":"https:\/\/tautastribunals.eu\/?p=61390"},"modified":"2022-01-04T11:00:50","modified_gmt":"2022-01-04T09:00:50","slug":"leonarda-inkina-deformeta-morale","status":"publish","type":"post","link":"https:\/\/tautastribunals.eu\/?p=61390","title":{"rendered":"Leonarda Inkina deform\u0113t\u0101 mor\u0101le(visur notiek paraz\u012btiska v\u0113stures vilto\u0161ana)"},"content":{"rendered":"\n<figure class=\"wp-block-image size-large is-resized\"><img decoding=\"async\" loading=\"lazy\" src=\"https:\/\/tautastribunals.eu\/wp-content\/uploads\/2021\/02\/melns.-www.tautastribunals.eu-14111-1-800x112.png\" alt=\"\" class=\"wp-image-59529\" width=\"1450\" height=\"203\" srcset=\"https:\/\/tautastribunals.eu\/wp-content\/uploads\/2021\/02\/melns.-www.tautastribunals.eu-14111-1-800x112.png 800w, https:\/\/tautastribunals.eu\/wp-content\/uploads\/2021\/02\/melns.-www.tautastribunals.eu-14111-1-300x42.png 300w, https:\/\/tautastribunals.eu\/wp-content\/uploads\/2021\/02\/melns.-www.tautastribunals.eu-14111-1-768x108.png 768w, https:\/\/tautastribunals.eu\/wp-content\/uploads\/2021\/02\/melns.-www.tautastribunals.eu-14111-1.png 950w\" sizes=\"(max-width: 1450px) 100vw, 1450px\" \/><\/figure>\n\n\n\n<figure class=\"wp-block-image size-large is-resized\"><img decoding=\"async\" loading=\"lazy\" src=\"https:\/\/tautastribunals.eu\/wp-content\/uploads\/2021\/11\/Meli.Grantins.Ivans_.LRTT_-1.png\" alt=\"\" class=\"wp-image-61239\" width=\"1450\" height=\"277\" srcset=\"https:\/\/tautastribunals.eu\/wp-content\/uploads\/2021\/11\/Meli.Grantins.Ivans_.LRTT_-1.png 800w, https:\/\/tautastribunals.eu\/wp-content\/uploads\/2021\/11\/Meli.Grantins.Ivans_.LRTT_-1-300x57.png 300w, https:\/\/tautastribunals.eu\/wp-content\/uploads\/2021\/11\/Meli.Grantins.Ivans_.LRTT_-1-768x147.png 768w\" sizes=\"(max-width: 1450px) 100vw, 1450px\" \/><\/figure>\n\n\n\n<figure class=\"wp-block-embed is-type-video is-provider-youtube wp-block-embed-youtube wp-embed-aspect-16-9 wp-has-aspect-ratio\"><div class=\"wp-block-embed__wrapper\">\n<div class=\"video-container\"><iframe loading=\"lazy\" title=\"Nelietis. Tie\u0161raide \u00abSv\u0113to nometne\u00bb\" width=\"500\" height=\"281\" src=\"https:\/\/www.youtube.com\/embed\/l0766Uklq3c?feature=oembed&#038;wmode=opaque\" frameborder=\"0\" allow=\"accelerometer; autoplay; clipboard-write; encrypted-media; gyroscope; picture-in-picture\" allowfullscreen><\/iframe><\/div>\n<\/div><\/figure>\n\n\n\n<p class=\"has-text-align-center has-white-color has-vivid-red-background-color has-text-color has-background\" style=\"font-size:22px\">Visur, kur vien iesp\u0113jams, notiek v\u0113sturisk\u0101s situ\u0101cijas sagroz\u012b\u0161ana. Vis\u0101da veida tre\u0161\u0161\u0137ir\u012bgas vai pat nodev\u012bgas Atmodas laika kreat\u016bras, cen\u0161as sevi atmazg\u0101t un ierindoties varo\u0146u k\u0101rt\u0101&#8230; \u0161ie <strong>\u012bv\u0101ni, kalnietes, ro\u017ekalni, rube\u0146i, \u0161teini, hir\u0161soni, lapsas, leviti&#8230;<\/strong><\/p>\n\n\n\n<p><\/p>\n\n\n\n<p class=\"has-white-color has-black-background-color has-text-color has-background\" style=\"font-size:19px\">Visa filma ir idiotisks vervel\u0113jums, jo terminu pretnostat\u012bjums ir neatbilsto\u0161s LIETAS B\u016aT\u012aBAI ! Neviens no run\u0101t\u0101jiem t\u0101 ar\u012b nepasac\u012bja \u0160\u012aS PASAULES uzdevumu cilv\u0113ka evol\u016bcijai. Tu, Inkin, veido filmu par ide\u0101lismu, pats st\u0101vot nesasniedzam\u0101 att\u0101lum\u0101 no \u0161\u012bs \u012aPA\u0160\u012aBAS. Vai atceries, ko Tu veici ar mani, kad Tev draud\u0113ja \u0161\u012b vara ? Tu mani apl\u0113ji ar vispret\u012bg\u0101kaj\u0101m draz\u0101m ! Tu interv\u0113ji t\u0101dus izdzimums k\u0101 Pupuru, \u0160teinu un Ro\u017ekalnu( vai p\u0101r\u0113jie bija lab\u0101ki, nezinu, jo nepaz\u012bstu vi\u0146us) !!! T\u0101dam Tomsonam ar\u012b\u00a0 nebija vieta film\u0101. Mani, \u0161eit nosaukt\u0101s personas, ir d\u0113v\u0113ju\u0161as par nelieti un \u010dekistu ! Es vi\u0146iem esmu v\u0113l liel\u0101ks ienaidnieks k\u0101 \u010dekistiem\u2026. , jo person\u012bgi zinu vi\u0146u neliet\u012bbas.<\/p>\n\n\n\n<p class=\"has-white-color has-black-background-color has-text-color has-background\" style=\"font-size:19px\">P\u0113c da\u013c\u0113j\u0101s MAISU atv\u0113r\u0161anas, \u0161ie nelie\u0161i apklusa. Ja vi\u0146i ir ide\u0101listi un patrioti, tad k\u0101p\u0113c vi\u0146u parakstus nevar atrast ne zem viena latvie\u0161u tautai svar\u012bga dokumenta ? Un k\u0101da gudrinieka sal\u012bdzin\u0101jums par paraz\u012btiem uz n\u012blzirga muguras, par\u0101d\u012bja ne tikai vi\u0146a pa\u0161a mu\u013c\u0137\u012bbu, bet visas tavas filmas absurdumu. <\/p>\n\n\n\n<p class=\"has-white-color has-black-background-color has-text-color has-background\" style=\"font-size:19px\">Es \u0161aj\u0101 sav\u0101rst\u012bjum\u0101 vair\u0101k saskat\u012bju manis piemin\u0113to kreat\u016bru ATMAZG\u0100\u0160ANU jaun\u0101s paaudzes priek\u0161\u0101, protams, ar\u012b da\u013cai vec\u0101s paaudzes, kuri nebija tie\u0161\u0101 saskarsm\u0113 ar akt\u012bvo Atmodu- sl\u0113pts v\u0113stures viltojums. T\u0101tad, filma ir paraz\u012btiska un mel\u012bga sav\u0101 DZI\u013b\u0100KAJ\u0100 B\u016aT\u012aB\u0100 ! K\u0101p\u0113c Tu man nejaut\u0101ji ? T\u0101p\u0113c, ka Tu esi viens no VI\u0145IEM, kuri savu g\u013c\u0113vumu piesedz ar IDE\u0100LISMA lozungu.<\/p>\n\n\n\n<p><\/p>\n\n\n\n<figure class=\"wp-block-embed is-type-wp-embed is-provider-iegult wp-block-embed-iegult\"><div class=\"wp-block-embed__wrapper\">\n<blockquote class=\"wp-embedded-content\" data-secret=\"n7McUAqMs3\"><a href=\"https:\/\/tautastribunals.eu\/?p=34700\">L. Inkins. God\u0101t\u0101 tiesa, es dom\u0101ju tikai labu, bet ir t\u0101ds LRTT&#8230;<\/a><\/blockquote><iframe class=\"wp-embedded-content\" sandbox=\"allow-scripts\" security=\"restricted\" style=\"position: absolute; clip: rect(1px, 1px, 1px, 1px);\" title=\"&#8220;L. Inkins. God\u0101t\u0101 tiesa, es dom\u0101ju tikai labu, bet ir t\u0101ds LRTT&#8230;&#8221; &#8212; \" src=\"https:\/\/tautastribunals.eu\/?p=34700&#038;embed=true#?secret=n7McUAqMs3\" data-secret=\"n7McUAqMs3\" width=\"500\" height=\"282\" frameborder=\"0\" marginwidth=\"0\" marginheight=\"0\" scrolling=\"no\"><\/iframe>\n<\/div><\/figure>\n\n\n\n<p>03.0122<\/p>\n","protected":false},"excerpt":{"rendered":"<p>Visur, kur vien iesp\u0113jams, notiek v\u0113sturisk\u0101s situ\u0101cijas sagroz\u012b\u0161ana. Vis\u0101da veida tre\u0161\u0161\u0137ir\u012bgas vai pat nodev\u012bgas Atmodas laika kreat\u016bras, cen\u0161as sevi atmazg\u0101t un ierindoties varo\u0146u k\u0101rt\u0101&#8230; \u0161ie \u012bv\u0101ni, kalnietes, ro\u017ekalni, rube\u0146i, \u0161teini, hir\u0161soni, lapsas, leviti&#8230; Visa&#46;&#46;&#46;<\/p>\n","protected":false},"author":1,"featured_media":56855,"comment_status":"open","ping_status":"open","sticky":false,"template":"","format":"standard","meta":[],"categories":[1],"tags":[],"_links":{"self":[{"href":"https:\/\/tautastribunals.eu\/index.php?rest_route=\/wp\/v2\/posts\/61390"}],"collection":[{"href":"https:\/\/tautastribunals.eu\/index.php?rest_route=\/wp\/v2\/posts"}],"about":[{"href":"https:\/\/tautastribunals.eu\/index.php?rest_route=\/wp\/v2\/types\/post"}],"author":[{"embeddable":true,"href":"https:\/\/tautastribunals.eu\/index.php?rest_route=\/wp\/v2\/users\/1"}],"replies":[{"embeddable":true,"href":"https:\/\/tautastribunals.eu\/index.php?rest_route=%2Fwp%2Fv2%2Fcomments&post=61390"}],"version-history":[{"count":6,"href":"https:\/\/tautastribunals.eu\/index.php?rest_route=\/wp\/v2\/posts\/61390\/revisions"}],"predecessor-version":[{"id":61401,"href":"https:\/\/tautastribunals.eu\/index.php?rest_route=\/wp\/v2\/posts\/61390\/revisions\/61401"}],"wp:featuredmedia":[{"embeddable":true,"href":"https:\/\/tautastribunals.eu\/index.php?rest_route=\/wp\/v2\/media\/56855"}],"wp:attachment":[{"href":"https:\/\/tautastribunals.eu\/index.php?rest_route=%2Fwp%2Fv2%2Fmedia&parent=61390"}],"wp:term":[{"taxonomy":"category","embeddable":true,"href":"https:\/\/tautastribunals.eu\/index.php?rest_route=%2Fwp%2Fv2%2Fcategories&post=61390"},{"taxonomy":"post_tag","embeddable":true,"href":"https:\/\/tautastribunals.eu\/index.php?rest_route=%2Fwp%2Fv2%2Ftags&post=61390"}],"curies":[{"name":"wp","href":"https:\/\/api.w.org\/{rel}","templated":true}]}}