{"id":61373,"date":"2021-12-30T20:23:15","date_gmt":"2021-12-30T18:23:15","guid":{"rendered":"https:\/\/tautastribunals.eu\/?p=61373"},"modified":"2021-12-30T20:23:16","modified_gmt":"2021-12-30T18:23:16","slug":"lato-lapsas-un-vladimira-lindermana-pretvalstiskais-tandems","status":"publish","type":"post","link":"https:\/\/tautastribunals.eu\/?p=61373","title":{"rendered":"Lato Lapsas un Vladimira Linderma\u0146a pretvalstiskais tand\u0113ms !"},"content":{"rendered":"\n<figure class=\"wp-block-image size-large is-resized\"><img decoding=\"async\" loading=\"lazy\" src=\"https:\/\/tautastribunals.eu\/wp-content\/uploads\/2021\/10\/L.Grantins.J.ZivertsBordansButansLRTT-1-800x116.png\" alt=\"\" class=\"wp-image-61036\" width=\"1450\" height=\"210\" srcset=\"https:\/\/tautastribunals.eu\/wp-content\/uploads\/2021\/10\/L.Grantins.J.ZivertsBordansButansLRTT-1-800x116.png 800w, https:\/\/tautastribunals.eu\/wp-content\/uploads\/2021\/10\/L.Grantins.J.ZivertsBordansButansLRTT-1-300x44.png 300w, https:\/\/tautastribunals.eu\/wp-content\/uploads\/2021\/10\/L.Grantins.J.ZivertsBordansButansLRTT-1-768x112.png 768w, https:\/\/tautastribunals.eu\/wp-content\/uploads\/2021\/10\/L.Grantins.J.ZivertsBordansButansLRTT-1.png 1073w\" sizes=\"(max-width: 1450px) 100vw, 1450px\" \/><\/figure>\n\n\n\n<figure class=\"wp-block-image size-large is-resized\"><img decoding=\"async\" loading=\"lazy\" src=\"https:\/\/tautastribunals.eu\/wp-content\/uploads\/2021\/12\/Vladimirs-Lindermanis.Grantins.LRTT_.png\" alt=\"\" class=\"wp-image-61383\" width=\"1450\" height=\"426\" srcset=\"https:\/\/tautastribunals.eu\/wp-content\/uploads\/2021\/12\/Vladimirs-Lindermanis.Grantins.LRTT_.png 800w, https:\/\/tautastribunals.eu\/wp-content\/uploads\/2021\/12\/Vladimirs-Lindermanis.Grantins.LRTT_-300x88.png 300w, https:\/\/tautastribunals.eu\/wp-content\/uploads\/2021\/12\/Vladimirs-Lindermanis.Grantins.LRTT_-768x226.png 768w\" sizes=\"(max-width: 1450px) 100vw, 1450px\" \/><\/figure>\n\n\n\n<p class=\"has-black-color has-text-color has-background\" style=\"background-color:#e5edf4;font-size:19px\"><strong><span class=\"has-inline-color has-vivid-red-color\">Inese Dreimane- Facebook\u00a0 19.07.20:<\/span><\/strong><em><span class=\"has-inline-color has-vivid-red-color\">\u00a0 <\/span>&#8220;Lato Lapsas vect\u0113vs Hado Lapsa bija kaism\u012bgs komunistu l\u012bdzskr\u0113j\u0113js, kas darboj\u0101s Latvijas teritorij\u0101 Otr\u0101 pasaules kara laik\u0101. No aculieciniekiem zin\u0101ms, ka musin\u0101ja tautu, pats izvair\u012bj\u0101s no dienesta le\u0123ion\u0101, mudin\u0101ja to dar\u012bt ar\u012b citus, bet topo\u0161\u0101 komunista karjera neizv\u0113rs\u0101s veiksm\u012bga, jo vi\u0146u no\u0137\u0113ra un \u201cpielika pie sienas\u201d 1944. gad\u0101. Lato Lapsas t\u0113vs Vito Lapsa ar\u012b bija komuniststs. T\u0101 karjera izv\u0113rt\u0101s krietni veiksm\u012bg\u0101ka k\u0101 priek\u0161g\u0101j\u0113jam. Vismaz l\u012bdz 1991. gadam. Princip\u0101 diezgan labi \u0161\u012b kunga dv\u0113seles saturu demonstr\u0113 vi\u0146a raksts 1991. gada 24. septembra izdevum\u0101 \u201cPilsonis\u201d, kur neatkar\u012bg\u0101s Latvijas vald\u012bba ir nod\u0113v\u0113ta par huntu, izsm\u0113j\u012bgi piemin\u0113ti 20. janv\u0101ra notikumi un citas lietas, kas liecina par liel\u0101m iek\u0161\u0113j\u0101m s\u0101p\u0113m, kas p\u0101r\u0146\u0113mu\u0161as \u0161o idejisko komunistu. Ar\u012b izteiksmes stils ir k\u0101 vi\u0146a d\u0113lam Lato. Kas grib\u0113s \u0161o publik\u0101ciju atrad\u012bs. Citiem v\u0101rdiem sakot- \u0101bols tik tie\u0161\u0101m no \u0101beles t\u0101lu nekr\u012bt ! Ir k\u013cuvis krietni skaidr\u0101ks, no kurienes Lato visu \u0161ito ir sas\u016bcies un vec\u0101s s\u0101pes turpina s\u0101p\u0113t\u2026&#8221; <\/em><\/p>\n\n\n\n<p class=\"has-black-color has-text-color has-background\" style=\"background-color:#e7edf2;font-size:19px\"><span class=\"has-inline-color has-vivid-red-color\"><strong>LRTT:<\/strong> <\/span>K\u0101 tas jau k\u013cuva zin\u0101ms t\u016bl\u012bt p\u0113c Atmodas, tad Lato tika redz\u0113ts, k\u0101 jauns z\u0113ni\u0146\u0161, \u201cskraid\u0101m\u201d kop\u0101 ar krievu <strong>KGB<\/strong>istiem. Tika ieg\u016btas pirm\u0101s iema\u0146as, lai n\u012bd\u0113tu <strong>NACION\u0100LO ATMODU<\/strong> ! Tas ar\u012b ir redzams vis\u0101 vi\u0146a \u0161odienas darb\u012bb\u0101. Vi\u0146a izdot\u0101s, <strong><span class=\"has-inline-color has-vivid-red-color\">meliem un puspaties\u012bb\u0101m <\/span><\/strong>pies\u0101r\u0146otaj\u0101s gr\u0101mat\u0101s, <strong>Latvijas<\/strong> n\u0101kotnei b\u016bs gr\u016bti atmazg\u0101jams traips. Vai nevienam neliek aizdom\u0101ties fakts, ka vi\u0146a gr\u0101mat\u0101 <strong>I. Ronis <\/strong>un <strong>L. Granti\u0146\u0161 <\/strong>tiek nod\u0113v\u0113ti par gar\u0101 v\u0101jiem ? Un atrodas t\u0101di, kas ekst\u0101z\u0113 <strong>siekalas r\u012bdami vi\u0146am dzied slavas dziesmas <\/strong>! Nav atrodams liel\u0101ks p\u0113c<strong>Atmoda<\/strong>s laika noziedznieks par<strong> L. Lapsu <\/strong>! Vi\u0146\u0161 ir \u012bsts <strong>stafilokoka bacilis<\/strong> latvie\u0161u tautas mies\u0101. <\/p>\n\n\n\n<p class=\"has-text-align-center has-black-color has-text-color has-background\" style=\"background-color:#e7edf2;font-size:23px\">Vi\u0146a port\u0101ls \u0161odien veic vismeln\u0101ko tautas k\u016bd\u012b\u0161anu ! <\/p>\n\n\n\n<p class=\"has-black-color has-text-color has-background\" style=\"background-color:#e7edf2;font-size:19px\">Tiek public\u0113ti pat tie, kuri dien\u0113ja okup\u0101cijas varas specvien\u012bb\u0101s un, iesp\u0113jams, ka pat \u0161\u0101va latvie\u0161us. <\/p>\n\n\n\n<p class=\"has-black-color has-text-color has-background\" style=\"background-color:#e7edf2;font-size:19px\"><strong>Covid <\/strong>tiek izmantots lai \u0161\u0137eltu sabiedr\u012bbu un att\u012br\u012btu ce\u013cu uz Putina <strong>\u201cparad\u012bzi\u201d<\/strong> ! Tiek public\u0113ts noziedznieka<em>(I. Godma\u0146a drauga)<\/em><strong> V. Linderma\u0146a<\/strong> raksts, kur\u0101 tiek pazi\u0146ots, ka no potes k\u0101dam vi\u0146a pazi\u0146am <strong>pl\u012bsusi art\u0113rija<\/strong> !!! Vai tu, latviet, saproti \u0161o idiotisma kalngalu !!! <strong>L. Lapsam <\/strong>nav vietas starp cilv\u0113kiem, jo ir \u013caun\u0101ks par jebkuru pl\u0113so\u0146u ! To apliecina vi\u0146a sen\u010du noziegumi pret cilv\u0113ci- it sevi\u0161\u0137i pret latvie\u0161u tautu !<\/p>\n\n\n\n<p class=\"has-text-align-center has-white-color has-vivid-red-background-color has-text-color has-background\" style=\"font-size:25px\">Dievs, atpest\u012b m\u016bs no \u0161iem izdzimumiem !<\/p>\n\n\n\n<p>30.12.21<\/p>\n\n\n\n<figure class=\"wp-block-image\"><img decoding=\"async\" src=\"https:\/\/www.pietiek.com\/img\/illustr_lg\/16032.jpg\" alt=\"Foto\"\/><\/figure>\n\n\n\n<h1><a href=\"https:\/\/www.pietiek.com\/raksti\/nobendeja,_maitas_laiks_partraukt_jeru_klusesanu\/\">\u201cNobend\u0113ja, maitas.\u201d Laiks p\u0101rtraukt j\u0113ru klus\u0113\u0161anu<\/a><\/h1>\n\n\n\n<p class=\"has-black-color has-text-color\" style=\"font-size:19px\"><small>Vladimirs Lindermans<br>27.12.2021.<br><a href=\"https:\/\/www.pietiek.com\/raksti\/nobendeja,_maitas_laiks_partraukt_jeru_klusesanu\/komentari\">Koment\u0101ri (116)<\/a><\/small><\/p>\n\n\n\n<p class=\"has-black-color has-text-color\" id=\"share\" style=\"font-size:19px\"><strong>Iesaki rakstu:<\/strong> <a href=\"https:\/\/twitter.com\/intent\/tweet?text=Iesaku: \u201cNobend\u0113ja, maitas.\u201d Laiks p\u0101rtraukt j\u0113ru klus\u0113\u0161anu&amp;url=http:\/\/www.pietiek.com\/raksti\/nobendeja,_maitas_laiks_partraukt_jeru_klusesanu\/\" target=\"_blank\" rel=\"noreferrer noopener\"><\/a> <a href=\"https:\/\/www.facebook.com\/share.php?u=http:\/\/www.pietiek.com\/raksti\/nobendeja,_maitas_laiks_partraukt_jeru_klusesanu\/\" target=\"_blank\" rel=\"noreferrer noopener\"><\/a> <a href=\"javascript:void(0)\"><\/a><\/p>\n\n\n\n<p class=\"has-black-color has-text-color\" style=\"font-size:19px\">Saska\u0146\u0101 ar ofici\u0101lo statistiku Latvijas iedz\u012bvot\u0101ji nemirst no pot\u0113m pret COVID-19. Pat par smag\u0101m komplik\u0101cij\u0101m nekas nav dzird\u0113ts. Tie visi ir meli. Man ir sakr\u0101ju\u0161ies da\u017ei st\u0101sti, kurus es pak\u0101peniski publisko\u0161u. Protams, ar tuvinieku at\u013cauju. Laiks p\u0101rtraukt \u201cj\u0113ru klus\u0113\u0161anu\u201d.<\/p>\n\n\n\n<p class=\"has-black-color has-text-color\" style=\"font-size:19px\">2021. gada 4. decembr\u012b nomira arhitekts un m\u0101kslinieks Aleksandrs Sahovs. Latvijas M\u0101kslas akad\u0113mijas un \u013be\u0146ingradas I\u013cjas Repina v\u0101rd\u0101 nosaukt\u0101 instit\u016bta absolvents. Starp vi\u0146a projektiem ir t\u0101di k\u0101 Arhitektu savien\u012bbas pansion\u0101ta \u0113ka J\u016brmal\u0101, Dobeles slimn\u012bcas \u0113ka, restor\u0101ns \u201cBaku\u201d R\u012bg\u0101.&nbsp;<\/p>\n\n\n\n<p class=\"has-black-color has-text-color\" style=\"font-size:19px\">3. decembr\u012b Sahovs izdar\u012bja pirmo poti ar vakc\u012bnu \u201cModerna\u201d. Pirms tam apmekl\u0113ja savu \u0123imenes \u0101rsti. \u0100rste atzina vi\u0146u par veselu un vakcin\u0101cijai der\u012bgu.<\/p>\n\n\n\n<p class=\"has-black-color has-text-color\" style=\"font-size:19px\">Vakar\u0101 p\u0113c potes Aleksandrs bija juties norm\u0101li. 4. decembr\u012b aizg\u0101ja uz veikalu, bet \u0101tri atgriez\u0101s. Sievai pateica, ka s\u0101k atteikt k\u0101jas un ir stipras s\u0101pes kr\u016bt\u012bs.<\/p>\n\n\n\n<p class=\"has-black-color has-text-color\" style=\"font-size:19px\">Agoniju neaprakst\u012b\u0161u. Nelai\u0137a atraitne Je\u013cena Sahova cit\u0113 vi\u0146a p\u0113d\u0113jos v\u0101rdus: \u201cEk, nobend\u0113ja, maitas, es t\u0101 grib\u0113ju v\u0113l padz\u012bvot\u2026\u201c<\/p>\n\n\n\n<p class=\"has-black-color has-text-color\" style=\"font-size:19px\">N\u0101vi konstat\u0113jus\u012b \u201c\u0101tr\u0101s pal\u012bdz\u012bbas\u201d \u0101rste saist\u012bja n\u0101ves faktu ar iepriek\u0161\u0113j\u0101 dien\u0101 sa\u0146emto vakc\u012bnu. Un nos\u016bt\u012bja attiec\u012bgo inform\u0101ciju uz Z\u0101\u013cu valsts a\u0123ent\u016bru.<\/p>\n\n\n\n<p class=\"has-black-color has-text-color\" style=\"font-size:19px\">Bet, protams, atzinum\u0101 par n\u0101ves c\u0113loni nav neviena v\u0101rda par vakc\u012bnu.<strong><span class=\"has-inline-color has-vivid-red-color\"> Diagnoze ir aortas aneirismas pl\u012bsums. <\/span><\/strong>Par to man pazi\u0146oja Je\u013cena Sahova.<\/p>\n\n\n\n<p class=\"has-black-color has-text-color\" style=\"font-size:19px\">Starp vakcin\u0101ciju un Aleksandra n\u0101vi pag\u0101ja viena diennakts. Hronisku asinsrites sist\u0113mas slim\u012bbu vi\u0146am nav bijis. Pirms vakcin\u0101cijas vi\u0146\u0161 apmekl\u0113ja \u0101rstu.<\/p>\n\n\n\n<p class=\"has-black-color has-text-color\" style=\"font-size:19px\">Es jaut\u0101ju vec\u0101s \u201cpirmskovida\u201d skolas dakterim jau gados, vai ir iesp\u0113jams, ka pote nek\u0101d\u0101 veid\u0101 nav saist\u012bta ar n\u0101vi, ka t\u0101 ir tikai sakrit\u012bba? \u201cViena iesp\u0113ja no miljona,\u201d atbild\u0113ja dakteris. Piebilstot, ka padomju laikos bija pietiekami daudz idiotisku \u201ckampa\u0146u\u201d, bet, ja cilv\u0113ks b\u016btu miris n\u0101kamaj\u0101 dien\u0101 p\u0113c potes, garant\u0113ti sekotu izmekl\u0113\u0161ana visaugst\u0101kaj\u0101 l\u012bmen\u012b.<\/p>\n\n\n\n<p class=\"has-black-color has-text-color\" style=\"font-size:19px\">\u0160\u0101 gada febru\u0101r\u012b Je\u013cena un Aleksandrs Sahovi p\u0101rslimoja ar COVID-19. Bet p\u0113c pusgada kop\u0161 atvese\u013co\u0161an\u0101s br\u012b\u017ea vi\u0146iem s\u0101ka regul\u0101ri zvan\u012bt no \u0101rstniec\u012bbas iest\u0101d\u0113m un atg\u0101din\u0101t, ka ir j\u0101veic pote.<\/p>\n\n\n\n<p class=\"has-black-color has-text-color\" style=\"font-size:19px\">P\u0113c Je\u013cenas v\u0101rdiem, Aleksandrs negrib\u0113ja vakcin\u0113ties. Vi\u0146\u0161 r\u016bp\u0113j\u0101s par savu vesel\u012bbu, tic\u0113ja dab\u012bg\u0101s imunit\u0101tes sp\u0113kam. Jo vair\u0101k t\u0101p\u0113c, ka jau p\u0101rslimoja. Savos 70 gados vi\u0146\u0161 bija pavisam vesels cilv\u0113ks. Aizg\u0101ja vakcin\u0113ties, b\u016bdams \u0101r\u0113jo apst\u0101k\u013cu spiests, lai izvair\u012btos no spiediena un ierobe\u017eojumiem, kam tiek pak\u013cauti nevakcin\u0113tie.<\/p>\n\n\n\n<p class=\"has-black-color has-text-color\" style=\"font-size:19px\">Akad\u0113misk\u0101s skolas zin\u0101tnieki jau kliedz piln\u0101 bals\u012b: p\u0101rslimoju\u0161\u0101 imunit\u0101te ir daudz augst\u0101ka nek\u0101 vakcin\u0113tajam! To apstiprina ar\u012b statistika. Nav vajadz\u012bbas pot\u0113t p\u0101rslimoju\u0161o! \u0160\u012b injekcija vi\u0146am nedos neko, iz\u0146emot vesel\u012bbas probl\u0113mas.<\/p>\n\n\n\n<p class=\"has-black-color has-text-color\" style=\"font-size:19px\">Ta\u010du uzp\u0113rkamie zin\u0101tniskie apkalpot\u0101ji, izpildot savu politisko un finansi\u0101lo saimnieku gribu, turpina iebor\u0113t cilv\u0113kiem, cik lieliski ir pievienot dab\u012bgajai imunit\u0101tei nedaudz vakc\u012bnas rad\u012bt\u0101s\u2026<\/p>\n\n\n\n<p class=\"has-black-color has-text-color\" style=\"font-size:19px\">Neap\u0161aub\u0101mi, ir noticis noziegums. Juristi padom\u0101s, k\u0101 prec\u012bz\u0101k to klasific\u0113t. Un ko var ies\u0101kt, lai pan\u0101ktu paties\u012bbu.<\/p>\n\n\n\n<p class=\"has-black-color has-text-color\" style=\"font-size:19px\">\u0160is nav vien\u012bgais gad\u012bjums. T\u0101du st\u0101stu nav maz. Cilv\u0113ki st\u0101sta tos cits citam, bet baid\u0101s uzst\u0101ties publiski. No Je\u013cenas Sahovas ieraksta soci\u0101lajos t\u012bklos 6. decembr\u012b, p\u0113c v\u012bra n\u0101ves:<\/p>\n\n\n\n<p class=\"has-black-color has-text-color\" style=\"font-size:19px\">\u00abKatru dienu m\u016bs inform\u0113 par saslimu\u0161o un slim\u012bbas d\u0113\u013c miru\u0161o skaitu, zi\u0146o par jaunajiem vakcin\u0113to cipariem, bet tikai sarun\u0101s, no mutes mut\u0113, tiek nodoti dz\u012bvi un baismi st\u0101sti par komplik\u0101cij\u0101m p\u0113c pot\u0113m.\u201d<\/p>\n\n\n\n<p class=\"has-black-color has-text-color\" style=\"font-size:19px\">Paldies Je\u013cenai, ka nav baid\u012bjusies. B\u016bs ar\u012b citi cilv\u0113ki, kas p\u0101rvar\u0113s bailes. Klus\u0113\u0161anas sazv\u0113rest\u012bba ir j\u0101izjauc.<\/p>\n","protected":false},"excerpt":{"rendered":"<p>Inese Dreimane- Facebook\u00a0 19.07.20:\u00a0 &#8220;Lato Lapsas vect\u0113vs Hado Lapsa bija kaism\u012bgs komunistu l\u012bdzskr\u0113j\u0113js, kas darboj\u0101s Latvijas teritorij\u0101 Otr\u0101 pasaules kara laik\u0101. No aculieciniekiem zin\u0101ms, ka musin\u0101ja tautu, pats izvair\u012bj\u0101s no dienesta le\u0123ion\u0101, mudin\u0101ja to&#46;&#46;&#46;<\/p>\n","protected":false},"author":1,"featured_media":61383,"comment_status":"open","ping_status":"open","sticky":false,"template":"","format":"standard","meta":[],"categories":[1],"tags":[],"_links":{"self":[{"href":"https:\/\/tautastribunals.eu\/index.php?rest_route=\/wp\/v2\/posts\/61373"}],"collection":[{"href":"https:\/\/tautastribunals.eu\/index.php?rest_route=\/wp\/v2\/posts"}],"about":[{"href":"https:\/\/tautastribunals.eu\/index.php?rest_route=\/wp\/v2\/types\/post"}],"author":[{"embeddable":true,"href":"https:\/\/tautastribunals.eu\/index.php?rest_route=\/wp\/v2\/users\/1"}],"replies":[{"embeddable":true,"href":"https:\/\/tautastribunals.eu\/index.php?rest_route=%2Fwp%2Fv2%2Fcomments&post=61373"}],"version-history":[{"count":9,"href":"https:\/\/tautastribunals.eu\/index.php?rest_route=\/wp\/v2\/posts\/61373\/revisions"}],"predecessor-version":[{"id":61384,"href":"https:\/\/tautastribunals.eu\/index.php?rest_route=\/wp\/v2\/posts\/61373\/revisions\/61384"}],"wp:featuredmedia":[{"embeddable":true,"href":"https:\/\/tautastribunals.eu\/index.php?rest_route=\/wp\/v2\/media\/61383"}],"wp:attachment":[{"href":"https:\/\/tautastribunals.eu\/index.php?rest_route=%2Fwp%2Fv2%2Fmedia&parent=61373"}],"wp:term":[{"taxonomy":"category","embeddable":true,"href":"https:\/\/tautastribunals.eu\/index.php?rest_route=%2Fwp%2Fv2%2Fcategories&post=61373"},{"taxonomy":"post_tag","embeddable":true,"href":"https:\/\/tautastribunals.eu\/index.php?rest_route=%2Fwp%2Fv2%2Ftags&post=61373"}],"curies":[{"name":"wp","href":"https:\/\/api.w.org\/{rel}","templated":true}]}}