{"id":61321,"date":"2021-12-11T21:42:01","date_gmt":"2021-12-11T19:42:01","guid":{"rendered":"https:\/\/tautastribunals.eu\/?p=61321"},"modified":"2021-12-11T21:46:38","modified_gmt":"2021-12-11T19:46:38","slug":"4-maija-lr-saeima-ir-noziedznieku-varza","status":"publish","type":"post","link":"https:\/\/tautastribunals.eu\/?p=61321","title":{"rendered":"4. maija LR Saeima ir noziedznieku varza"},"content":{"rendered":"\n<figure class=\"wp-block-image size-large is-resized\"><img decoding=\"async\" loading=\"lazy\" src=\"https:\/\/tautastribunals.eu\/wp-content\/uploads\/2019\/11\/www.tautastribunals.eu-12-800x112.png\" alt=\"\" class=\"wp-image-53856\" width=\"1447\" height=\"203\" srcset=\"https:\/\/tautastribunals.eu\/wp-content\/uploads\/2019\/11\/www.tautastribunals.eu-12-800x112.png 800w, https:\/\/tautastribunals.eu\/wp-content\/uploads\/2019\/11\/www.tautastribunals.eu-12-300x42.png 300w, https:\/\/tautastribunals.eu\/wp-content\/uploads\/2019\/11\/www.tautastribunals.eu-12-768x108.png 768w, https:\/\/tautastribunals.eu\/wp-content\/uploads\/2019\/11\/www.tautastribunals.eu-12.png 950w\" sizes=\"(max-width: 1447px) 100vw, 1447px\" \/><\/figure>\n\n\n\n<figure class=\"wp-block-image size-large is-resized\"><img decoding=\"async\" loading=\"lazy\" src=\"https:\/\/tautastribunals.eu\/wp-content\/uploads\/2021\/12\/Lasmane-Hirssons.GrantinsAtmoda.LRTT_-Kopie.png\" alt=\"\" class=\"wp-image-61323\" width=\"1450\" height=\"827\" srcset=\"https:\/\/tautastribunals.eu\/wp-content\/uploads\/2021\/12\/Lasmane-Hirssons.GrantinsAtmoda.LRTT_-Kopie.png 800w, https:\/\/tautastribunals.eu\/wp-content\/uploads\/2021\/12\/Lasmane-Hirssons.GrantinsAtmoda.LRTT_-Kopie-300x171.png 300w, https:\/\/tautastribunals.eu\/wp-content\/uploads\/2021\/12\/Lasmane-Hirssons.GrantinsAtmoda.LRTT_-Kopie-768x438.png 768w\" sizes=\"(max-width: 1450px) 100vw, 1450px\" \/><\/figure>\n\n\n\n<p class=\"has-text-align-center\" style=\"font-size:23px\"><a href=\"https:\/\/irliepaja.lv\/liepajnieki\/saeima-ka-pirmajam-nacionalas-pretosanas-kustibas-\/\">https:\/\/irliepaja.lv\/liepajnieki\/saeima-ka-pirmajam-nacionalas-pretosanas-kustibas-\/<\/a><\/p>\n\n\n\n<p class=\"has-text-align-center has-white-color has-text-color has-background\" style=\"background-color:#0d4f37;font-size:21px\"><em>Saeima \u0161odien (9.12.2021) nol\u0113ma <strong>Leo Hir\u0161sonu<\/strong> atz\u012bt par nacion\u0101l\u0101s preto\u0161an\u0101s kust\u012bbas dal\u012bbnieku, a\u0123ent\u016bru LETA inform\u0113ja parlamenta Preses dienest\u0101, zi\u0146o LETA. <\/em><\/p>\n\n\n\n<p class=\"has-black-color has-text-color has-background\" style=\"background-color:#eef6f3;font-size:19px\"><strong>LRTT:<\/strong> S\u0101ksim ar k\u0101du koment\u0101ru LRTT vietn\u0113: <em>\u201c\u201cVaronis\u201d, kur\u0161 nekad un ne reizi nav man\u012bts NEVIEN\u0100 VALSTS PARTIOTU san\u0101k\u0161an\u0101 vismaz p\u0101ri 25.gadu garum\u0101! Nekad nav protest\u0113jis pret <strong>4.maija bandas <\/strong>noziegumiem(k\u0101 visi lielie \u201cdisidenti\u201d)! Ne 16.mart\u0101, ne 14.j\u016bnij\u0101, ne 1.j\u016blij\u0101,ne 23.august\u0101,ne citos tautas san\u0101k\u0161anas reiz\u0113s?! Un <strong>PAR TO <\/strong>kli\u0137e t\u0101dus apbalvo \u2013 par netrauc\u0113tu tautas un valsts apzag\u0161anu.\u201d <\/em><\/p>\n\n\n\n<p class=\"has-black-color has-text-color has-background\" style=\"background-color:#eef6f3;font-size:19px\"><strong>L. Granti\u0146\u0161:<\/strong> Par \u0161o \u010dekas provokatoru jau sen ir rakst\u012bts \u00a0<a href=\"http:\/\/www.tautastribunals.eu\">www.tautastribunals.eu<\/a> K\u0101 jau <strong>LRTT<\/strong> koment\u0113t\u0101js saka, ka nekur nav nedz redz\u0113ts un ar\u012b ne dzird\u0113ts ! Un, vai ir k\u0101ds dokuments zem kura teksta b\u016btu las\u0101ms<strong> VI\u0145A<\/strong> v\u0101rds ? Nav ne redz\u0113ts, ne dzird\u0113ts un ar\u012b ne las\u0101ms !!! Tad, k\u0101di ir tie <strong>krit\u0113riji Saeimas deput\u0101tiem<\/strong>, kuri balsoja par \u0161\u012b augst\u0101 statusa pie\u0161\u0137ir\u0161anu \u0161im indiv\u012bdam ? \u00a0Kas tad ir \u0161is <strong>Leo Hir\u0161sons <\/strong>? Nekas vair\u0101k k\u0101 <strong>VDK rad\u012bt \u201cdisidents\u201d <\/strong>! Vi\u0146a darb\u012bba ir saist\u012bta ar naudas izkr\u0101p\u0161anu no pilso\u0146iem tirgo\u0161an\u0101s ar iero\u010diem <strong>Atmodas <\/strong>laik\u0101. Vi\u0146a kontrabandas darb\u012bbas rezult\u0101t\u0101 tika no\u0161auti divi vi\u0146a d\u0113li ! Vair\u0101k par to variet las\u012bt, ja <strong>LRTT i- vietnes <\/strong>mekl\u0113t\u0101j\u0101 ierakst\u012bsiet vi\u0146a v\u0101rdu\u2026 . Par to visu vi\u0146am p\u0113c aresta pien\u0101c\u0101s m\u016b\u017ea ieslodz\u012bjums\u2026un t\u0101 vi\u0146\u0161 <strong>VDK<\/strong> vad\u012bb\u0101 k\u013cuva par<strong> \u201cdisidentu\u201d<\/strong> ! <\/p>\n\n\n\n<p class=\"has-text-align-center has-black-color has-text-color has-background\" style=\"background-color:#eef6f3;font-size:22px\">Vi\u0146a uzdevums bija diskredit\u0113t \u012bstos patriotus ! <\/p>\n\n\n\n<p class=\"has-black-color has-text-color has-background\" style=\"background-color:#eef6f3;font-size:19px\">Vai m\u016bsu<strong> Saeimas <\/strong>deput\u0101ti ir interes\u0113ju\u0161ies par \u012bstajiem patriotiem, kur tie paliku\u0161i un, ka miru\u0161i piln\u012bg\u0101 nabadz\u012bb\u0101 ? N\u0113, vi\u0146i k\u0101 \u0113rces ir pies\u016bku\u0161ies \u0101rpr\u0101ta izmoc\u012btajai latvie\u0161u tautai un s\u016bku\u0161i t\u0101s dz\u012bv\u012bbas sulu uz neb\u0113du !!! M\u016b\u017e\u012bgie algas paaugstin\u0101jumi un paraz\u012btisk\u0101s, nekam nevajadz\u012bg\u0101s, darbavietas\u2026 . Vai ir pr\u0101tam aptverams, ka<strong> E. Levitam ir 61 pal\u012bgs <\/strong>?<strong> Latvijas valdo\u0161\u0101 kli\u0137e<\/strong> ir zag\u013cu un laup\u012bt\u0101ju banda, kurai vieta ir<strong>: M\u016a\u017dA IESLODZ\u012aJUMS<\/strong> ar mantas atsavin\u0101\u0161anu l\u012bdz radniec\u012bbas desmitajai pak\u0101pei ! Un te tad ar\u012b ir n\u0101ko\u0161\u0101 dilemma: Ja t\u0101di izdzimumi valda <strong>Latvij\u0101<\/strong>, tad<strong> 5. kolonnai<\/strong> tiek <strong>BRU\u0122\u0112TS CE\u013bS <\/strong>n\u0101ko\u0161aj\u0101s<strong> Saeimas<\/strong> v\u0113l\u0113\u0161an\u0101s, kuras m\u0113r\u0137is ir pievienoties m\u016bs v\u0113sturiskajam ienaidniekam- <strong>KREM\u013bA\u00a0 bandai <\/strong>!<\/p>\n\n\n\n<p class=\"has-text-align-center has-white-color has-text-color has-background has-large-font-size\" style=\"background-color:#13533b\">Dievs, TAVA zeme deg !<\/p>\n\n\n\n<p>11.12.21<\/p>\n\n\n\n<figure class=\"wp-block-image size-large is-resized\"><img decoding=\"async\" loading=\"lazy\" src=\"https:\/\/tautastribunals.eu\/wp-content\/uploads\/2021\/12\/Lasmane-Hirssons.GrantinsAtmoda.LRTT_-434x800.png\" alt=\"\" class=\"wp-image-61324\" width=\"1450\" height=\"2673\" srcset=\"https:\/\/tautastribunals.eu\/wp-content\/uploads\/2021\/12\/Lasmane-Hirssons.GrantinsAtmoda.LRTT_-434x800.png 434w, https:\/\/tautastribunals.eu\/wp-content\/uploads\/2021\/12\/Lasmane-Hirssons.GrantinsAtmoda.LRTT_-163x300.png 163w, https:\/\/tautastribunals.eu\/wp-content\/uploads\/2021\/12\/Lasmane-Hirssons.GrantinsAtmoda.LRTT_-768x1415.png 768w, https:\/\/tautastribunals.eu\/wp-content\/uploads\/2021\/12\/Lasmane-Hirssons.GrantinsAtmoda.LRTT_.png 800w\" sizes=\"(max-width: 1450px) 100vw, 1450px\" \/><\/figure>\n\n\n\n<p><\/p>\n\n\n\n<p><\/p>\n","protected":false},"excerpt":{"rendered":"<p>https:\/\/irliepaja.lv\/liepajnieki\/saeima-ka-pirmajam-nacionalas-pretosanas-kustibas-\/ Saeima \u0161odien (9.12.2021) nol\u0113ma Leo Hir\u0161sonu atz\u012bt par nacion\u0101l\u0101s preto\u0161an\u0101s kust\u012bbas dal\u012bbnieku, a\u0123ent\u016bru LETA inform\u0113ja parlamenta Preses dienest\u0101, zi\u0146o LETA. LRTT: S\u0101ksim ar k\u0101du koment\u0101ru LRTT vietn\u0113: \u201c\u201cVaronis\u201d, kur\u0161 nekad un ne reizi&#46;&#46;&#46;<\/p>\n","protected":false},"author":1,"featured_media":61323,"comment_status":"open","ping_status":"open","sticky":false,"template":"","format":"standard","meta":[],"categories":[1],"tags":[],"_links":{"self":[{"href":"https:\/\/tautastribunals.eu\/index.php?rest_route=\/wp\/v2\/posts\/61321"}],"collection":[{"href":"https:\/\/tautastribunals.eu\/index.php?rest_route=\/wp\/v2\/posts"}],"about":[{"href":"https:\/\/tautastribunals.eu\/index.php?rest_route=\/wp\/v2\/types\/post"}],"author":[{"embeddable":true,"href":"https:\/\/tautastribunals.eu\/index.php?rest_route=\/wp\/v2\/users\/1"}],"replies":[{"embeddable":true,"href":"https:\/\/tautastribunals.eu\/index.php?rest_route=%2Fwp%2Fv2%2Fcomments&post=61321"}],"version-history":[{"count":6,"href":"https:\/\/tautastribunals.eu\/index.php?rest_route=\/wp\/v2\/posts\/61321\/revisions"}],"predecessor-version":[{"id":61331,"href":"https:\/\/tautastribunals.eu\/index.php?rest_route=\/wp\/v2\/posts\/61321\/revisions\/61331"}],"wp:featuredmedia":[{"embeddable":true,"href":"https:\/\/tautastribunals.eu\/index.php?rest_route=\/wp\/v2\/media\/61323"}],"wp:attachment":[{"href":"https:\/\/tautastribunals.eu\/index.php?rest_route=%2Fwp%2Fv2%2Fmedia&parent=61321"}],"wp:term":[{"taxonomy":"category","embeddable":true,"href":"https:\/\/tautastribunals.eu\/index.php?rest_route=%2Fwp%2Fv2%2Fcategories&post=61321"},{"taxonomy":"post_tag","embeddable":true,"href":"https:\/\/tautastribunals.eu\/index.php?rest_route=%2Fwp%2Fv2%2Ftags&post=61321"}],"curies":[{"name":"wp","href":"https:\/\/api.w.org\/{rel}","templated":true}]}}