{"id":61122,"date":"2021-10-29T02:36:47","date_gmt":"2021-10-28T23:36:47","guid":{"rendered":"https:\/\/tautastribunals.eu\/?p=61122"},"modified":"2021-10-29T02:44:10","modified_gmt":"2021-10-28T23:44:10","slug":"kremla-iznireli-1940-g-pecteci-vairs-neslepjas","status":"publish","type":"post","link":"https:\/\/tautastribunals.eu\/?p=61122","title":{"rendered":"Krem\u013ca iznire\u013ci, 1940. g. &#8220;p\u0113cte\u010di&#8221; vairs nesl\u0113pjas(ANTIVAKSERU c\u012b\u0146a)"},"content":{"rendered":"\n<figure class=\"wp-block-image size-large is-resized\"><img decoding=\"async\" loading=\"lazy\" src=\"https:\/\/tautastribunals.eu\/wp-content\/uploads\/2021\/10\/L.Grantins.J.ZivertsBordansButansLRTT-1-800x116.png\" alt=\"\" class=\"wp-image-61036\" width=\"1450\" height=\"210\" srcset=\"https:\/\/tautastribunals.eu\/wp-content\/uploads\/2021\/10\/L.Grantins.J.ZivertsBordansButansLRTT-1-800x116.png 800w, https:\/\/tautastribunals.eu\/wp-content\/uploads\/2021\/10\/L.Grantins.J.ZivertsBordansButansLRTT-1-300x44.png 300w, https:\/\/tautastribunals.eu\/wp-content\/uploads\/2021\/10\/L.Grantins.J.ZivertsBordansButansLRTT-1-768x112.png 768w, https:\/\/tautastribunals.eu\/wp-content\/uploads\/2021\/10\/L.Grantins.J.ZivertsBordansButansLRTT-1.png 1073w\" sizes=\"(max-width: 1450px) 100vw, 1450px\" \/><\/figure>\n\n\n\n<p class=\"has-text-align-center has-white-color has-text-color has-background\" style=\"background-color:#0c4832;font-size:21px\">LRTT koment\u0101rs rakstam: Opoz\u012bcija iest\u0101jas pret oblig\u0101tu vakcin\u0101ciju; Mo\u017evillo aicina neie\u017e\u0113lin\u0101t ar miru\u0161ajiem\u00a0<em>(raksts nobeigum\u0101)<\/em><\/p>\n\n\n\n<p class=\"has-white-color has-text-color has-background\" style=\"background-color:#083927;font-size:19px\">Tu tikai skaties, k\u0101di mums \u012bsteni <strong>Latvijas gl\u0101b\u0113ji,<\/strong> t\u0101 teikt, \u012bstenie leti\u0146i- <strong>TAUTIE\u0160I: J. Stepa\u0146enko, R. Petr\u0101vi\u010da, M.\u00a0 Mo\u017evillo, R. Lo\u010dmele, V. Dombrovskis (biju\u0161ais Slaviks Golu\u0161\u010denko), N. U\u0161akovs &amp; Co !<\/strong> Tik dai\u013cskan\u012bgi latvie\u0161u <strong>LIETV\u0100RDI<\/strong>, ka m\u0113li uz ilgu laiku izn\u0101ks \u201ctaisnot\u201d, l\u012bdz var\u0113si atkal ats\u0101kt run\u0101t latviski ikdienas \u201csleng\u0101\u201d ! <\/p>\n\n\n\n<p class=\"has-white-color has-text-color has-background\" style=\"background-color:#083927;font-size:19px\">Un kas par c\u012b\u0146as sparu tautietei<strong> Stepa\u0146eno<\/strong>: \u201cM\u0113s dar\u012bsim visu, lai \u0161is likumprojekts tiktu apstr\u012bd\u0113ts visos veidos, k\u0101dos vien tas b\u016btu iesp\u0113jams&#8221;. Pot\u0113\u0161anu vis\u0101dos veidos<strong> SASKA\u0145A<\/strong> apstr\u012bd\u0113s, t\u0101pat k\u0101 okup\u0101ciju ! Viss \u0161\u012bs c\u012b\u0146as spars \u0146emts no <strong>Ja\u0146isa Urba\u0146\u0113vi\u010da<\/strong> \u00a0sarakst\u012bt\u0101s gr\u0101matas: <strong>\u201cLatvijas okup\u0101cijas filozofijas pamati\u201d, <\/strong>kur\u0101 vi\u0146\u0161 pazi\u0146o: <strong>\u201cOkup\u0101cija bija, bet okupanti nav !\u201d<\/strong> <\/p>\n\n\n\n<p class=\"has-white-color has-text-color has-background\" style=\"background-color:#083927;font-size:19px\">K\u0101ds <strong>Sic\u012blijas <\/strong>leti\u0146\u0161 <strong>Me\u017evillo <\/strong>vicinot \u0161pagu sauc: <strong>\u201cPotes negl\u0101bs dz\u012bv\u012bbu, bet \u201cministru paka\u013cas\u201d<\/strong> ! <\/p>\n\n\n\n<p class=\"has-white-color has-text-color has-background\" style=\"background-color:#083927;font-size:19px\"><strong>Saeimas Aizsardz\u012bbas,<\/strong> <strong>iek\u0161lietu un korupcijas<\/strong> nov\u0113r\u0161anas komisijas vad\u012bt\u0101js <strong>Juris Ranc\u0101ns<\/strong> (JKP) tika izsvilpts, jo uzdro\u0161in\u0101j\u0101s pazi\u0146ot: <strong>&#8220;J\u016bs motiv\u0113j\u0101t cilv\u0113kus nevakcin\u0113ties, minot visus iesp\u0113jamos, tostarp juridiskos iebildumus. Cik cilv\u0113ku j\u016bsu poz\u012bcijas d\u0113\u013c ir atliku\u0161i vakcin\u0113\u0161anos, saslimu\u0161i un non\u0101ku\u0161i slimn\u012bc\u0101s&#8221;. <\/strong><\/p>\n\n\n\n<p class=\"has-white-color has-text-color has-background\" style=\"background-color:#083927;font-size:19px\"><strong>Slaviks Golu\u0161\u010denko<em>(V. Dombrovskis) <\/em><\/strong>iesniedza protesta notu <strong>Saeimas vadonei M\u016brniecei,<\/strong> piebilstot, ka kopija tiks aizs\u016bt\u012bta <strong>Vladimiram Vladimirovi\u010dam <\/strong>! Cik saprotams, tad <strong>Vladimirs Vladimirovi\u010ds<\/strong> ar mums nek\u0101dus jokus nedz\u012bs- nogriez\u012bs g\u0101zes KR\u0100NU, ka nograb\u0113s vien !<\/p>\n\n\n\n<figure class=\"wp-block-image size-large is-resized\"><img decoding=\"async\" loading=\"lazy\" src=\"https:\/\/tautastribunals.eu\/wp-content\/uploads\/2021\/10\/tautas-glabeji-pagaidu-valdiba-Kopie.png\" alt=\"\" class=\"wp-image-61125\" width=\"1450\" height=\"770\" srcset=\"https:\/\/tautastribunals.eu\/wp-content\/uploads\/2021\/10\/tautas-glabeji-pagaidu-valdiba-Kopie.png 800w, https:\/\/tautastribunals.eu\/wp-content\/uploads\/2021\/10\/tautas-glabeji-pagaidu-valdiba-Kopie-300x159.png 300w, https:\/\/tautastribunals.eu\/wp-content\/uploads\/2021\/10\/tautas-glabeji-pagaidu-valdiba-Kopie-768x408.png 768w\" sizes=\"(max-width: 1450px) 100vw, 1450px\" \/><\/figure>\n\n\n\n<p class=\"has-white-color has-vivid-red-background-color has-text-color has-background\" style=\"font-size:32px\">\u0160is video par Slaviku-Latvijas gl\u0101b\u0113ju<\/p>\n\n\n\n<figure class=\"wp-block-embed is-type-video is-provider-youtube wp-block-embed-youtube wp-embed-aspect-4-3 wp-has-aspect-ratio\"><div class=\"wp-block-embed__wrapper\">\n<div class=\"video-container\"><iframe loading=\"lazy\" title=\"\u0411\u0438\u0442\u0432\u0430 \u0437\u0430 \u0441\u0432\u043e\u0431\u043e\u0434\u0443 2022. \u0427. 7. \u0414\u043e\u043c\u0431\u0440\u043e\u0432\u0441\u043a\u0438\u0439 - \u0423\u0448\u0430\u043a\u043e\u0432 \u0434\u043b\u044f \u0431\u0435\u0434\u043d\u044b\u0445\" width=\"500\" height=\"375\" src=\"https:\/\/www.youtube.com\/embed\/Efb_icBIeWM?start=42&#038;feature=oembed&#038;wmode=opaque\" frameborder=\"0\" allow=\"accelerometer; autoplay; clipboard-write; encrypted-media; gyroscope; picture-in-picture\" allowfullscreen><\/iframe><\/div>\n<\/div><\/figure>\n\n\n\n<p><\/p>\n\n\n\n<h1>Opoz\u012bcija iest\u0101jas pret oblig\u0101tu vakcin\u0101ciju; Mo\u017evillo aicina neie\u017e\u0113lin\u0101t ar miru\u0161ajiem&nbsp;<\/h1>\n\n\n\n<p><a href=\"https:\/\/www.delfi.lv\/news\/national\/politics\/opozicija-iestajas-pret-obligatu-vakcinaciju-mozvillo-aicina-neiezelinat-ar-mirusajiem.d?id=53724801&amp;com=1&amp;reg=1&amp;no=0&amp;s=1\">(49)<\/a><\/p>\n\n\n\n<figure class=\"wp-block-image is-resized\"><img decoding=\"async\" loading=\"lazy\" src=\"https:\/\/g1.delphi.lv\/images\/pix\/60x60\/CJh-YPNIXeY\/raivis-spalvens-53627047.jpg\" alt=\"Raivis Spalv\u0113ns\" width=\"174\" height=\"174\"\/><\/figure>\n\n\n\n<p class=\"has-text-align-center\" style=\"font-size:25px\"><a href=\"https:\/\/www.delfi.lv\/autori\/?id=53556241\">Raivis Spalv\u0113ns Nacion\u0101lo zi\u0146u noda\u013cas \u017eurn\u0101lists <\/a><a href=\"javascript:\">59<\/a><\/p>\n\n\n\n<figure class=\"wp-block-image\"><img decoding=\"async\" src=\"https:\/\/g4.delphi.lv\/images\/pix\/676x385\/bj7WxjEB04s\/maris-mozvillo-52880099.jpg\" alt=\"Opoz\u012bcija iest\u0101jas pret oblig\u0101tu vakcin\u0101ciju; Mo\u017evillo aicina neie\u017e\u0113lin\u0101t ar miru\u0161ajiem\"\/><figcaption>Foto: Saeimas administr\u0101cija<\/figcaption><\/figure>\n\n\n\n<p class=\"has-medium-font-size\">Ceturtdien <a href=\"https:\/\/www.delfi.lv\/temas\/saeima\" target=\"_blank\" rel=\"noreferrer noopener\">Saeima<\/a> konceptu\u0101li pauda atbalstu groz\u012bjumiem Covid-19 infekcijas izplat\u012bbas p\u0101rvald\u012bbas likum\u0101, paredzot pien\u0101kumu darba \u0146\u0113m\u0113jiem l\u012bdz 15. novembrim vakcin\u0113ties pret Covid-19. Min\u0113t\u0101s likuma izmai\u0146as izpeln\u012bj\u0101s visai skarbu opoz\u012bcijas deput\u0101tu kritiku.<\/p>\n\n\n\n<h1>Lasi v\u0113l<\/h1>\n\n\n\n<p class=\"has-medium-font-size\"><a href=\"https:\/\/www.delfi.lv\/news\/national\/politics\/saeima-konceptuali-atbalsta-noteikt-pienakumu-darba-nemejiem-vakcineties-pret-covid-19.d?id=53724435\"><\/a><a href=\"https:\/\/www.delfi.lv\/news\/national\/politics\/saeima-konceptuali-atbalsta-noteikt-pienakumu-darba-nemejiem-vakcineties-pret-covid-19.d?id=53724435\"> Saeima konceptu\u0101li atbalsta noteikt pien\u0101kumu darba \u0146\u0113m\u0113jiem vakcin\u0113ties pret Covid-19 <\/a><a href=\"https:\/\/www.delfi.lv\/news\/national\/politics\/saeima-konceptuali-atbalsta-noteikt-pienakumu-darba-nemejiem-vakcineties-pret-covid-19.d?id=53724435&amp;com=1&amp;reg=1\">(37)<\/a><a href=\"https:\/\/www.delfi.lv\/news\/national\/politics\/ministrijas-gatavo-priekslikumus-dzivei-pec-majsedes.d?id=53724159\"> <\/a><a href=\"https:\/\/www.delfi.lv\/news\/national\/politics\/ministrijas-gatavo-priekslikumus-dzivei-pec-majsedes.d?id=53724159\">Ministrijas gatavo priek\u0161likumus dz\u012bvei p\u0113c m\u0101js\u0113des <\/a><a href=\"https:\/\/www.delfi.lv\/news\/national\/politics\/ministrijas-gatavo-priekslikumus-dzivei-pec-majsedes.d?id=53724159&amp;com=1&amp;reg=1\">(18)<\/a><a href=\"https:\/\/www.delfi.lv\/news\/national\/politics\/saeima-konceptuali-atbalsta-kriminalatbildibu-par-viltota-covid-19-sertifikata-iegusanu.d?id=53723691\"> <\/a><a href=\"https:\/\/www.delfi.lv\/news\/national\/politics\/saeima-konceptuali-atbalsta-kriminalatbildibu-par-viltota-covid-19-sertifikata-iegusanu.d?id=53723691\">Saeima konceptu\u0101li atbalsta krimin\u0101latbild\u012bbu par viltota Covid-19 sertifik\u0101ta ieg\u016b\u0161anu <\/a><a href=\"https:\/\/www.delfi.lv\/news\/national\/politics\/saeima-konceptuali-atbalsta-kriminalatbildibu-par-viltota-covid-19-sertifikata-iegusanu.d?id=53723691&amp;com=1&amp;reg=1\">(5)<\/a><\/p>\n\n\n\n<p class=\"has-medium-font-size\">Deput\u0101te J\u016blija Stepa\u0146enko nor\u0101d\u012bja, ka likumprojekts &#8220;spie\u017e cilv\u0113kus vakcin\u0113ties&#8221;, lai tikai vi\u0146i saglab\u0101tu darbu. Deput\u0101tes ieskat\u0101, likumprojekts sabiedr\u012bb\u0101 tiek uztverts neviennoz\u012bm\u012bgi un \u013coti negat\u012bvi.<\/p>\n\n\n\n<p class=\"has-medium-font-size\">&#8220;<a href=\"https:\/\/www.delfi.lv\/news\/national\/politics\/saeima-konceptuali-atbalsta-noteikt-pienakumu-darba-nemejiem-vakcineties-pret-covid-19.d?id=53724435\" target=\"_blank\" rel=\"noreferrer noopener\">\u0160is likumprojekts<\/a>, ar kuru tiek m\u0113\u0123in\u0101ts apiet darba tiesisk\u0101s attiec\u012bbas, nepaliks bez uzman\u012bbas ar\u012b no visu nepiecie\u0161amo iest\u0101\u017eu puses. M\u0113s dar\u012bsim visu, lai \u0161is likumprojekts tiktu apstr\u012bd\u0113ts visos veidos, k\u0101dos vien tas b\u016btu iesp\u0113jams,&#8221; uzsv\u0113ra Stepa\u0146enko.<\/p>\n\n\n\n<p class=\"has-medium-font-size\">Savuk\u0101rt deput\u0101tes <a href=\"https:\/\/www.delfi.lv\/temas\/ramona-petravica\" target=\"_blank\" rel=\"noreferrer noopener\">Ramonas Petravi\u010das<\/a> (&#8220;Neatkar\u012bgie&#8221;) v\u0113rt\u0113jum\u0101, likumprojekts sagrauj vienl\u012bdz\u012bgas ties\u012bbas uz darbu un \u0161o ties\u012bbu aizsardz\u012bbas principus. Vi\u0146a uzskata, ka likumprojekts diskrimin\u0113 tos cilv\u0113kus, kas nav vald\u012bbas elektor\u0101ts.<\/p>\n\n\n\n<p class=\"has-medium-font-size\">Ar\u012b deput\u0101ts M\u0101ris Mo\u017evillo (&#8220;Neatkar\u012bgie&#8221;) kritiz\u0113ja likumprojektu, nor\u0101dot, ka tas negl\u0101bs cilv\u0113ku dz\u012bv\u012bbas, bet gan gl\u0101bs &#8220;da\u017ea laba par sevi pa\u0161p\u0101rliecin\u0101ta ministra paka\u013cu vai ar\u012b kaut k\u0101da biznesa projekta turpm\u0101ko norisi&#8221;.<\/p>\n\n\n\n<p class=\"has-medium-font-size\">&#8220;Nevajag ie\u017e\u0113lin\u0101t tagad deput\u0101tus, ka slimn\u012bc\u0101s mirst un ir \u0161ausmas. Slimn\u012bc\u0101s mirst ar\u012b no gripas, slimn\u012bc\u0101s mirst no v\u0113\u017ea, slimn\u012bc\u0101 mirst no \u013coti daudz\u0101m cit\u0101m slim\u012bb\u0101m, par kur\u0101m, kas nav modes slim\u012bbas, \u0161obr\u012bd neviens nerun\u0101,&#8221; aicin\u0101ja Mo\u017evillo.<\/p>\n\n\n\n<p class=\"has-medium-font-size\">Saeimas Aizsardz\u012bbas, iek\u0161lietu un korupcijas nov\u0113r\u0161anas komisijas vad\u012bt\u0101js Juris Ranc\u0101ns (JKP) v\u0113rs\u0101s pie opoz\u012bcijas deput\u0101tiem ar aicin\u0101jumu apzin\u0101ties savu atbild\u012bbu zemaj\u0101 vakcin\u0101cijas aptver\u0113. &#8220;J\u016bs motiv\u0113j\u0101t cilv\u0113kus nevakcin\u0113ties, minot visus iesp\u0113jamos, tostarp juridiskos iebildumus. Cik cilv\u0113ku j\u016bsu poz\u012bcijas d\u0113\u013c ir atliku\u0161i vakcin\u0113\u0161anos, saslimu\u0161i un non\u0101ku\u0161i slimn\u012bc\u0101s,&#8221; uzsv\u0113ra Ranc\u0101ns.<\/p>\n\n\n\n<p class=\"has-medium-font-size\">Vi\u0146\u0161 mudin\u0101ja opoz\u012bcijas deput\u0101tus uzrun\u0101t savu elektor\u0101tu ar aicin\u0101jumu vakcin\u0113ties pret Covid-19.<\/p>\n\n\n\n<p class=\"has-medium-font-size\">Deput\u0101ta Vja\u010deslava Dombrovska ieskat\u0101, likumprojekts nesasniegs m\u0113r\u0137i mazin\u0101t Covid-19 infekcijas izplat\u012bbu un slimn\u012bcu noslodzi, jo uzsvars b\u016btu j\u0101liek tie\u0161i uz senioru vakcin\u0101cijas veicin\u0101\u0161anu. Deput\u0101ts sac\u012bja, ka vakcin\u0113\u0161an\u0101s negarant\u0113 nesaslim\u0161anu ar Covid-19, bet vakc\u012bna var pasarg\u0101t no smagas saslim\u0161anas, hospitaliz\u0101cijas un iesp\u0113jamas n\u0101ves. Vi\u0146\u0161 atk\u0101rtoti uzsv\u0113ra, ka visi sp\u0113ki b\u016btu j\u0101koncentr\u0113 uz senioru vakcin\u0101ciju.<\/p>\n\n\n\n<p class=\"has-medium-font-size\">Deput\u0101te Reg\u012bna Lo\u010dmele (S) kritiz\u0113ja koal\u012bcijas partneru neieklaus\u012b\u0161anos opoz\u012bcijas deput\u0101tu priek\u0161likumos Covid-19 kr\u012bzes risin\u0101\u0161an\u0101. Vi\u0146a inform\u0113ja par &#8220;Saska\u0146as&#8221; frakcijas priek\u0161likumiem kr\u012bzes risin\u0101\u0161an\u0101, proti, intensific\u0113t riska grupu vakcin\u0101ciju. P\u0113c Lo\u010dmeles teikt\u0101, to var pan\u0101kt, aktiviz\u0113jot \u0123imenes \u0101rstu iesaisti senioru apzin\u0101\u0161an\u0101, \u0161im m\u0113r\u0137im novirzot papildus l\u012bdzek\u013cus. T\u0101pat &#8220;Saska\u0146a&#8221; uzskata, ka ar senioriem ir j\u0101run\u0101 vi\u0146iem saprotam\u0101 valod\u0101, k\u0101 ar\u012b j\u0101nodro\u0161ina vakcin\u0101cijas iesp\u0113ja m\u0101j\u0101s. Vienlaikus &#8220;Saska\u0146ai&#8221; ir priek\u0161likumi ar Covid-19 infic\u0113to apr\u016bpei un smagi saslimu\u0161o gl\u0101b\u0161anai.<\/p>\n\n\n\n<p class=\"has-medium-font-size\">Taj\u0101 pa\u0161\u0101 laik\u0101 Lo\u010dmele atzin\u012bgi v\u0113rt\u0113ja likumprojekt\u0101 paredz\u0113to iesp\u0113ju sa\u0146emt kompens\u0101ciju par Covid-19 vakc\u012bnu par izrais\u012bto blakuspar\u0101d\u012bbu nodar\u012bto smago kait\u0113jumu. Savuk\u0101rt deput\u0101te Evija Papule aicin\u0101ja papildin\u0101t likumu ar punktu, ka personai pien\u0101ktos vesel\u012bbas apdro\u0161in\u0101\u0161ana gad\u012bjum\u0101, ja tai no vakcin\u0101cijas rastos vesel\u012bbas blakus par\u0101d\u012bbas. &#8220;Varb\u016bt \u0161\u0101du iesp\u0113ju nov\u0113rt\u0113s tie, kuri baid\u0101s no iesp\u0113jam\u0101m sek\u0101m,&#8221; sac\u012bja Papule.<\/p>\n\n\n\n<p class=\"has-medium-font-size\">Jau zi\u0146ots, ka Saeima ceturtdien pirmaj\u0101 las\u012bjum\u0101 atbalst\u012bja groz\u012bjumus Covid-19 infekcijas izplat\u012bbas p\u0101rvald\u012bbas likum\u0101, paredzot pien\u0101kumu darba \u0146\u0113m\u0113jiem l\u012bdz 15. novembrim vakcin\u0113ties pret Covid-19. Par likuma izmai\u0146\u0101m balsoja 49 deput\u0101ti, pret bija devi\u0146i, bet balsojum\u0101 attur\u0113j\u0101s &#8211; 15.<\/p>\n\n\n\n<p>29.10.21<\/p>\n\n\n\n<p><\/p>\n","protected":false},"excerpt":{"rendered":"<p>LRTT koment\u0101rs rakstam: Opoz\u012bcija iest\u0101jas pret oblig\u0101tu vakcin\u0101ciju; Mo\u017evillo aicina neie\u017e\u0113lin\u0101t ar miru\u0161ajiem\u00a0(raksts nobeigum\u0101) Tu tikai skaties, k\u0101di mums \u012bsteni Latvijas gl\u0101b\u0113ji, t\u0101 teikt, \u012bstenie leti\u0146i- TAUTIE\u0160I: J. Stepa\u0146enko, R. Petr\u0101vi\u010da, M.\u00a0 Mo\u017evillo, R.&#46;&#46;&#46;<\/p>\n","protected":false},"author":1,"featured_media":61125,"comment_status":"open","ping_status":"open","sticky":false,"template":"","format":"standard","meta":[],"categories":[1],"tags":[],"_links":{"self":[{"href":"https:\/\/tautastribunals.eu\/index.php?rest_route=\/wp\/v2\/posts\/61122"}],"collection":[{"href":"https:\/\/tautastribunals.eu\/index.php?rest_route=\/wp\/v2\/posts"}],"about":[{"href":"https:\/\/tautastribunals.eu\/index.php?rest_route=\/wp\/v2\/types\/post"}],"author":[{"embeddable":true,"href":"https:\/\/tautastribunals.eu\/index.php?rest_route=\/wp\/v2\/users\/1"}],"replies":[{"embeddable":true,"href":"https:\/\/tautastribunals.eu\/index.php?rest_route=%2Fwp%2Fv2%2Fcomments&post=61122"}],"version-history":[{"count":5,"href":"https:\/\/tautastribunals.eu\/index.php?rest_route=\/wp\/v2\/posts\/61122\/revisions"}],"predecessor-version":[{"id":61129,"href":"https:\/\/tautastribunals.eu\/index.php?rest_route=\/wp\/v2\/posts\/61122\/revisions\/61129"}],"wp:featuredmedia":[{"embeddable":true,"href":"https:\/\/tautastribunals.eu\/index.php?rest_route=\/wp\/v2\/media\/61125"}],"wp:attachment":[{"href":"https:\/\/tautastribunals.eu\/index.php?rest_route=%2Fwp%2Fv2%2Fmedia&parent=61122"}],"wp:term":[{"taxonomy":"category","embeddable":true,"href":"https:\/\/tautastribunals.eu\/index.php?rest_route=%2Fwp%2Fv2%2Fcategories&post=61122"},{"taxonomy":"post_tag","embeddable":true,"href":"https:\/\/tautastribunals.eu\/index.php?rest_route=%2Fwp%2Fv2%2Ftags&post=61122"}],"curies":[{"name":"wp","href":"https:\/\/api.w.org\/{rel}","templated":true}]}}